{"id":282578,"date":"2026-06-21T11:48:24","date_gmt":"2026-06-21T11:48:24","guid":{"rendered":"https:\/\/www.europesays.com\/fi\/282578\/"},"modified":"2026-06-21T11:48:24","modified_gmt":"2026-06-21T11:48:24","slug":"helsingin-rujoja-katutaidekeskittymia-puretaan-mutta-kuinka-kay-graffitien-kulttuuri","status":"publish","type":"post","link":"https:\/\/www.europesays.com\/fi\/282578\/","title":{"rendered":"Helsingin rujoja katutaidekeskittymi\u00e4 puretaan, mutta kuinka k\u00e4y graffitien? | Kulttuuri"},"content":{"rendered":"<ul class=\"aw__sc-1yb43iq-0 gFXHv yle__article__list yle__article__list--ul\">\n<li class=\"aw__sc-1yb43iq-1 gVAzbt\">Myyrm\u00e4en Liesikujan pys\u00e4k\u00f6intitalo puretaan l\u00e4hitulevaisuudessa. Sen my\u00f6t\u00e4 katoaa vuosikymmenten aikana syntynyt katutaide.<\/li>\n<li class=\"aw__sc-1yb43iq-1 gVAzbt\">Mik\u00e4\u00e4n virallinen taho ei ole tallentanut Liesikujan katutaidetta, toisin kuin Suvilahden skeittiparkin graffiteja.<\/li>\n<li class=\"aw__sc-1yb43iq-1 gVAzbt\">Katutaiteen asiantuntijan mukaan v\u00e4liaikaisuus kuuluu katutaiteeseen.<\/li>\n<\/ul>\n<p class=\"aw__sc-1qwuw0s-0 aw__sc-ngllmo-0 epAWpq fzYpjk yle__article__paragraph\">\u201dOn kuin tulisi slummiin.\u201d<\/p>\n<p class=\"aw__sc-1qwuw0s-0 aw__sc-ngllmo-0 epAWpq fzYpjk yle__article__paragraph\">N\u00e4in<a class=\"aw__sc-ngllmo-1 bTDnwX yle__article__link\" href=\"https:\/\/www.kirkkojakaupunki.fi\/-\/vaarallinen-pysakointitalo\" role=\"link\" rel=\"nofollow noopener\" target=\"_blank\"> luonnehti<\/a> Liesikujan pys\u00e4k\u00f6intitaloa kiukustunut Kirkko ja Kaupunki -lehden lukija jo vuonna 2010. Monelle Myyrm\u00e4en juna-aseman kupeessa sijaitseva rapistunut parkkihalli n\u00e4ytt\u00e4ytyy varsin ep\u00e4miellytt\u00e4v\u00e4n\u00e4 paikkana. Sielt\u00e4 l\u00f6ytyy j\u00e4lki\u00e4 niin huumeiden k\u00e4yt\u00f6st\u00e4 kuin vandalismistakin: rikottuja ovia, lasinsirpaleita, roskaa. Kokonaisvaikutelma on liev\u00e4sti sanottuna ep\u00e4siisti.<\/p>\n<p><img decoding=\"async\" alt=\"Myyrm\u00e4en aseman parkkihallin katutaidetta. \" src=\"https:\/\/www.europesays.com\/fi\/wp-content\/uploads\/2026\/06\/1781162555.jpeg\" loading=\"lazy\" class=\"aw__sc-dklauk-0 LPzKX\"\/><\/p>\n<p>Avaa kuvien katselu<\/p>\n<p>Parkkihallista l\u00f6ytyy monentasoista ja -laatuista graffititaidetta useamman vuosikymmenen ajalta.  Kuva: Jussi Mankkinen \/ Yle<img decoding=\"async\" alt=\"Myyrm\u00e4en aseman parkkihallin katutaidetta. \" src=\"https:\/\/www.europesays.com\/fi\/wp-content\/uploads\/2026\/06\/1781162549.jpeg\" loading=\"lazy\" class=\"aw__sc-dklauk-0 LPzKX\"\/><\/p>\n<p>Avaa kuvien katselu<\/p>\n<p>T\u00e4m\u00e4 uunituore teos on syntynyt aivan \u00e4skett\u00e4in.  Kuva: Jussi Mankkinen \/ Yle<\/p>\n<p class=\"aw__sc-1qwuw0s-0 aw__sc-ngllmo-0 epAWpq fzYpjk yle__article__paragraph\">Toisaalta kolmikerroksinen parkkihalli antaa erinomaisen katsauksen ep\u00e4viralliseen katutaiteeseen. Hallista l\u00f6ytyy huimaava m\u00e4\u00e4r\u00e4 monimuotoista katutaidetta, jota katoaa ja syntyy nopean rotaation tahtiin. T\u00e4t\u00e4 juttua tehdess\u00e4 hallin toisen kerroksen sein\u00e4\u00e4n oli ilmestynyt taidokas ja uutuuttaan hohkaava maalaus, joka viel\u00e4 tuoksui vahvasti spraymaalilta.<\/p>\n<p>Katutaiteesen kuuluu v\u00e4liaikaisuus<\/p>\n<p class=\"aw__sc-1qwuw0s-0 aw__sc-ngllmo-0 epAWpq fzYpjk yle__article__paragraph\">Kuluneita pintoja, haalistuneita v\u00e4rej\u00e4 ja sotkemisen j\u00e4lki\u00e4, jotka useimmiten on tehty paksuilla mustilla viivoilla. Osalle Liesikujan pys\u00e4k\u00f6intitalon varsin hienoistakin taiteellisista tuotoksista on k\u00e4ynyt kalpaten, eik\u00e4 niiden alkuper\u00e4isest\u00e4 ilmeest\u00e4 ole j\u00e4\u00e4nyt j\u00e4lkipolville en\u00e4\u00e4 juuri mit\u00e4\u00e4n katsottavaa tai ihmetelt\u00e4v\u00e4\u00e4.<\/p>\n<p class=\"aw__sc-1qwuw0s-0 aw__sc-ngllmo-0 epAWpq fzYpjk yle__article__paragraph\">N\u00e4in on itse asiassa k\u00e4ym\u00e4ss\u00e4 koko rujolle parkkihallille. Se puretaan ja samalla katoaa palanen useamman vuosikymmenenen aikana syntynytt\u00e4 kaupunkikulttuuria.<\/p>\n<p class=\"aw__sc-1qwuw0s-0 aw__sc-ngllmo-0 epAWpq fzYpjk yle__article__paragraph\">\u2013 Katutaiteeseen kuuluu v\u00e4liaikaisuus, joka toisaalta osaltaan my\u00f6s mahdollistaa t\u00e4llaisen toiminnan. Kukaan Liesikujalla k\u00e4yneist\u00e4 ei varmaan oleta, ett\u00e4 h\u00e4nen maalauksensa s\u00e4ilyy siell\u00e4 loputtomiin, katutaiteeseen erikoistuneen Helsinki Urban Art -j\u00e4rjest\u00f6n toiminnanjohtaja <strong class=\"aw__sc-ngllmo-2 gdRrun yle__article__strong\">Jaakko Blomberg<\/strong> summaa.<\/p>\n<p><img decoding=\"async\" alt=\"Myyrm\u00e4en aseman parkkihallin katutaidetta. \" src=\"https:\/\/www.europesays.com\/fi\/wp-content\/uploads\/2026\/06\/1781162548.jpeg\" loading=\"lazy\" class=\"aw__sc-dklauk-0 LPzKX\"\/><\/p>\n<p>Avaa kuvien katselu<\/p>\n<p>Parkkihallin ylimm\u00e4lt\u00e4 tasolta l\u00f6ytyy open air -galleria.  Kuva: Jussi Mankkinen \/ Yle<img decoding=\"async\" alt=\"\" src=\"https:\/\/www.europesays.com\/fi\/wp-content\/uploads\/2026\/06\/13-85-0c60d30abbb14a5785baef26987c84a4.jpeg\" class=\"aw__sc-1e8lhik-0 ktYice\"\/><\/p>\n<p class=\"aw__sc-1qwuw0s-0 aw__sc-ngllmo-0 epAWpq fzYpjk yle__article__paragraph\">Ylimm\u00e4n kerroksen n\u00e4kymi\u00e4.<\/p>\n<p class=\"aw__sc-1qwuw0s-0 aw__sc-ngllmo-0 epAWpq fzYpjk yle__article__paragraph\">Blombergin mukaan suomalaisissa kaupungeissa katutaiteen tekemisess\u00e4 toistuu usein tietynlainen kaava.<\/p>\n<p class=\"aw__sc-1qwuw0s-0 aw__sc-ngllmo-0 epAWpq fzYpjk yle__article__paragraph\">\u2013 Tavallaan maalattaviksi annetaan sellaisia kohteita joista tiedet\u00e4\u00e4n, ettei niill\u00e4 ole en\u00e4\u00e4 kovin montaa elinvuotta j\u00e4ljell\u00e4.<\/p>\n<p class=\"aw__sc-1qwuw0s-0 aw__sc-ngllmo-0 epAWpq fzYpjk yle__article__paragraph\">Poikkeuksena t\u00e4h\u00e4n on Helsingin It\u00e4-Pasila, josta on muodostunut virallisen katutaiteen pysyv\u00e4mpi kohde, ja jossa muraaleja my\u00f6s huolletaan.<\/p>\n<p class=\"aw__sc-1qwuw0s-0 aw__sc-ngllmo-0 epAWpq fzYpjk yle__article__paragraph\">\u2013 Osa teoksista oli kokenut sen verran kovia, ett\u00e4 k\u00e4vimme t\u00e4n\u00e4 kev\u00e4\u00e4n\u00e4 restauroimassa niit\u00e4 parempaan kuosiin. Tosin emme tee t\u00e4llaista kovinkaan aktiivisesti tai mitenk\u00e4\u00e4n suunnitelmallisesti, Jaakko Blomberg kertoo.<\/p>\n<p>Katutaidetta taltioituu my\u00f6s museon kokoelmiin<\/p>\n<p class=\"aw__sc-1qwuw0s-0 aw__sc-ngllmo-0 epAWpq fzYpjk yle__article__paragraph\">Helsinki Urban Art on ottanut teoskuvat It\u00e4-Pasilan muraaleista, mutta mik\u00e4 on tilanne ep\u00e4virallisemman katutaiteen kohdalla? Liesikujan pys\u00e4k\u00f6intitalon lis\u00e4ksi Helsingist\u00e4 katoaa l\u00e4hiaikoina toinenkin katutaiteen keskittym\u00e4 eli Suvilahden skeittiparkki.<\/p>\n<p class=\"aw__sc-1qwuw0s-0 aw__sc-ngllmo-0 epAWpq fzYpjk yle__article__paragraph\">Siihen spreijattuja kuvia ei kuitenkaan ole j\u00e4tetty oman onnensa nojaan: Helsingin kaupunginmuseo on todennut, ett\u00e4 kohteesta on t\u00e4rke\u00e4\u00e4 j\u00e4tt\u00e4\u00e4 dokumentaatiota my\u00f6s j\u00e4lkipolville.<\/p>\n<p class=\"aw__sc-1qwuw0s-0 aw__sc-ngllmo-0 epAWpq fzYpjk yle__article__paragraph\">\u2013 Kyseisen alue on ollut el\u00e4v\u00e4 graffitikohde jo useamman vuoden ajan, ja Helsingin kaupunginmuseossa t\u00e4m\u00e4 on kyll\u00e4 tunnistettu, museon kuvakokoelmien intendentti <strong class=\"aw__sc-ngllmo-2 gdRrun yle__article__strong\">Tuomas Myr\u00e9n<\/strong> kiteytt\u00e4\u00e4.<\/p>\n<p class=\"aw__sc-1qwuw0s-0 aw__sc-ngllmo-0 epAWpq fzYpjk yle__article__paragraph\">Suvilahden skeittiparkkia ryhdyttiin rakentamaan talkoovoimin vuonna 2011.<\/p>\n<p class=\"aw__sc-1qwuw0s-0 aw__sc-ngllmo-0 epAWpq fzYpjk yle__article__paragraph\">Skeittiparkkiin syntyy edelleen uutta graffititaidetta.<\/p>\n<p class=\"aw__sc-1qwuw0s-0 aw__sc-ngllmo-0 epAWpq fzYpjk yle__article__paragraph\">Kyseisen\u00e4 p\u00e4iv\u00e4m\u00e4\u00e4r\u00e4n\u00e4 skeittiparkki puretaan.<\/p>\n<p class=\"aw__sc-1qwuw0s-0 aw__sc-ngllmo-0 epAWpq fzYpjk yle__article__paragraph\">Myr\u00e9nin mukaan Helsingin kaupunginmuseolla on katutaiteesen ja graffiteihin keskittyvi\u00e4 tallennusprojekteja, joita toteutetaan vapaaehtoiskuvaajien voimin. T\u00e4llaisia projekteja on toteutettu muun muassa t\u00e4n\u00e4 kev\u00e4\u00e4n\u00e4 ja vuonna 2018.<\/p>\n<p class=\"aw__sc-1qwuw0s-0 aw__sc-ngllmo-0 epAWpq fzYpjk yle__article__paragraph\">Katutaidetta dokumentoituu kaupunginmuseon kokoelmiin my\u00f6s muilla tavoin ja ehk\u00e4 hieman vaivihkaakin.<\/p>\n<p class=\"aw__sc-1qwuw0s-0 aw__sc-ngllmo-0 epAWpq fzYpjk yle__article__paragraph\">\u2013 Meid\u00e4n tallennusvastuulleemme kuuluvat nimenomaan helsinkil\u00e4isen kaupunkikuvan, rakennuskannan ja el\u00e4m\u00e4ntavan muutokset. Kokoelmiimme dokumentoidaan isompia purkukohteita, ja joskus niiss\u00e4 saattaa olla hyvinkin runsaasti graffiteja, Tuomas Myr\u00e9n sanoo.<\/p>\n<p><img decoding=\"async\" alt=\"Meluaitaan maalattu myyr\u00e4 vuonna 1970. \" src=\"https:\/\/www.europesays.com\/fi\/wp-content\/uploads\/2026\/06\/1781865614.jpeg\" loading=\"lazy\" class=\"aw__sc-dklauk-0 LPzKX\"\/><\/p>\n<p>Avaa kuvien katselu<\/p>\n<p>Meluaitaan maalattu Metromyyr\u00e4 vuonna 1970.  Kuva: Helsingin kaupunginmuseo \/ Mattsson<img decoding=\"async\" alt=\"Merimiesten kirjoittamia tekstej\u00e4 Katajanokalla vuonna 1973. \" src=\"https:\/\/www.europesays.com\/fi\/wp-content\/uploads\/2026\/06\/1781865608.jpeg\" loading=\"lazy\" class=\"aw__sc-dklauk-0 LPzKX\"\/><\/p>\n<p>Avaa kuvien katselu<\/p>\n<p>Merimiesten kirjoittamia viestej\u00e4 Katajanokalla vuonna 1973.  Kuva: Helsingin kaupunginmuseo \/ Simo Rista<img decoding=\"async\" alt=\"Kalliossa sijainnut Kill City -treenik\u00e4mpp\u00e4 vuonna 1979. \" src=\"https:\/\/www.europesays.com\/fi\/wp-content\/uploads\/2026\/06\/1781865602.jpeg\" loading=\"lazy\" class=\"aw__sc-dklauk-0 LPzKX\"\/><\/p>\n<p>Avaa kuvien katselu<\/p>\n<p>Legendaarinen, nyt jo purettu treeni- ja kokoontumispaikka Kill City sijaitsi aikoinaan Kallion puutalokortteleissa. Kuva vuodelta 1979.  Kuva: Helsingin kaupunginmuseo \/ Harri Ahola <img decoding=\"async\" alt=\"Teksti Alkon ulkosein\u00e4ss\u00e4 vuonna 1986. \" src=\"https:\/\/www.europesays.com\/fi\/wp-content\/uploads\/2026\/06\/1782042503_560_1781865608.jpeg\" loading=\"lazy\" class=\"aw__sc-dklauk-0 LPzKX\"\/><\/p>\n<p>Avaa kuvien katselu<\/p>\n<p>Alkon ulkopuolelle taiteiltu oivaltava teksti Maurinkadulla vuonna 1986.  Kuva: Helsingin kaupunginmuseo \/ Eeva Rista <img decoding=\"async\" alt=\"Jalankulkutunneli Porkkalankadulla vuonna 1991. \" src=\"https:\/\/www.europesays.com\/fi\/wp-content\/uploads\/2026\/06\/1781865782.jpeg\" loading=\"lazy\" class=\"aw__sc-dklauk-0 LPzKX\"\/><\/p>\n<p>Avaa kuvien katselu<\/p>\n<p>Monimuotoista kuvastoa jalankulkutunnelissa Porkkalankadulla vuonna 1991.  Kuva: Helsingin kaupunginmuseo \/ Jani Alanco <\/p>\n<p class=\"aw__sc-1qwuw0s-0 aw__sc-ngllmo-0 epAWpq fzYpjk yle__article__paragraph\">Helsingin kaupunginmuseon taltioimaa katutaidetta useamman vuosikymmenen ajalta l\u00f6ytyy Finna-palvelusta (hkm.finna.fi). Siell\u00e4 majailee muun muassa varsin herttainen Metromyyr\u00e4, joka ilmestyi metroradan meluaitaan vuonna 1970. Tuomas Myr\u00e9nin mukaan graffiti- ja katutaiteen taltioinnilla on merkityst\u00e4 my\u00f6s tuleville sukupolville.<\/p>\n<p class=\"aw__sc-1qwuw0s-0 aw__sc-ngllmo-0 epAWpq fzYpjk yle__article__paragraph\">\u2013 Kyll\u00e4h\u00e4n katutaide heijastaa oman aikakautensa ajattelua aika paljonkin.<\/p>\n<p>Muuttuvat taustat kiehtovat valokuvaajaa<\/p>\n<p class=\"aw__sc-1qwuw0s-0 aw__sc-ngllmo-0 epAWpq fzYpjk yle__article__paragraph\">Sek\u00e4 Suvilahden skeittiparkkia ett\u00e4 Liesikujan pys\u00e4k\u00f6intitaloa on hy\u00f6dynnetty my\u00f6s musiikkivideoissa ja artistikuvauksissa. Suvilahdessa on kuvattu muun muassa punk-yhtye Broken Trendin Oceanview Drive -musavideo vuonna 2023.<\/p>\n<p class=\"aw__sc-1qwuw0s-0 aw__sc-ngllmo-0 epAWpq fzYpjk yle__article__paragraph\">Valokuvaaja <strong class=\"aw__sc-ngllmo-2 gdRrun yle__article__strong\">Tuomas M\u00e4kel\u00e4lle<\/strong> ja Dj Zacharianille eli <strong class=\"aw__sc-ngllmo-2 gdRrun yle__article__strong\">Sarkan Saberille<\/strong> Liesikujan pys\u00e4k\u00f6intitalosta taas on muodostunut t\u00e4rke\u00e4 paikka promomateriaalin ottamista varten.<\/p>\n<p class=\"aw__sc-1qwuw0s-0 aw__sc-ngllmo-0 epAWpq fzYpjk yle__article__paragraph\">\u2013 Tulimme t\u00e4nne ensimm\u00e4isen kerran viisi vuotta sitten ja nyt halusimme hy\u00f6dynt\u00e4\u00e4 t\u00e4t\u00e4 uudemman kerran. Onhan t\u00e4m\u00e4 aivan huikea lokaatio, Saber toteaa.<\/p>\n<p>Valokuvaaja Tuomas M\u00e4kel\u00e4 ja Dj Zacharian ovat k\u00e4yneet kuvauskeikalla parkkihallissa useamman kerran. <\/p>\n<p class=\"aw__sc-1qwuw0s-0 aw__sc-ngllmo-0 epAWpq fzYpjk yle__article__paragraph\">Valokuvaajalle satojen v\u00e4rikk\u00e4iden graffitien kyll\u00e4st\u00e4m\u00e4 kolmikerroksinen rakennus on varsinainen runsaudensarvi.<\/p>\n<p class=\"aw__sc-1qwuw0s-0 aw__sc-ngllmo-0 epAWpq fzYpjk yle__article__paragraph\">\u2013 T\u00e4\u00e4ll\u00e4 on mielenkiintoista valoa joka puolella, koska se tulee eri suunnista. Taustat ovat todella makeat \u2013 ja mik\u00e4 parasta \u2013 ne muuttuvat jatkuvasti. Se tekee t\u00e4st\u00e4 joka kerta kiinnostavan paikan, Tuomas M\u00e4kel\u00e4 sanoo.<\/p>\n<p class=\"aw__sc-1qwuw0s-0 aw__sc-ngllmo-0 epAWpq fzYpjk yle__article__paragraph\">Sek\u00e4 M\u00e4kel\u00e4n ett\u00e4 Saberin mielest\u00e4 on harmi, ett\u00e4 pys\u00e4k\u00f6intitalo puretaan.<\/p>\n<p class=\"aw__sc-1qwuw0s-0 aw__sc-ngllmo-0 epAWpq fzYpjk yle__article__paragraph\">\u2013 T\u00e4llaisissa paikoissa on tietynlaista kaupunkikulttuuria, jonka soisi j\u00e4\u00e4v\u00e4n el\u00e4m\u00e4\u00e4n. Kaiken ei tarvitse olla pelkk\u00e4\u00e4 lasia ja betonipintaa, M\u00e4kel\u00e4 summaa.<\/p>\n<p class=\"aw__sc-1qwuw0s-0 aw__sc-ngllmo-0 epAWpq fzYpjk yle__article__paragraph\">Mik\u00e4\u00e4n virallinen taho ei ole ainakaan toistaiseksi dokumentoinut systemaattisesti Liesikujan pys\u00e4k\u00f6intitalon graffiteja, eli ne hapertuvat muistikuvien k\u00e4tk\u00f6ihin, kun tilalle rakennetaan l\u00e4hitulevaisuudessa tornitaloja.<\/p>\n","protected":false},"excerpt":{"rendered":"Myyrm\u00e4en Liesikujan pys\u00e4k\u00f6intitalo puretaan l\u00e4hitulevaisuudessa. Sen my\u00f6t\u00e4 katoaa vuosikymmenten aikana syntynyt katutaide. Mik\u00e4\u00e4n virallinen taho ei ole tallentanut&hellip;\n","protected":false},"author":2,"featured_media":282579,"comment_status":"","ping_status":"","sticky":false,"template":"","format":"standard","meta":{"footnotes":"","_share_on_mastodon":"0"},"categories":[130],"tags":[30709,137,33,31,30,8653,8810,3436,108,8443,32,397,109],"class_list":["post-282578","post","type-post","status-publish","format-standard","has-post-thumbnail","category-viihde","tag-alakulttuurit","tag-entertainment","tag-fi","tag-finland","tag-finnish","tag-graffitit","tag-katutaide","tag-kaupunkikulttuuri","tag-kulttuuri","tag-myyrmaki","tag-suomi","tag-taide","tag-viihde"],"share_on_mastodon":{"url":"https:\/\/pubeurope.com\/@fi\/116787944443620786","error":""},"_links":{"self":[{"href":"https:\/\/www.europesays.com\/fi\/wp-json\/wp\/v2\/posts\/282578","targetHints":{"allow":["GET"]}}],"collection":[{"href":"https:\/\/www.europesays.com\/fi\/wp-json\/wp\/v2\/posts"}],"about":[{"href":"https:\/\/www.europesays.com\/fi\/wp-json\/wp\/v2\/types\/post"}],"author":[{"embeddable":true,"href":"https:\/\/www.europesays.com\/fi\/wp-json\/wp\/v2\/users\/2"}],"replies":[{"embeddable":true,"href":"https:\/\/www.europesays.com\/fi\/wp-json\/wp\/v2\/comments?post=282578"}],"version-history":[{"count":0,"href":"https:\/\/www.europesays.com\/fi\/wp-json\/wp\/v2\/posts\/282578\/revisions"}],"wp:featuredmedia":[{"embeddable":true,"href":"https:\/\/www.europesays.com\/fi\/wp-json\/wp\/v2\/media\/282579"}],"wp:attachment":[{"href":"https:\/\/www.europesays.com\/fi\/wp-json\/wp\/v2\/media?parent=282578"}],"wp:term":[{"taxonomy":"category","embeddable":true,"href":"https:\/\/www.europesays.com\/fi\/wp-json\/wp\/v2\/categories?post=282578"},{"taxonomy":"post_tag","embeddable":true,"href":"https:\/\/www.europesays.com\/fi\/wp-json\/wp\/v2\/tags?post=282578"}],"curies":[{"name":"wp","href":"https:\/\/api.w.org\/{rel}","templated":true}]}}