{"id":283074,"date":"2026-06-22T04:24:16","date_gmt":"2026-06-22T04:24:16","guid":{"rendered":"https:\/\/www.europesays.com\/fi\/283074\/"},"modified":"2026-06-22T04:24:16","modified_gmt":"2026-06-22T04:24:16","slug":"martina-aitolehti-viihtyi-15-vuotta-nuoremman-konsikkaan-kanssa-kuvat","status":"publish","type":"post","link":"https:\/\/www.europesays.com\/fi\/283074\/","title":{"rendered":"Martina Aitolehti viihtyi 15 vuotta nuoremman k\u00f6nsikk\u00e4\u00e4n kanssa &#8211; kuvat!"},"content":{"rendered":"<p class=\"subtitle \">Martinan ja Hajjin liikkeist\u00e4 tihkuu lis\u00e4\u00e4 tietoa.<\/p>\n<p class=\"article-content article-content-width !bg-background\">Tallinnassa j\u00e4rjestettiin 13. kes\u00e4kuuta Beazt Fight -kamppailutapahtuma. Pitk\u00e4lti  ja  kaksintaistelulla mainostettua iltamaa saapui seuraamaan paikan p\u00e4\u00e4lle liuta suomalaisjulkimoita.\u00a0\u00a0<\/p>\n<p class=\"font-weight-bold m-font-weight-bold article-content article-content-width !bg-background\">Video: Martina viihtyi nuoren nyrkkeilij\u00e4n seurassa:<\/p>\n<p class=\"article-content article-content-width !bg-background\">Keh\u00e4n reunamalla viihtyi muun muassa Erikoisjoukot-ohjelmassa hiljattain s\u00e4v\u00e4ytt\u00e4nyt , 43. Martina viihtyi seurueensa parissa, mutta siirtyi illan edetess\u00e4 istuskelemaan nyrkkeilij\u00e4  (oik. ) kanssa.\u00a0<\/p>\n<p class=\"article-content article-content-width !bg-background\">28-vuotias Hajji oli hetke\u00e4 aiemmin ottanut voitokkaasti mittaa  kanssa.\u00a0<\/p>\n<p class=\"article-content article-content-width !bg-background\">Martinan ja Hajjin l\u00e4mpim\u00e4t v\u00e4lit eiv\u00e4t j\u00e4\u00e4neet ep\u00e4selviksi. Toisiinsa keskittynyt kaksikko vaihtoi hempeit\u00e4 katseita, mink\u00e4 lis\u00e4ksi heid\u00e4n v\u00e4lill\u00e4\u00e4n n\u00e4htiin silittely\u00e4 ja k\u00e4den pit\u00e4mist\u00e4 reidell\u00e4.\u00a0<\/p>\n<p>        <a itemprop=\"url\" href=\"https:\/\/www.seiska.fi\/kotimaa\/martina-aitolehti-paljastaa-exa-apuna-kotiaskareissa\/2170352\" rel=\"nofollow noopener\" target=\"_blank\"><\/p>\n<p>\nMartina Aitolehti paljastaa\n<\/p>\n<p class=\"section-date\">\n        <strong class=\"article-section\" data-section=\"kotimaa\"><br \/>\n            kotimaa<br \/>\n        <\/strong><br \/>\n        8.6. 07:00\n    <\/p>\n<p>Martina Aitolehti paljastaa: Ex\u00e4 apuna kotiaskareissa!\n    <\/p>\n<p itemprop=\"description\" class=\"subtitle \">\n    Martina Aitolehden kiireisess\u00e4 arjessa Nala-koiran hoito j\u00e4rjestyy tuttujen ja luotettavien ihmisten avulla.\n<\/p>\n<p>        <\/a><\/p>\n<p>                <img decoding=\"async\" src=\"https:\/\/www.europesays.com\/fi\/wp-content\/uploads\/2026\/06\/2182556.webp\" width=\"576\" height=\"615\" alt=\"Martina ja Hajji eiv\u00e4t muiden katseista h\u00e4iriintyneet.\" loading=\"lazy\" \/>            <\/p>\n<p>\n            Martina ja Hajji eiv\u00e4t muiden katseista h\u00e4iriintyneet.<br \/>\n            Miikka Kaskinen\n        <\/p>\n<p>Lahden toisella puolella<\/p>\n<p class=\"article-content article-content-width !bg-background\">Hyvinvointiyritt\u00e4j\u00e4 ja nuori nyrkkeilij\u00e4 ovat viihtyneet yhdess\u00e4 my\u00f6s Suomen puolella. Sunnuntaina (14.6.) Martina ja Hajji nauttivat musiikista Helsinki City Festivaleilla.\u00a0<\/p>\n<p class=\"article-content article-content-width !bg-background\">Silminn\u00e4kij\u00f6iden mukaan Martina ja Hajji kuitenkin keskittyiv\u00e4t musiikin sijaan toisiinsa.\u00a0<\/p>\n<p class=\"article-content article-content-width !bg-background\">\u2013 Hauskaa heill\u00e4 n\u00e4ytti olevan, sill\u00e4 he nauroivat paljon, Seiskalle kuiskuteltiin tuoreeltaan.\u00a0<\/p>\n<p>        <a itemprop=\"url\" href=\"https:\/\/www.seiska.fi\/kotimaa\/martina-aitolehti-paljastus-arjesta\/2170394\" rel=\"nofollow noopener\" target=\"_blank\"><\/p>\n<p>\nMartina Aitolehti\n<\/p>\n<p class=\"section-date\">\n        <strong class=\"article-section\" data-section=\"kotimaa\"><br \/>\n            kotimaa<br \/>\n        <\/strong><br \/>\n        5.6. 17:00\n    <\/p>\n<p>Martina Aitolehti: Paljastus arjesta!\n    <\/p>\n<p itemprop=\"description\" class=\"subtitle \">\n    Martina Aitolehden arjessa el\u00e4imet ovat isossa osassa.\n<\/p>\n<p>        <\/a><\/p>\n<p>                <img decoding=\"async\" src=\"https:\/\/www.europesays.com\/fi\/wp-content\/uploads\/2026\/06\/2182558.webp\" width=\"576\" height=\"639\" alt=\"Kaksikon \u00f6kytyyli her\u00e4tti huomiota kes\u00e4festareilla.\" loading=\"lazy\" \/>            <\/p>\n<p>\n            Kaksikon \u00f6kytyyli her\u00e4tti huomiota kes\u00e4festareilla.<br \/>\n            Seiskan lukija\n        <\/p>\n<p>K\u00f6nsikk\u00e4\u00e4t meniv\u00e4t sekaisin<\/p>\n<p class=\"article-content article-content-width !bg-background\">Viikonloppu tapahtumineen p\u00e4\u00e4ttyi, mutta Martinan ja Hajjin yhteinen aika ei. Seiskan haukankatseinen lukija nimitt\u00e4in bongasi duon viel\u00e4 maanantaina (15.6.) Helsingin Superterassilta.\u00a0<\/p>\n<p class=\"article-content article-content-width !bg-background\">Kaksikko jonotti hieman kello seitsem\u00e4n j\u00e4lkeen vietnamilaista katuruokaa, mink\u00e4 j\u00e4lkeen he siirtyiv\u00e4t nauttimaan ateriasta l\u00e4heisen p\u00f6yd\u00e4n \u00e4\u00e4reen.\u00a0<\/p>\n<p class=\"article-content article-content-width !bg-background\">\u2013 Martina oli todella hyv\u00e4ll\u00e4 tuulella. H\u00e4n hymyili koko ajan sy\u00f6dess\u00e4\u00e4n, Helsingist\u00e4 hiiskutaan.\u00a0<\/p>\n<p class=\"article-content article-content-width !bg-background\">\u2013 Luulin seuralaista ensin . J\u00e4lkik\u00e4teen oivalsin, ett\u00e4 kyseess\u00e4 olikin Hajji.\u00a0<\/p>\n<p>        <a itemprop=\"url\" href=\"https:\/\/www.seiska.fi\/vain-seiskassa\/pettamiskohussa-ryvettynyt-aleksi-korpijaakko-huonekaluostoksilla-kaunottaren-kanssa-kuvat\/2176021\" rel=\"nofollow noopener\" target=\"_blank\"><\/p>\n<p>\nPett\u00e4miskohussa ryvettynyt juontaja\n<\/p>\n<p class=\"section-date\">\n        <strong class=\"article-section\" data-section=\"vain seiskassa\"><br \/>\n            vain seiskassa<br \/>\n        <\/strong><br \/>\n        15.6. 16:00\n    <\/p>\n<p>Pett\u00e4miskohussa ryvettynyt Aleksi Korpijaakko huonekaluostoksilla kaunottaren kanssa \u2013 kuvat!\n    <\/p>\n<p itemprop=\"description\" class=\"subtitle \">\n    Aleksi viihtyi m\u00f6\u00f6pelikaupoilla kauniissa seurassa.\n<\/p>\n<p>        <\/a><\/p>\n<p>                <img decoding=\"async\" src=\"https:\/\/www.europesays.com\/fi\/wp-content\/uploads\/2026\/06\/2182560.webp\" width=\"576\" height=\"543\" alt=\"Martina ja Hajji olivat sonnustautuneet ruokatauolleen varsin sporttisesti.\" loading=\"lazy\" \/>            <\/p>\n<p>\n            Martina ja Hajji olivat sonnustautuneet ruokatauolleen varsin sporttisesti.<br \/>\n            Seiskan lukija\n        <\/p>\n<p>Aurinkoinen parivaljakko<\/p>\n<p class=\"article-content article-content-width !bg-background\">Kanssaruokailijoiden mukaan Martinan ja tumman komistuksen v\u00e4lit olivat silminn\u00e4hden l\u00e4mpim\u00e4t ja juttu luisti.\u00a0<\/p>\n<p class=\"article-content article-content-width !bg-background\">\u2013 He juttelivat paljon. Mietin, ett\u00e4 olivatko treffeill\u00e4, kun tunnelma oli niin iloinen, vaikka ei heid\u00e4n v\u00e4lill\u00e4\u00e4n mit\u00e4\u00e4n ihmeemp\u00e4\u00e4 tapahtunutkaan.\u00a0<\/p>\n<p class=\"article-content article-content-width !bg-background\">Martina ja Hajji viihtyiv\u00e4t omissa oloissaan. Moni tunnisti kaksikon, mutta n\u00e4m\u00e4 saivat silti ruokailla rauhassa.\u00a0<\/p>\n<p class=\"article-content article-content-width !bg-background\">\u2013 Tyls\u00e4\u00e4 heill\u00e4 ei ainakaan ollut, lukijamme tuumaa.\u00a0<\/p>\n<p>        <a itemprop=\"url\" href=\"https:\/\/www.seiska.fi\/vain-seiskassa\/andy-mccoy-heratti-huolta-helsinkilaispubissa-liikkuminen-vaivalloista\/2178481\" rel=\"nofollow noopener\" target=\"_blank\"><\/p>\n<p>\nHer\u00e4tti huolta Helsingiss\u00e4\n<\/p>\n<p class=\"section-date\">\n        <strong class=\"article-section\" data-section=\"vain seiskassa\"><br \/>\n            vain seiskassa<br \/>\n        <\/strong><br \/>\n        14.6. 07:00\n    <\/p>\n<p>Andy McCoy her\u00e4tti huolta helsinkil\u00e4ispubissa \u2013 liikkuminen vaivalloista\n    <\/p>\n<p itemprop=\"description\" class=\"subtitle \">\n    Lukija kuvailee Andy McCoyn liikkumisen kitaran ja k\u00e4velykepin kanssa n\u00e4ytt\u00e4neen haastavalta.\n<\/p>\n<p>        <\/a><\/p>\n<p>                <img decoding=\"async\" src=\"https:\/\/www.europesays.com\/fi\/wp-content\/uploads\/2026\/06\/2182562.webp\" width=\"576\" height=\"648\" alt=\"Kaksikko ei kaivannut suurempaa hajurakoa.\" loading=\"lazy\" \/>            <\/p>\n<p>\n            Kaksikko ei kaivannut suurempaa hajurakoa.<br \/>\n            Seiskan lukija\n        <\/p>\n","protected":false},"excerpt":{"rendered":"Martinan ja Hajjin liikkeist\u00e4 tihkuu lis\u00e4\u00e4 tietoa. Tallinnassa j\u00e4rjestettiin 13. kes\u00e4kuuta Beazt Fight -kamppailutapahtuma. Pitk\u00e4lti ja kaksintaistelulla mainostettua&hellip;\n","protected":false},"author":2,"featured_media":283075,"comment_status":"","ping_status":"","sticky":false,"template":"","format":"standard","meta":{"footnotes":"","_share_on_mastodon":"0"},"categories":[130],"tags":[35456,137,33,31,30,37687,34869,4478,2878,3270,6249,651,32,5148,3129,109],"class_list":["post-283074","post","type-post","status-publish","format-standard","has-post-thumbnail","category-viihde","tag-beazt-fight","tag-entertainment","tag-fi","tag-finland","tag-finnish","tag-hajji-muhis","tag-helsinki-city-festival","tag-kaak","tag-martina-aitolehti","tag-nyrkkeily","tag-salakuva","tag-suhteet","tag-suomi","tag-superterassi","tag-tallinna","tag-viihde"],"share_on_mastodon":{"url":"https:\/\/pubeurope.com\/@fi\/116791861131812143","error":""},"_links":{"self":[{"href":"https:\/\/www.europesays.com\/fi\/wp-json\/wp\/v2\/posts\/283074","targetHints":{"allow":["GET"]}}],"collection":[{"href":"https:\/\/www.europesays.com\/fi\/wp-json\/wp\/v2\/posts"}],"about":[{"href":"https:\/\/www.europesays.com\/fi\/wp-json\/wp\/v2\/types\/post"}],"author":[{"embeddable":true,"href":"https:\/\/www.europesays.com\/fi\/wp-json\/wp\/v2\/users\/2"}],"replies":[{"embeddable":true,"href":"https:\/\/www.europesays.com\/fi\/wp-json\/wp\/v2\/comments?post=283074"}],"version-history":[{"count":0,"href":"https:\/\/www.europesays.com\/fi\/wp-json\/wp\/v2\/posts\/283074\/revisions"}],"wp:featuredmedia":[{"embeddable":true,"href":"https:\/\/www.europesays.com\/fi\/wp-json\/wp\/v2\/media\/283075"}],"wp:attachment":[{"href":"https:\/\/www.europesays.com\/fi\/wp-json\/wp\/v2\/media?parent=283074"}],"wp:term":[{"taxonomy":"category","embeddable":true,"href":"https:\/\/www.europesays.com\/fi\/wp-json\/wp\/v2\/categories?post=283074"},{"taxonomy":"post_tag","embeddable":true,"href":"https:\/\/www.europesays.com\/fi\/wp-json\/wp\/v2\/tags?post=283074"}],"curies":[{"name":"wp","href":"https:\/\/api.w.org\/{rel}","templated":true}]}}