{"id":283220,"date":"2026-06-22T08:21:17","date_gmt":"2026-06-22T08:21:17","guid":{"rendered":"https:\/\/www.europesays.com\/fi\/283220\/"},"modified":"2026-06-22T08:21:17","modified_gmt":"2026-06-22T08:21:17","slug":"teatteri-traktori-juhlii-30-vuotistaivaltaan-mika-on-menestyksen-salaisuus-paikalliset","status":"publish","type":"post","link":"https:\/\/www.europesays.com\/fi\/283220\/","title":{"rendered":"Teatteri Traktori juhlii 30-vuotistaivaltaan \u2013 Mik\u00e4 on menestyksen salaisuus? | Paikalliset"},"content":{"rendered":"<p>Meille taiteen tekeminen on mahdollisuus parantaa maailmaa.<\/p>\n<p>N\u00e4in luonnehtii Teatteri Traktorin tekemisess\u00e4 jo kymmenen vuotta mukana ollut <strong>Sanni Omenasaari, <\/strong>35. H\u00e4nelle teatteriesitykset ovat t\u00e4rke\u00e4 tapa vaikuttaa katsojan maailmankatsomukseen.<\/p>\n<p>\u2013 Se on samanlainen tunne kuin silloin kun tiputtaa pienen kiven veteen ja siit\u00e4 l\u00e4htee levi\u00e4m\u00e4\u00e4n v\u00e4reit\u00e4 kauemmas, h\u00e4n maalailee.<\/p>\n<p><strong class=\"diks-storyline__impact\">Traktorilaisilla <\/strong>on toukokuussa k\u00e4ynniss\u00e4 ahkera rakentaminen. N\u00e4ytt\u00e4v\u00e4t lavasteet eiv\u00e4t valmistu itsest\u00e4\u00e4n, vaan ne t\u00e4ytyy urakoida yhdess\u00e4.<\/p>\n<p>\u2013 Meill\u00e4 on my\u00f6s ihan lavasterakentajia, heill\u00e4 on v\u00e4h\u00e4n eri meininki kuin meill\u00e4, <strong>Heidi Anttila<\/strong>, 25, naurahtaa irrottaessaan nauloja laudoista.<\/p>\n<p>Anttila on teatterin toiminnassa mukana nelj\u00e4tt\u00e4 vuotta. H\u00e4n kuvailee Traktorin tuotantoa teatterina kaikille ja kaikenik\u00e4isille.<\/p>\n<p>\u2013 T\u00e4n\u00e4 vuonna on kyll\u00e4 tosi hyv\u00e4 esitys, se sai haluamaan mukaan, h\u00e4n kertoo.<\/p>\n<p>\u2013 Se on kyll\u00e4 joka vuosi, siksi t\u00e4\u00e4ll\u00e4 ollaan nelj\u00e4tt\u00e4 vuotta, <strong>Johanna Lepp\u00e4nen<\/strong>, 23, naurahtaa.<\/p>\n<p>\t\t<a class=\"diks-gallery__link\" href=\"https:\/\/i.media.fi\/incoming\/3pturp\/11451970.jpg\/alternates\/FREE_1440\/11451970.jpg\" data-thumbnail=\"\" data-sub-html=\"Heidi Anttila (vas.) ja Sanni Omenasaari pohtivat Traktorin vieh\u00e4tyst\u00e4, joka on kantanut vuosikymmenien ajan. \u2013 T\u00e4n\u00e4 vuonna ohjelmisto on runsaampi kuin yleens\u00e4, Anttila kertoo juhlavuoden suunnitelmista. Marko Puumalainen\" aria-label=\"Katso isompi kuva\" rel=\"nofollow noopener\" target=\"_blank\"><br \/>\n\t\t\t\t<img class=\"diks-figure__image\" src=\"https:\/\/www.europesays.com\/fi\/wp-content\/uploads\/2026\/06\/11451970.jpg\" loading=\"lazy\" decoding=\"sync\" alt=\"\"\/><\/p>\n<p>\t\t\t<\/a><br \/>\n\t\t\t\t\tHeidi Anttila (vas.) ja Sanni Omenasaari pohtivat Traktorin vieh\u00e4tyst\u00e4, joka on kantanut vuosikymmenien ajan. \u2013 T\u00e4n\u00e4 vuonna ohjelmisto on runsaampi kuin yleens\u00e4, Anttila kertoo juhlavuoden suunnitelmista. Marko Puumalainen<\/p>\n<p><strong class=\"diks-storyline__impact\">Teatterilla on<\/strong> t\u00e4n\u00e4 vuonna takanaan 30 vuotta. Ty\u00f6ryhm\u00e4 vaihtuu vuosittain, mutta mukana on my\u00f6s alkuper\u00e4isj\u00e4seni\u00e4, kuten perustaja <strong>Tomi Kervinen<\/strong>, 50.<\/p>\n<p>\u2013 Traktorin ymp\u00e4rille on ker\u00e4\u00e4ntynyt ihmisi\u00e4, joilla on into ja halu tehd\u00e4 teatteria. Sukupolvet vaihtuvat, mutta palo tekemiseen s\u00e4ilyy, Kervinen pohtii vuosikymmenten matkaa.<\/p>\n<p><strong class=\"diks-storyline__impact\">Traktorilla riitt\u00e4\u00e4<\/strong> my\u00f6s nuoria tekij\u00f6it\u00e4, mik\u00e4 tuntuu muissa kes\u00e4teattereissa olevan harvinaisempaa. Omenasaari arvelee sen liittyv\u00e4n osittain n\u00e4ytelmien kohdeyleis\u00f6\u00f6n.<\/p>\n<p>\u2013 Jo vuosia ennen kuin itse hakeuduin mukaan toimintaan olin vaikuttunut jostakin esityksest\u00e4. Moni n\u00e4kee lapsena n\u00e4it\u00e4 esityksi\u00e4 ja muistaa ne vanhempanakin, h\u00e4n kertoo.<\/p>\n<p><strong class=\"diks-storyline__impact\">Kervinen uskoo<\/strong> osan vieh\u00e4tyksest\u00e4 tulevan ammattimaisesta tekemisest\u00e4. Traktorilaiset saavat ty\u00f6st\u00e4\u00e4n kuukausipalkkaa, ja rekrytointi on vaikea prosessi.<\/p>\n<p>\u2013 Meille haki t\u00e4llekin kes\u00e4lle Tukholmasta saakka n\u00e4yttelij\u00f6it\u00e4. Moni on ihan suomalaisista kaupunginteattereistakin pyrkinyt t\u00e4nne, mutta useimmiten haluamme ottaa mukaan paikallisia nuoria, Kervinen kertoo.<\/p>\n<p>\t\t<a class=\"diks-gallery__link\" href=\"https:\/\/i.media.fi\/incoming\/3q5t8d\/11451969.jpg\/alternates\/FREE_1440\/11451969.jpg\" data-thumbnail=\"\" data-sub-html=\"Tomi Kervinen haluaa uudistaa Traktorin toimintaa pit\u00e4en kuitenkin katsojat mieless\u00e4\u00e4n. \u2013 Aina pit\u00e4\u00e4 mietti\u00e4 katsojaa. Jos miettii vain itse\u00e4\u00e4n, j\u00e4\u00e4 paikalleen. Marko Puumalainen\" aria-label=\"Katso isompi kuva\" rel=\"nofollow noopener\" target=\"_blank\"><br \/>\n\t\t\t\t<img class=\"diks-figure__image\" src=\"https:\/\/www.europesays.com\/fi\/wp-content\/uploads\/2026\/06\/11451969.jpg\" loading=\"lazy\" decoding=\"sync\" alt=\"\"\/><\/p>\n<p>\t\t\t<\/a><br \/>\n\t\t\t\t\tTomi Kervinen haluaa uudistaa Traktorin toimintaa pit\u00e4en kuitenkin katsojat mieless\u00e4\u00e4n. \u2013 Aina pit\u00e4\u00e4 mietti\u00e4 katsojaa. Jos miettii vain itse\u00e4\u00e4n, j\u00e4\u00e4 paikalleen. Marko Puumalainen<\/p>\n<p><strong class=\"diks-storyline__impact\">T\u00e4m\u00e4n kes\u00e4n <\/strong>n\u00e4ytelm\u00e4 on <strong>Astrid Lindgrenin<\/strong> Veljeni Leijonamieli. Aikaisemmin Traktori on esitt\u00e4nyt ainakin Vaahteram\u00e4en Eemeli\u00e4 sek\u00e4 Ronja Ry\u00f6v\u00e4rintyt\u00e4rt\u00e4. Tematiikaltaan surumielisempi n\u00e4ytelm\u00e4 sopii Kervisen mukaan hyvin Sinkkolaan.<\/p>\n<p>\u2013 Se voi olla synkk\u00e4 aihe. Niille, joita kuolema on koskettanut, n\u00e4ytelm\u00e4 tuo lohtua. Ne, joita se ei ole koskettanut, saavat sirkusta ja pellej\u00e4 sek\u00e4 hurjan seikkailun, Kervinen pohtii.<\/p>\n<p>H\u00e4n muistaa n\u00e4hneens\u00e4 Veljeni Leijonamielen itse alakouluik\u00e4isen\u00e4 <strong>Timo Ventolan<\/strong> ohjaamana ja kertoo muistikuvansa Katla-lohik\u00e4\u00e4rmeest\u00e4 t\u00e4risytt\u00e4v\u00e4n edelleen. My\u00f6s Sinkkolassa n\u00e4hd\u00e4\u00e4n versio Katlasta.<\/p>\n<p>\u2013 Sit\u00e4 varten olemme p\u00e4\u00e4sseet taas haastamaan lavasterakentajia ja t\u00e4t\u00e4 ymp\u00e4rist\u00f6\u00e4, h\u00e4n paljastaa.<\/p>\n<p>\t\t<a class=\"diks-gallery__link\" href=\"https:\/\/i.media.fi\/incoming\/33cfkm\/11451972.jpg\/alternates\/FREE_1440\/11451972.jpg\" data-thumbnail=\"\" data-sub-html=\"Sinkkolan kotiel\u00e4inpiha tarjoaa esityksille ainutlaatuiset puitteet ja esimerkikksi vesialtaan, joka on esityksiss\u00e4 suuressa roolissa. Marko Puumalainen\" aria-label=\"Katso isompi kuva\" rel=\"nofollow noopener\" target=\"_blank\"><br \/>\n\t\t\t\t<img class=\"diks-figure__image\" src=\"https:\/\/www.europesays.com\/fi\/wp-content\/uploads\/2026\/06\/11451972.jpg\" loading=\"lazy\" decoding=\"sync\" alt=\"\"\/><\/p>\n<p>\t\t\t<\/a><br \/>\n\t\t\t\t\tSinkkolan kotiel\u00e4inpiha tarjoaa esityksille ainutlaatuiset puitteet ja esimerkikksi vesialtaan, joka on esityksiss\u00e4 suuressa roolissa. Marko Puumalainen<\/p>\n<p><strong class=\"diks-storyline__impact\">Mik\u00e4 sitten<\/strong> pit\u00e4\u00e4 porukan yhdess\u00e4 ja saa palaamaan kes\u00e4 toisensa j\u00e4lkeen rakentamisen, harjoittelemisen ja fyysist\u00e4 aherrusta vaativan esiintymisen pariin?<\/p>\n<p>\u2013 Syv\u00e4 rakkaus teatteria kohtaan. Me nautimme fiktiivisen maailman tuomisesta el\u00e4v\u00e4ksi, Omenasaari pohtii.<\/p>\n<p>\u2013 Ei voi lopettaakaan, on niin ihanaa tehd\u00e4 syd\u00e4mell\u00e4. T\u00e4nne vain j\u00e4i, Lepp\u00e4nen naurahtaa.<\/p>\n<p>H\u00e4n mainitsee lis\u00e4ksi porukan olevan erinomainen \u2013 ainakin jos on v\u00e4lip\u00e4ivi\u00e4 tekemisest\u00e4.<\/p>\n<p>\u2013 Ja silloinkin kun aikataulu on tiukempi, on hauskaa k\u00e4rsi\u00e4 yhdess\u00e4, Anttila ilmoittaa.<\/p>\n<p>\t\t<a class=\"diks-gallery__link\" href=\"https:\/\/i.media.fi\/incoming\/dpokkc\/11451973.jpg\/alternates\/FREE_1440\/11451973.jpg\" data-thumbnail=\"\" data-sub-html=\"N\u00e4yttelij\u00e4t ovat my\u00f6s lavasterakentajia. Marko Puumalainen\" aria-label=\"Katso isompi kuva\" rel=\"nofollow noopener\" target=\"_blank\"><br \/>\n\t\t\t\t<img class=\"diks-figure__image\" src=\"https:\/\/www.europesays.com\/fi\/wp-content\/uploads\/2026\/06\/11451973.jpg\" loading=\"lazy\" decoding=\"sync\" alt=\"\"\/><\/p>\n<p>\t\t\t<\/a><br \/>\n\t\t\t\t\tN\u00e4yttelij\u00e4t ovat my\u00f6s lavasterakentajia. Marko Puumalainen<\/p>\n<p><strong class=\"diks-storyline__impact\">Pidemp\u00e4\u00e4n mukana<\/strong> ollut <strong>Iiro Tuovinen<\/strong>, 35, uskoo, ett\u00e4 osa halusta j\u00e4\u00e4d\u00e4 liittyy konkreettiseen k\u00e4denj\u00e4lkeen.<\/p>\n<p>\u2013 Kun aloitin vuonna 2014, lava n\u00e4ytti todella erilaiselta. T\u00e4m\u00e4n eteen on tehty paljon t\u00f6it\u00e4, nyt niit\u00e4 toiveita ja unelmia saa toteuttaa, h\u00e4n luonnehtii.<\/p>\n<p>\u2013 Min\u00e4 olin silloin 10-vuotiaana katsomassa Fedja-set\u00e4\u00e4! Te olitte ensimm\u00e4ist\u00e4 vuotta mukana, Lepp\u00e4nen hihkaisee Tuoviselle ja <strong>Tuomas Salopurolle, <\/strong>33.<\/p>\n<p>\u2013 N\u00e4m\u00e4 ik\u00e4jutut ovat ihan kamalia, Tuovinen p\u00e4ivittelee huvittuneena.<\/p>\n","protected":false},"excerpt":{"rendered":"Meille taiteen tekeminen on mahdollisuus parantaa maailmaa. N\u00e4in luonnehtii Teatteri Traktorin tekemisess\u00e4 jo kymmenen vuotta mukana ollut Sanni&hellip;\n","protected":false},"author":2,"featured_media":283221,"comment_status":"","ping_status":"","sticky":false,"template":"","format":"standard","meta":{"footnotes":"","_share_on_mastodon":"0"},"categories":[130],"tags":[137,33,31,30,2903,108,37973,402,32,485,2693,140,109],"class_list":["post-283220","post","type-post","status-publish","format-standard","has-post-thumbnail","category-viihde","tag-entertainment","tag-fi","tag-finland","tag-finnish","tag-kesapaikka","tag-kulttuuri","tag-pohjois-karjalan-kesa","tag-rakentaminen-kiinteistot","tag-suomi","tag-taide-yleista","tag-tukholma","tag-tv-ja-elokuvat","tag-viihde"],"share_on_mastodon":{"url":"https:\/\/pubeurope.com\/@fi\/116792793134757041","error":""},"_links":{"self":[{"href":"https:\/\/www.europesays.com\/fi\/wp-json\/wp\/v2\/posts\/283220","targetHints":{"allow":["GET"]}}],"collection":[{"href":"https:\/\/www.europesays.com\/fi\/wp-json\/wp\/v2\/posts"}],"about":[{"href":"https:\/\/www.europesays.com\/fi\/wp-json\/wp\/v2\/types\/post"}],"author":[{"embeddable":true,"href":"https:\/\/www.europesays.com\/fi\/wp-json\/wp\/v2\/users\/2"}],"replies":[{"embeddable":true,"href":"https:\/\/www.europesays.com\/fi\/wp-json\/wp\/v2\/comments?post=283220"}],"version-history":[{"count":0,"href":"https:\/\/www.europesays.com\/fi\/wp-json\/wp\/v2\/posts\/283220\/revisions"}],"wp:featuredmedia":[{"embeddable":true,"href":"https:\/\/www.europesays.com\/fi\/wp-json\/wp\/v2\/media\/283221"}],"wp:attachment":[{"href":"https:\/\/www.europesays.com\/fi\/wp-json\/wp\/v2\/media?parent=283220"}],"wp:term":[{"taxonomy":"category","embeddable":true,"href":"https:\/\/www.europesays.com\/fi\/wp-json\/wp\/v2\/categories?post=283220"},{"taxonomy":"post_tag","embeddable":true,"href":"https:\/\/www.europesays.com\/fi\/wp-json\/wp\/v2\/tags?post=283220"}],"curies":[{"name":"wp","href":"https:\/\/api.w.org\/{rel}","templated":true}]}}