{"id":283325,"date":"2026-06-22T11:18:12","date_gmt":"2026-06-22T11:18:12","guid":{"rendered":"https:\/\/www.europesays.com\/fi\/283325\/"},"modified":"2026-06-22T11:18:12","modified_gmt":"2026-06-22T11:18:12","slug":"janne-gronroos-sai-toisen-lapsen","status":"publish","type":"post","link":"https:\/\/www.europesays.com\/fi\/283325\/","title":{"rendered":"Janne Gr\u00f6nroos sai toisen lapsen"},"content":{"rendered":"<p class=\"article-content article-content-width !bg-background\">Suosikkijuontaja <a alt=\"Haku\" class=\"text-primary-red font-extrabold\" href=\"https:\/\/www.seiska.fi\/haku?q=Janne Gr\u00f6nroos\" rel=\"nofollow noopener\" target=\"_blank\">Janne Gr\u00f6nroos<\/a>, 41, el\u00e4\u00e4 suurta el\u00e4m\u00e4nmuutosta. Ruotsinkielisest\u00e4 Efter Nio -ohjelmasta tuttu juontaja ilahdutti seuraajiaan julkaisemalla Instagramissa suloisen videon 17. kes\u00e4kuuta 2026.<\/p>\n<p class=\"font-weight-bold m-font-weight-bold article-content article-content-width !bg-background\">Video: Katri Helena kommentoi vauvahaaveita<\/p>\n<p class=\"article-content article-content-width !bg-background\">Videolla vastasyntynyt pienokainen pit\u00e4\u00e4 hell\u00e4sti kiinni is\u00e4ns\u00e4 peukalosta. Julkaisussa n\u00e4hd\u00e4\u00e4n my\u00f6s levollinen Janne, joka vahtii vierell\u00e4\u00e4n makaavan pikku tulokkaan unta.\u00a0<\/p>\n<p class=\"article-content article-content-width !bg-background\">Videon yhteydess\u00e4 Janne paljastaa my\u00f6s ilouutisen.<\/p>\n<p class=\"article-content article-content-width !bg-background\">\u2013\u00a0Vietin pari p\u00e4iv\u00e4\u00e4 alkukes\u00e4st\u00e4 Hyvink\u00e4\u00e4n sairaalassa.\u00a0Tervetuloa pikkuveli, h\u00e4n kirjoittaa.<\/p>\n<p>Liikuttava\u00a0julkaisu\u00a0ker\u00e4si\u00a0onnitteluja\u00a0<\/p>\n<p class=\"article-content article-content-width !bg-background\">Tuore\u00a0vauvauutinen\u00a0sai\u00a0nopeasti\u00a0runsaasti\u00a0huomiota\u00a0sosiaalisessa mediassa.\u00a0Julkisuudesta\u00a0tutut\u00a0yst\u00e4v\u00e4t\u00a0ja\u00a0kollegat\u00a0kiirehtiv\u00e4t\u00a0onnittelemaan\u00a0perheen\u00a0uutta\u00a0tulokasta.\u00a0<\/p>\n<p class=\"article-content article-content-width !bg-background\">Muun muassa lumilautailija <a alt=\"Haku\" class=\"text-primary-red font-extrabold\" href=\"https:\/\/www.seiska.fi\/haku?q=Eero Ettala\" rel=\"nofollow noopener\" target=\"_blank\">Eero Ettala<\/a> l\u00e4hetti Jannelle l\u00e4mpim\u00e4t onnittelunsa. My\u00f6s toimittaja <a alt=\"Haku\" class=\"text-primary-red font-extrabold\" href=\"https:\/\/www.seiska.fi\/haku?q=Ina Mikkola\" rel=\"nofollow noopener\" target=\"_blank\">Ina Mikkola<\/a> ihasteli vauvaa kommenttikent\u00e4ss\u00e4.<\/p>\n<p class=\"article-content article-content-width !bg-background\">\u2013\u00a0Siis\u00a0aivan\u00a0ihanat. Onnea!\u00a0h\u00e4n\u00a0kirjoitti.\u00a0<\/p>\n<p class=\"font-weight-normal m-font-weight-normal no_italic m-no_italic article-content article-content-width !bg-background\"><a alt=\"Haku\" class=\"text-primary-red font-extrabold\" href=\"https:\/\/www.seiska.fi\/haku?q=&lt;span data-lab-font_weight=\" font-weight-normal=\"\" rel=\"nofollow noopener\" target=\"_blank\">Juontaja-toimittaja Tuija Pehkonen&#8221;&gt;Juontaja-toimittaja Tuija Pehkonen<\/a> l\u00e4hetti onnitteluja koko perheelle ja\u00a0Jannen juontopari <a alt=\"Haku\" class=\"text-primary-red font-extrabold\" href=\"https:\/\/www.seiska.fi\/haku?q=Eva Kela\" rel=\"nofollow noopener\" target=\"_blank\">Eva Kela<\/a> puolestaan reagoi julkaisuun punaisella syd\u00e4nemojilla.<\/p>\n<p>V\u00e4lkommen lillebror \u2013 Tervetuloa pikkuveli<\/p>\n<p class=\"article-content article-content-width !bg-background\">Janne\u00a0tunnetaan\u00a0erityisesti tv- ja radiojuontajana sek\u00e4 stand up -koomikkona. H\u00e4n\u00a0nousi\u00a0suuren\u00a0yleis\u00f6n\u00a0tietoisuuteen Efter Nion my\u00f6t\u00e4, ja on toiminut ohjelman juontajana\u00a0vuodesta 2021.\u00a0<\/p>\n<p class=\"article-content article-content-width !bg-background\">Esikoisensa Janne sai vuonna 2022, ja toinen lapsi syntyi nyt kes\u00e4kuussa 2026.<\/p>\n<p>                <img decoding=\"async\" src=\"https:\/\/www.europesays.com\/fi\/wp-content\/uploads\/2026\/06\/2185684.webp\" width=\"576\" height=\"720\" alt=\"Janne Gr\u00f6nroos julkaisi hellyytt\u00e4v\u00e4n videon vastasyntyneen poikalapsensa kanssa Instagramiin. Julkaisussa kaksikko makaa sairaalan pediss\u00e4 vieretysten.\" loading=\"lazy\" \/>            <\/p>\n<p>\n            Janne Gr\u00f6nroos julkaisi hellyytt\u00e4v\u00e4n videon vastasyntyneen poikalapsensa kanssa Instagramiin. Julkaisussa kaksikko makaa sairaalan pediss\u00e4 vieretysten.<br \/>\n            Timo Korhonen\n        <\/p>\n<p class=\"article-content article-content-width !bg-background\">Vuonna 2025 Janne voitti\u00a0Petolliset-ohjelman yhdess\u00e4 laulaja\u00a0<a alt=\"Haku\" class=\"text-primary-red font-extrabold\" href=\"https:\/\/www.seiska.fi\/haku?q=Tiina Forsbyn\" rel=\"nofollow noopener\" target=\"_blank\">Tiina Forsbyn<\/a> ja sisustusalan yritt\u00e4j\u00e4\u00a0<a alt=\"Haku\" class=\"text-primary-red font-extrabold\" href=\"https:\/\/www.seiska.fi\/haku?q=Marjo Toskalan\" rel=\"nofollow noopener\" target=\"_blank\">Marjo Toskalan<\/a>\u00a0kanssa.\u00a0<\/p>\n","protected":false},"excerpt":{"rendered":"Suosikkijuontaja Janne Gr\u00f6nroos, 41, el\u00e4\u00e4 suurta el\u00e4m\u00e4nmuutosta. Ruotsinkielisest\u00e4 Efter Nio -ohjelmasta tuttu juontaja ilahdutti seuraajiaan julkaisemalla Instagramissa suloisen&hellip;\n","protected":false},"author":2,"featured_media":283326,"comment_status":"","ping_status":"","sticky":false,"template":"","format":"standard","meta":{"footnotes":"","_share_on_mastodon":"0"},"categories":[136],"tags":[407,6973,137,33,31,30,7184,9758,408,98,2928,2397,651,32,23650,1461,6394,109],"class_list":["post-283325","post","type-post","status-publish","format-standard","has-post-thumbnail","category-julkkikset","tag-celebrities","tag-efter-nio","tag-entertainment","tag-fi","tag-finland","tag-finnish","tag-isa","tag-janne-gronroos","tag-julkkikset","tag-perhe","tag-perheenlisays","tag-seiska","tag-suhteet","tag-suomi","tag-suosikkijuontaja","tag-vauva","tag-vauvauutinen","tag-viihde"],"share_on_mastodon":{"url":"https:\/\/pubeurope.com\/@fi\/116793489140800309","error":""},"_links":{"self":[{"href":"https:\/\/www.europesays.com\/fi\/wp-json\/wp\/v2\/posts\/283325","targetHints":{"allow":["GET"]}}],"collection":[{"href":"https:\/\/www.europesays.com\/fi\/wp-json\/wp\/v2\/posts"}],"about":[{"href":"https:\/\/www.europesays.com\/fi\/wp-json\/wp\/v2\/types\/post"}],"author":[{"embeddable":true,"href":"https:\/\/www.europesays.com\/fi\/wp-json\/wp\/v2\/users\/2"}],"replies":[{"embeddable":true,"href":"https:\/\/www.europesays.com\/fi\/wp-json\/wp\/v2\/comments?post=283325"}],"version-history":[{"count":0,"href":"https:\/\/www.europesays.com\/fi\/wp-json\/wp\/v2\/posts\/283325\/revisions"}],"wp:featuredmedia":[{"embeddable":true,"href":"https:\/\/www.europesays.com\/fi\/wp-json\/wp\/v2\/media\/283326"}],"wp:attachment":[{"href":"https:\/\/www.europesays.com\/fi\/wp-json\/wp\/v2\/media?parent=283325"}],"wp:term":[{"taxonomy":"category","embeddable":true,"href":"https:\/\/www.europesays.com\/fi\/wp-json\/wp\/v2\/categories?post=283325"},{"taxonomy":"post_tag","embeddable":true,"href":"https:\/\/www.europesays.com\/fi\/wp-json\/wp\/v2\/tags?post=283325"}],"curies":[{"name":"wp","href":"https:\/\/api.w.org\/{rel}","templated":true}]}}