{"id":283487,"date":"2026-06-22T15:54:15","date_gmt":"2026-06-22T15:54:15","guid":{"rendered":"https:\/\/www.europesays.com\/fi\/283487\/"},"modified":"2026-06-22T15:54:15","modified_gmt":"2026-06-22T15:54:15","slug":"juha-laaksonen-loytaa-luonnon-ilot-lahelta-kaupunkiluonto-yllattaa","status":"publish","type":"post","link":"https:\/\/www.europesays.com\/fi\/283487\/","title":{"rendered":"Juha Laaksonen l\u00f6yt\u00e4\u00e4 luonnon ilot l\u00e4helt\u00e4 \u2013 Kaupunkiluonto yll\u00e4tt\u00e4\u00e4!"},"content":{"rendered":"<p>Mit\u00e4 luontotoimittaja <strong>Juha Laaksonen<\/strong> ajattelee Suomen luonnosta juuri nyt? Yksi Ylen pitk\u00e4ik\u00e4isimmist\u00e4 ja rakastetuimmista ohjelmista on <a href=\"https:\/\/areena.yle.fi\/1-1644634\" target=\"_blank\" rel=\"noreferrer noopener nofollow\">Luontoilta<\/a>, jota esitet\u00e4\u00e4n yleens\u00e4 radiossa mutta toisinaan my\u00f6s televisiossa.<\/p>\n<p>Laaksosta kuullan ohjelman vakituisena lintuasiantuntijana. H\u00e4n on urallaan ehtinyt kirjoittaa my\u00f6s yli 20 tietokirjaa Suomen luontoon liittyen. H\u00e4nen radio-ohjelmastaan <a href=\"https:\/\/areena.yle.fi\/1-50405775\" rel=\"nofollow noopener\" target=\"_blank\">Juha Laaksosen luontoretki on Yle Areenassa kuunneltavissa yli 900 jaksoa<\/a>.<\/p>\n<p>Kysyimme h\u00e4nen n\u00e4kemyst\u00e4 suomalaisten luontosuhteeseen sek\u00e4 my\u00f6s lintuasiantuntijan omia huolen- ja ilonaiheita luontoon liittyen. Suomessa riitt\u00e4\u00e4 valtavasti mets\u00e4\u00e4, mutta haastattelussa k\u00e4vi ilmi, ett\u00e4 Juha Laaksonen ajattelee paljon etenkin vanhoja metsi\u00e4 ja niiden kohtaloa.<\/p>\n<p>Milt\u00e4 suomalaisten luontosuhde nyky\u00e4\u00e4n n\u00e4ytt\u00e4\u00e4?<\/p>\n<p>\u201dAika vaikea kysymys, kun suomalaisia on tietysti joka l\u00e4ht\u00f6\u00f6n. Mutta jos politiikkaakin ajattelee, niin luonnosta puhutaan tosi mielell\u00e4\u00e4n, mutta teot voivat olla erilaisia. <\/p>\n<p>Yleisesti ottaen ihmiset ovat kiinnostuneita luonnosta ja mielell\u00e4\u00e4n kyselev\u00e4t siit\u00e4. Toisaalta monen kiinnostus on s\u00e4\u00e4riippuvaista. Kun on sopivan l\u00e4mmint\u00e4 eik\u00e4 tuule, jaksetaan olla kiinnostuneita. Mutta kun sataa tai on kylm\u00e4, luonto ei v\u00e4ltt\u00e4m\u00e4tt\u00e4 en\u00e4\u00e4 ole kovin kiva. V\u00e4h\u00e4n kaksijakoiselta se suhde n\u00e4ytt\u00e4\u00e4.\u201d<\/p>\n<p>Moni suomalainen kuitenkin yh\u00e4 sanoo, ett\u00e4 luonnossa sielu lep\u00e4\u00e4.<\/p>\n<p>\u201dJoo, se on toisaalta pahin klisee mit\u00e4 on, mutta toisaalta se ei ole v\u00e4\u00e4rin sanottu, koska edelleen ihmiset menev\u00e4t luontoon juuri rauhoittumaan ja rentoutumaan. Suurin osa tykk\u00e4\u00e4 olla ulkona ja k\u00e4vell\u00e4 mets\u00e4ss\u00e4.\u201d<\/p>\n<p>Kansalla voi my\u00f6s raha ja luonto painaa eri vaakakupeissa.<\/p>\n<p>\u201dNiin, mitenk\u00e4\u00e4n tuomitsematta ket\u00e4\u00e4n, on ihan hyv\u00e4 kysymys, ett\u00e4 jos mets\u00e4nomistajalla on arvokasta mets\u00e4\u00e4, mik\u00e4 luontoarvojen kannalta kannattaisi suojella, mutta mets\u00e4nomistaja my\u00f6s tarvitsee rahaa. <\/p>\n<p>Voittaako silloin pystyss\u00e4 oleva mets\u00e4 vai fyrkka? Luontosuhde voi olla vahva, mutta suhde johonkin muuhun viel\u00e4 vahvempi.\u201d<\/p>\n<p><a href=\"https:\/\/seura.fi\/ilmiot\/tiede-ja-luonto\/valtion-metsat-ovat-yhteisia-metsavahdit-suojaavat-arvokkaita-metsia\/\" rel=\"nofollow noopener\" target=\"_blank\">Lue my\u00f6s: Mets\u00e4vahdit vartioivat valtion harvoja metsi\u00e4, joissa h\u00f6m\u00f6tiainen viel\u00e4 k\u00e4hisee \u2013 \u201dValtion mets\u00e4t ovat suomalaisten yhteist\u00e4 omaisuutta\u201d<\/a><\/p>\n<p>    <a href=\"https:\/\/seura.fi\/wp-content\/uploads\/2026\/06\/seuran-otsikko-94.jpg\" rel=\"nofollow noopener\" target=\"_blank\"><img loading=\"lazy\" decoding=\"async\" alt=\"\" class=\"wp-image-2157281 awpo-lqip awpo-lazy\" width=\"1920\" height=\"1080\" style=\"--aspect-ratio: 1.78\" src=\"https:\/\/www.europesays.com\/fi\/wp-content\/uploads\/2026\/06\/seuran-otsikko-94.jpg\"\/><\/a><br \/>\n      Vanhaa mets\u00e4\u00e4 Evon retkeilyalueen Kotisen luonnonsuojelualueella. Kuva Marjo Tynkkynen          <\/p>\n<p>Toisaalta luonnonsuojelukaan ei aina ole ihan mustavalkoinen asia?<\/p>\n<p>\u201dLuonnonsuojelukysymys on monilta osin vaikea. Otetaan esimerkiksi vaikka <a href=\"https:\/\/seura.fi\/ilmiot\/tiede-ja-luonto\/naali-on-palaamassa-suomen-elaimistoon-pesimaan\/\" rel=\"nofollow noopener\" target=\"_blank\">naali <\/a>ja sen pelastaminen. Ensin ihminen mets\u00e4sti naalin melkein sukupuuttoon. Sitten ilmaston l\u00e4mmetess\u00e4 naalin pahin kilpailija kettu levitt\u00e4ytyy koko ajan pohjoisemmaksi. <\/p>\n<p>Nyt naalia elvytet\u00e4\u00e4n lajina ja niit\u00e4 joudutaan ruokkimaan ja toisaalta kettuja koko ajan tappamaan. Eih\u00e4n se projekti lopu koskaan. Ett\u00e4 jos tuota ajattelee kriittisesti, niin onko j\u00e4rkev\u00e4\u00e4 suojella yht\u00e4 lajia t\u00e4ll\u00e4 tavoin?\u201d<\/p>\n<p>Miksi moni muukin laji aiheuttaa ristiriitaisia tunteita?<\/p>\n<p>\u201dVieraslajiasiat ovat jakaneet mielipiteit\u00e4 ikiaikaisesti. Sitten merimetsot, valkoposkihanhet ja lis\u00e4ksi tietenkin suurpedot kiihdytt\u00e4v\u00e4t mielipiteit\u00e4 ja yksi hyvin arkinen el\u00e4in my\u00f6s eli kissa. V\u00e4lill\u00e4 tuntuu, ett\u00e4 jotkut vihaavat jotain lajeja hyvinkin intohimoisesti, vaikka heill\u00e4 itsell\u00e4\u00e4n ei ole mit\u00e4\u00e4n kosketuspintaa niihin. Se on manipulaation tulosta.\u201d<\/p>\n<p><a href=\"https:\/\/seura.fi\/ilmiot\/reportaasit\/haitalliset-vieraspedot-supikoira-ja-minkki\/\" rel=\"nofollow noopener\" target=\"_blank\">Lue my\u00f6s: Supikoira ja minkki ovat pes\u00e4rosvoina uhka saariston vesilinnuille \u2013 Mets\u00e4st\u00e4j\u00e4n mukaan vieraspetojen pyyt\u00e4minen kuuluu velvollisuuksiin<\/a><\/p>\n<p>Mik\u00e4 sinua huolettaa nyt Suomen luonnossa?<\/p>\n<p>\u201dVanhojen metsien v\u00e4heneminen. Suomessa on tietysti ihan tolkuttomasti mets\u00e4\u00e4, mutta on eri asia puhua vanhasta mets\u00e4st\u00e4 kuin nuoresta mets\u00e4st\u00e4. Ihmettelen, miksi jotkut suhtautuvat hirve\u00e4n kriittisesti siihen, kun yritet\u00e4\u00e4n puhua vanhojen metsien puolesta. Eiv\u00e4tk\u00f6 he vain halua ymm\u00e4rt\u00e4\u00e4, mik\u00e4 ero on monipuulajisella arvomets\u00e4ll\u00e4 ja puupellolla. <\/p>\n<p>Olisi hyv\u00e4, ett\u00e4 p\u00e4\u00e4st\u00e4isiin jonkinn\u00e4k\u00f6iseen keskustelukonsensukseen ja irvailtaisiin v\u00e4hemm\u00e4n. Minusta mets\u00e4\u00e4 voi ja pit\u00e4\u00e4 k\u00e4ytt\u00e4\u00e4 hyv\u00e4ksi, mutta miksei niit\u00e4 viimeisi\u00e4 vanhoja metsi\u00e4 voisi j\u00e4tt\u00e4\u00e4 rauhaan?\u201d<\/p>\n<p>    <a href=\"https:\/\/seura.fi\/wp-content\/uploads\/2026\/06\/seuran-otsikko-95.jpg\" rel=\"nofollow noopener\" target=\"_blank\"><img loading=\"lazy\" decoding=\"async\" alt=\"\" class=\"wp-image-2157283 awpo-lqip awpo-lazy\" width=\"1920\" height=\"1080\" style=\"--aspect-ratio: 1.78\" src=\"https:\/\/www.europesays.com\/fi\/wp-content\/uploads\/2026\/06\/seuran-otsikko-95.jpg\"\/><\/a><br \/>\n      Kaatunut puu suomalaisessa aarniomets\u00e4ss\u00e4. Kuva Kari Hirvo \/ SKOY \/ Otavamedia          <\/p>\n<p>Mit\u00e4 ilon aiheita luonnossa on viime vuosina ilmennyt?<\/p>\n<p>\u201dKaupunkiluonto. On nyky\u00e4\u00e4n kaikenlaisia lintuja, kauriita, kettuja ja rusakoita. Monimuotoisuutta l\u00f6ytyy aika l\u00e4helt\u00e4 asuinalueita. <\/p>\n<p>Ehk\u00e4 yksi neuvoni voisi olla, ett\u00e4 ei v\u00e4ltt\u00e4m\u00e4tt\u00e4 tarvitse l\u00e4hte\u00e4 <a href=\"https:\/\/seura.fi\/ilmiot\/tarinat\/burn-out-yllatti-sonja-hyppasi-oravanpyorasta-lapin-tahtitaivaan-alle-metsat-ja-tunturit-ovat-minun-kotiani-eivat-kaupungit-ja-toimistot\/\" rel=\"nofollow noopener\" target=\"_blank\">er\u00e4maahan <\/a>tai muualle kauas, jotta <a href=\"https:\/\/seura.fi\/matkailu\/retkeily-vie-luontoon-nain-aloittelijoita-ja-kokeneita-retkelijoita-neuvoo-vuoden-lapin-eramaissa-vaeltanut-erno-saukko\/\" rel=\"nofollow noopener\" target=\"_blank\">voi kokea luontoa ja havaita kaikenlaisia j\u00e4nnitt\u00e4vi\u00e4 tapahtumia<\/a>. Ei kannata ajatella, ett\u00e4 kaikki ihmeellinen tapahtuu jossain kaukana. Omalla pihallaankin voi n\u00e4hd\u00e4 kaikenn\u00e4k\u00f6ist\u00e4.<\/p>\n<p>Kannustan my\u00f6s ymp\u00e4rivuotiseen retkeilyyn, kaupunkien l\u00e4hell\u00e4kin on paljon hyvi\u00e4 retkeilypaikkoja. Kaikki vuodenajat ovat hyvi\u00e4 luontoharrastukselle. Talvella voi seurata <a href=\"https:\/\/seura.fi\/ilmiot\/tiede-ja-luonto\/elainten-jaljet-lumessa\/\" rel=\"nofollow noopener\" target=\"_blank\">lumij\u00e4lki\u00e4<\/a>. <\/p>\n<p>Syksyll\u00e4 on hienoja v\u00e4rej\u00e4 ja tuoksuja luonnossa sek\u00e4 paljon linnunpoikasia ja nis\u00e4kk\u00e4iden poikasia. Se on tosi kivaa aikaa. Ja kes\u00e4ll\u00e4 tietysti y\u00f6tt\u00f6m\u00e4ss\u00e4 y\u00f6ss\u00e4 el\u00e4imet ovat tosi aktiivisia. Jos voisin t\u00e4ysin vapaasti valita, nukkuisin p\u00e4iv\u00e4t ja valvoisin kaikki y\u00f6t katselemassa el\u00e4imi\u00e4 ja luontoa.\u201d<\/p>\n<p><a href=\"https:\/\/seura.fi\/ilmiot\/tiede-ja-luonto\/miksi-varikset-pomppivat-uhkarohkeastikeskella-tieta\/\" rel=\"nofollow noopener\" target=\"_blank\">Lue my\u00f6s: Miksi varikset pomppivat maanteill\u00e4 liikenteen keskell\u00e4? N\u00e4in asiantuntija analysoi uhkarohkeaa ja kohtalokasta k\u00e4yt\u00f6st\u00e4<\/a><\/p>\n<p>    <a href=\"https:\/\/seura.fi\/wp-content\/uploads\/2026\/06\/seuran-otsikko-92.jpg\" rel=\"nofollow noopener\" target=\"_blank\"><img loading=\"lazy\" decoding=\"async\" alt=\"\" class=\"wp-image-2157265 awpo-lqip awpo-lazy\" width=\"1920\" height=\"1080\" style=\"--aspect-ratio: 1.78\" src=\"https:\/\/www.europesays.com\/fi\/wp-content\/uploads\/2026\/06\/1782143655_555_seuran-otsikko-92.jpg\"\/><\/a><br \/>\n      Varis on \u00e4lyk\u00e4s lintu, mutta nuorille yksil\u00f6ille autot ovat vaarallisia ja vaikeasti k\u00e4sitett\u00e4vi\u00e4 asioita.      <\/p>\n<p>          \u00a9 istock.com        <\/p>\n<p><a href=\"https:\/\/seura.fi\/ilmiot\/tiede-ja-luonto\/nain-karhun-tassunjaljen-kotimme-lahella-eika-turvallisuudentunne-jarkkynyt\/\" target=\"_blank\" rel=\"noreferrer noopener nofollow\">Lue my\u00f6s: N\u00e4in karhun tassunj\u00e4ljen kotimme l\u00e4hell\u00e4, eik\u00e4 turvallisuudentunne j\u00e4rkkynyt \u2013 \u201dKannattaa nauttia siit\u00e4, ett\u00e4 kohtaa mesik\u00e4mmenen\u201d<\/a><\/p>\n","protected":false},"excerpt":{"rendered":"Mit\u00e4 luontotoimittaja Juha Laaksonen ajattelee Suomen luonnosta juuri nyt? Yksi Ylen pitk\u00e4ik\u00e4isimmist\u00e4 ja rakastetuimmista ohjelmista on Luontoilta, jota&hellip;\n","protected":false},"author":2,"featured_media":283488,"comment_status":"","ping_status":"","sticky":false,"template":"","format":"standard","meta":{"footnotes":"","_share_on_mastodon":"0"},"categories":[117],"tags":[33,31,30,6277,72,37989,7167,823,476,118,15189,32,119,477],"class_list":["post-283487","post","type-post","status-publish","format-standard","has-post-thumbnail","category-luonto","tag-fi","tag-finland","tag-finnish","tag-lahiluonto","tag-luonto","tag-luontomatkailu","tag-luontosuhde","tag-metsat","tag-nature","tag-science","tag-suomen-luonto","tag-suomi","tag-tiede","tag-wildlife"],"share_on_mastodon":{"url":"https:\/\/pubeurope.com\/@fi\/116794573961956027","error":""},"_links":{"self":[{"href":"https:\/\/www.europesays.com\/fi\/wp-json\/wp\/v2\/posts\/283487","targetHints":{"allow":["GET"]}}],"collection":[{"href":"https:\/\/www.europesays.com\/fi\/wp-json\/wp\/v2\/posts"}],"about":[{"href":"https:\/\/www.europesays.com\/fi\/wp-json\/wp\/v2\/types\/post"}],"author":[{"embeddable":true,"href":"https:\/\/www.europesays.com\/fi\/wp-json\/wp\/v2\/users\/2"}],"replies":[{"embeddable":true,"href":"https:\/\/www.europesays.com\/fi\/wp-json\/wp\/v2\/comments?post=283487"}],"version-history":[{"count":0,"href":"https:\/\/www.europesays.com\/fi\/wp-json\/wp\/v2\/posts\/283487\/revisions"}],"wp:featuredmedia":[{"embeddable":true,"href":"https:\/\/www.europesays.com\/fi\/wp-json\/wp\/v2\/media\/283488"}],"wp:attachment":[{"href":"https:\/\/www.europesays.com\/fi\/wp-json\/wp\/v2\/media?parent=283487"}],"wp:term":[{"taxonomy":"category","embeddable":true,"href":"https:\/\/www.europesays.com\/fi\/wp-json\/wp\/v2\/categories?post=283487"},{"taxonomy":"post_tag","embeddable":true,"href":"https:\/\/www.europesays.com\/fi\/wp-json\/wp\/v2\/tags?post=283487"}],"curies":[{"name":"wp","href":"https:\/\/api.w.org\/{rel}","templated":true}]}}