{"id":28350,"date":"2025-09-07T16:33:07","date_gmt":"2025-09-07T16:33:07","guid":{"rendered":"https:\/\/www.europesays.com\/fi\/28350\/"},"modified":"2025-09-07T16:33:07","modified_gmt":"2025-09-07T16:33:07","slug":"max-verstappen-kruunasi-huippuviikonloppunsa-monzan-gpn-voitolla-mclarenilla-tallimaarays-varikko-ongelmien-takia-urheilua-lyhyesti","status":"publish","type":"post","link":"https:\/\/www.europesays.com\/fi\/28350\/","title":{"rendered":"Max Verstappen kruunasi huippu\u00adviikonloppunsa Monzan GP:n voitolla \u2013 McLarenilla tallim\u00e4\u00e4r\u00e4ys varikko-ongelmien takia | Urheilua lyhyesti"},"content":{"rendered":"<p class=\"sc-jYczwO sc-dNFkOE frIBdZ edVjwg yle__article__paragraph\">Lando Norrisin varikko\u00adpys\u00e4hdys ep\u00e4onnistui rengas\u00adruuvi\u00adkoneen ongelman takia. Tallikaveri Oscar Piastri p\u00e4\u00e4sti h\u00e4net kuitenkin takaisin kakkospaikalle.<\/p>\n<p><img decoding=\"async\" alt=\"Max Verstappen ohjaa Red Bull -autoa Monzassa Formula 1:n Italian Grand Prix'ss\u00e4.\" src=\"https:\/\/www.europesays.com\/fi\/wp-content\/uploads\/2025\/09\/39-151862368bd9925dc62b.jpeg\" class=\"sc-dntSTA iywpZY\"\/><\/p>\n<p>Avaa kuvien katselu<\/p>\n<p>Max Verstappen pystyi pit\u00e4m\u00e4\u00e4n johtonsa Italian Grand Prix&#8217;ss\u00e4. Kuva: Marco Bertorello \/ AFP<\/p>\n<p>17:42\u2022P\u00e4ivitetty 18:57<\/p>\n<p class=\"sc-jYczwO sc-MHKXp frIBdZ kvWBfs yle__accessibilityText\">Osa artikkelin sis\u00e4ll\u00f6st\u00e4 ei ole v\u00e4ltt\u00e4m\u00e4tt\u00e4 saavutettavissa esimerkiksi ruudunlukuohjelmalla.<\/p>\n<p class=\"sc-jYczwO sc-ciCoXh frIBdZ cPdSqu yle__article__paragraph\">Paalupaikalta l\u00e4htenyt Red Bullin <strong class=\"sc-eEHciv kkmMDs yle__article__strong\">Max Verstappen<\/strong> ajoi formula 1:n Italian Grand Prix&#8217;n voittoon Monzassa.<\/p>\n<p class=\"sc-jYczwO sc-ciCoXh frIBdZ cPdSqu yle__article__paragraph\">Verstappen joutui p\u00e4\u00e4st\u00e4m\u00e4\u00e4n toisesta ruudusta l\u00e4hteneen McLarenin <strong class=\"sc-eEHciv kkmMDs yle__article__strong\">Lando Norrisin<\/strong> hetkeksi ensimm\u00e4iseksi kiihke\u00e4n l\u00e4hd\u00f6n j\u00e4lkeen, mutta h\u00e4n p\u00e4\u00e4si takaisin k\u00e4rkeen nelj\u00e4nnell\u00e4 kierroksella ohittamalla Norrisin uskaliaalla liikkeell\u00e4 \u0161ikaanimutkassa.<\/p>\n<p class=\"sc-jYczwO sc-ciCoXh frIBdZ cPdSqu yle__article__paragraph\">Kyseess\u00e4 oli hallitsevan maailmanmestarin Verstappenin ensimm\u00e4inen voitto toukokuun j\u00e4lkeen ja vasta kolmas t\u00e4ll\u00e4 kaudella. Viikonloppu oli muutenkin hollantilaiselle onnistunut, sill\u00e4 h\u00e4n ajoi lauantaina aika-ajossa F1-historian <a class=\"sc-jDJeIs gotUgl yle__article__link\" href=\"https:\/\/yle.fi\/a\/74-20181462\" role=\"link\" rel=\"nofollow noopener\" target=\"_blank\">nopeimman kierrosajan<\/a>.<\/p>\n<p class=\"sc-jYczwO sc-ciCoXh frIBdZ cPdSqu yle__article__paragraph\">\u2013 Se oli uskomatonta, pojat! Hyvin tehty kaikilta. Mik\u00e4 uskomaton viikonloppu. Voimme olla todella ylpeit\u00e4 siit\u00e4, Verstappen sanoi talliradiossa.<\/p>\n<p class=\"sc-jYczwO sc-ciCoXh frIBdZ cPdSqu yle__article__paragraph\">Seuraavilla sijoilla maaliin tulivat Norris ja toinen McLaren-kuski <strong class=\"sc-eEHciv kkmMDs yle__article__strong\">Oscar Piastri<\/strong>. Kaksikko on ollut jo pitk\u00e4\u00e4n muilta karussa MM-pisteiss\u00e4. T\u00e4ll\u00e4 kertaa McLareneista ensin maaliin tuli Norris, mutta kisan loppupuolella n\u00e4htiin erikoinen tilanne.<\/p>\n<p class=\"sc-jYczwO sc-ciCoXh frIBdZ cPdSqu yle__article__paragraph\">Norrisin varikkopys\u00e4hdys ep\u00e4onnistui ja venyi per\u00e4ti 5,9 sekunnin mittaiseksi rengasruuvikoneen ongelman takia. T\u00e4m\u00e4 pudotti h\u00e4net Piastrin taakse. Piastria pyydettiin tallim\u00e4\u00e4r\u00e4yksell\u00e4 palauttamaan Norrisille t\u00e4m\u00e4n kakkopaikka, ja h\u00e4n totteli.<\/p>\n<p class=\"sc-jYczwO sc-ciCoXh frIBdZ cPdSqu yle__article__paragraph\">\u2013 Minulla ei ole mit\u00e4\u00e4n k\u00e4sityst\u00e4 [mit\u00e4 varikolla tapahtui], mutta kai me toisinaan teemme virheit\u00e4 tiimin\u00e4, ja t\u00e4n\u00e4\u00e4n oli sellainen p\u00e4iv\u00e4. Tein kaikkeni t\u00e4n\u00e4\u00e4n enk\u00e4 olisi pystynyt paljoa enemp\u00e4\u00e4n. Yritin taistella Maxia vastaan, mutta h\u00e4n oli parempi ja ansaitsee sen, Norris kommentoi kisan j\u00e4lkeen.<\/p>\n<p>Tulokset<\/p>\n<p class=\"sc-jYczwO sc-ciCoXh frIBdZ cPdSqu yle__article__paragraph\">1. Max Verstappen, Red Bull<br \/>2. Lando Norris, McLaren +19,207<br \/>3. Oscar Piastri, McLaren +21,351<br \/>4. Charles Leclerc, Ferrari +25,624<br \/>5. George Russell, Mercedes +32,881<br \/>6. Lewis Hamilton, Ferrari +37,449<br \/>7. Alexander Albon, Williams +50,537<br \/>8. Gabriel Bortoleto, Sauber +58,484<br \/>9. Kimi Antonelli, Mercedes +59,762<br \/>10. Isack Hadjar, Racing Bulls +1.03,891<br \/>11. Carlos Sainz Jr., Williams +1.04,469<br \/>12. Oliver Bearman, Haas +1.19,288<br \/>13. Yuki Tsunoda, Red Bull +1.20,701<br \/>14. Liam Lawson, Racing Bulls +1.22,351<br \/>15. Esteban Ocon, Haas +1 kier.<br \/>16. Pierre Gasly, Alpine +1 kier.<br \/>17. Franco Colapinto, Alpine +1 kier.<br \/>18. Lance Stroll, Aston Martin +1 kier.<br \/>Fernando Alonso, Aston Martin kesk.<br \/>Nico H\u00fclkenberg, Sauber kesk.<\/p>\n<p class=\"sc-jYczwO sc-ciCoXh frIBdZ cPdSqu yle__article__paragraph\">Oscar Piastrin johto Lando Norrisiin kuljettajien MM-sarjassa kaventui 31 pisteeseen. Formulakausi jatkuu kahden viikon p\u00e4\u00e4st\u00e4 Azerbaid\u017eanin GP:ll\u00e4 Bakussa.<\/p>\n","protected":false},"excerpt":{"rendered":"Lando Norrisin varikko\u00adpys\u00e4hdys ep\u00e4onnistui rengas\u00adruuvi\u00adkoneen ongelman takia. Tallikaveri Oscar Piastri p\u00e4\u00e4sti h\u00e4net kuitenkin takaisin kakkospaikalle. Avaa kuvien katselu&hellip;\n","protected":false},"author":2,"featured_media":28351,"comment_status":"","ping_status":"","sticky":false,"template":"","format":"standard","meta":{"footnotes":""},"categories":[5],"tags":[22,23,26,27,33,31,30,3437,17,7317,24,25,28,29,7571,15,7279,18,21,32,19,20,160,16],"class_list":{"0":"post-28350","1":"post","2":"type-post","3":"status-publish","4":"format-standard","5":"has-post-thumbnail","7":"category-otsikot","8":"tag-breaking-news","9":"tag-breakingnews","10":"tag-featured-news","11":"tag-featurednews","12":"tag-fi","13":"tag-finland","14":"tag-finnish","15":"tag-formula-1","16":"tag-headlines","17":"tag-lando-norris","18":"tag-latest-news","19":"tag-latestnews","20":"tag-main-news","21":"tag-mainnews","22":"tag-max-verstappen","23":"tag-news","24":"tag-oscar-piastri","25":"tag-otsikot","26":"tag-paauutiset","27":"tag-suomi","28":"tag-top-stories","29":"tag-topstories","30":"tag-urheilu","31":"tag-uutiset"},"share_on_mastodon":{"url":"","error":""},"_links":{"self":[{"href":"https:\/\/www.europesays.com\/fi\/wp-json\/wp\/v2\/posts\/28350","targetHints":{"allow":["GET"]}}],"collection":[{"href":"https:\/\/www.europesays.com\/fi\/wp-json\/wp\/v2\/posts"}],"about":[{"href":"https:\/\/www.europesays.com\/fi\/wp-json\/wp\/v2\/types\/post"}],"author":[{"embeddable":true,"href":"https:\/\/www.europesays.com\/fi\/wp-json\/wp\/v2\/users\/2"}],"replies":[{"embeddable":true,"href":"https:\/\/www.europesays.com\/fi\/wp-json\/wp\/v2\/comments?post=28350"}],"version-history":[{"count":0,"href":"https:\/\/www.europesays.com\/fi\/wp-json\/wp\/v2\/posts\/28350\/revisions"}],"wp:featuredmedia":[{"embeddable":true,"href":"https:\/\/www.europesays.com\/fi\/wp-json\/wp\/v2\/media\/28351"}],"wp:attachment":[{"href":"https:\/\/www.europesays.com\/fi\/wp-json\/wp\/v2\/media?parent=28350"}],"wp:term":[{"taxonomy":"category","embeddable":true,"href":"https:\/\/www.europesays.com\/fi\/wp-json\/wp\/v2\/categories?post=28350"},{"taxonomy":"post_tag","embeddable":true,"href":"https:\/\/www.europesays.com\/fi\/wp-json\/wp\/v2\/tags?post=28350"}],"curies":[{"name":"wp","href":"https:\/\/api.w.org\/{rel}","templated":true}]}}