{"id":283550,"date":"2026-06-22T18:00:14","date_gmt":"2026-06-22T18:00:14","guid":{"rendered":"https:\/\/www.europesays.com\/fi\/283550\/"},"modified":"2026-06-22T18:00:14","modified_gmt":"2026-06-22T18:00:14","slug":"maria-nordinin-juhannus-raskaana-oleva-somevaikuttaja-jakoi-erikoisia-hetkia-instagramissa","status":"publish","type":"post","link":"https:\/\/www.europesays.com\/fi\/283550\/","title":{"rendered":"Maria Nordinin juhannus: Raskaana oleva somevaikuttaja jakoi erikoisia hetki\u00e4 Instagramissa"},"content":{"rendered":"<p class=\"article-content article-content-width !bg-background\">Arkkitehti ja somevaikuttaja <a alt=\"Haku\" class=\"text-primary-red font-extrabold\" href=\"https:\/\/www.seiska.fi\/haku?q=Maria Nordin\" rel=\"nofollow noopener\" target=\"_blank\">Maria Nordin<\/a>, 42, ja h\u00e4nen kumppaninsa <a alt=\"Haku\" class=\"text-primary-red font-extrabold\" href=\"https:\/\/www.seiska.fi\/haku?q=Reino Nordin\" rel=\"nofollow noopener\" target=\"_blank\">Reino Nordin<\/a> viettiv\u00e4t juhannuksen t\u00e4n\u00e4 vuonna erill\u00e4\u00e4n.<\/p>\n<p class=\"font-weight-bold m-font-weight-bold article-content article-content-width !bg-background\">Katso my\u00f6s! Kiire yll\u00e4tti Maria Nordinin (2025):<\/p>\n<p class=\"article-content article-content-width !bg-background\">Viidett\u00e4 lastaan odottava Maria juhli kokon ymp\u00e4rill\u00e4 lastensa seurassa, kun muusikkorakas Reino keikkaili juhannusy\u00f6ss\u00e4.<\/p>\n<p>Kokkoon lensi muutakin kuin klapeja!<\/p>\n<p class=\"article-content article-content-width !bg-background\">Maria jakoi<a href=\"https:\/\/www.instagram.com\/marianordin.freetoheal\/?utm_source=ig_embed&amp;ig_rid=A0bJmHLPH211R1alqFASJwV\" target=\"_blank\" rel=\"nofollow noopener\"> Instagram-tililleen<\/a> juhannusaattona (19.6.) kertomuksen h\u00e4nen juhannuksensa kohokohdista. Otoksessa Maria poseeraa punaisessa hameessa kauniisti py\u00f6ristynytt\u00e4 raskausvatsaansa pidellen.\u00a0<\/p>\n<p class=\"article-content article-content-width !bg-background\"> \u2013\u00a0M\u00e4 olen viett\u00e4nyt t\u00e4ydellisen low effort -juhannuksen lasten kanssa. Uimista ja saunomista koko p\u00e4iv\u00e4. Nyt raskaana on erityisen ihana lillua j\u00e4rvivedess\u00e4. Olla kannateltuna ja tuntea miten vauva kelluu minussa. Olen niin kiitollinen ett\u00e4 saan kokea t\u00e4m\u00e4n el\u00e4m\u00e4n ihmeen viel\u00e4 kerran, Maria kirjoittaa julkaisunsa kuvatekstiss\u00e4. <\/p>\n<p class=\"article-content article-content-width !bg-background\">Kuvan taustalla loimuaa n\u00e4ytt\u00e4v\u00e4 kokko, johon Marian mukaan lensi t\u00e4ll\u00e4 kertaa muutakin kuin pelkk\u00e4\u00e4 polttopuuta.<\/p>\n<p class=\"article-content article-content-width !bg-background\"> \u2013 Sinne vaan kokkoon kaikki vanhat roinat nurkista ja mielest\u00e4. Auringon valoa syd\u00e4mest\u00e4 tilalle. Vau mik\u00e4 luomisvoima meiss\u00e4 onkaan! Maria hehkuttaa. <\/p>\n<p class=\"article-content article-content-width !bg-background\">Reinolla oli keikka juhannusaattona (19.6.) Raaseporissa ravintola Smoky Morriksessa.<\/p>\n<p>                <img decoding=\"async\" src=\"https:\/\/www.europesays.com\/fi\/wp-content\/uploads\/2026\/06\/2187327.webp\" width=\"576\" height=\"720\" alt=\"Marialla ja Reinolla on jo entuudestaan nelj\u00e4 yhteist\u00e4 lasta. Kuopuksen paikkaa pit\u00e4\u00e4 viel\u00e4 toistaiseksi kes\u00e4ll\u00e4 2022 syntynyt piltti. Perheeseen kuuluu my\u00f6s Reinon nyt jo aikuinen poika h\u00e4nen edellisest\u00e4 suhteestaan.\" loading=\"lazy\" \/>            <\/p>\n<p>\n            Marialla ja Reinolla on jo entuudestaan nelj\u00e4 yhteist\u00e4 lasta. Kuopuksen paikkaa pit\u00e4\u00e4 viel\u00e4 toistaiseksi kes\u00e4ll\u00e4 2022 syntynyt piltti. Perheeseen kuuluu my\u00f6s Reinon nyt jo aikuinen poika h\u00e4nen edellisest\u00e4 suhteestaan.<br \/>\n            Atte Kajova\n        <\/p>\n<p>Erilainen odottaja<\/p>\n<p class=\"article-content article-content-width !bg-background\">Maria on tunnettu kuohauttavista mielipiteist\u00e4\u00e4n, erityisesti mit\u00e4 terveyteen tulee.\u00a0Maria kuuluu niin sanottujen vaihtoehtoisten hoitojen kannattajiin. H\u00e4n kannustaa ihmisi\u00e4 kokeilemaan luonnonmukaisia keinoja ja on puhunut avoimesti muun muassa manifestoinnin ja alitajuisten uskomusten voimasta.<\/p>\n<p class=\"article-content article-content-width !bg-background\"><a href=\"https:\/\/www.instagram.com\/p\/DXwojuvjEgr\/?utm_source=ig_web_copy_link&amp;igsh=MzRlODBiNWFlZA==\" target=\"_blank\" rel=\"nofollow noopener\">Maria on kertonut aiemmin Instagramissa<\/a>, ettei esimerkiksi koe t\u00e4m\u00e4nk\u00e4\u00e4n raskauden kohdalla tarvetta raskaudenaikaisille neuvolak\u00e4ynneille,<a href=\"https:\/\/www.terveyskirjasto.fi\/dlk00186\" target=\"_blank\" rel=\"nofollow noopener\"> toisinkuin valtaosa muista odottavista suomalais\u00e4ideist\u00e4<\/a>. Samassa h\u00e4n kuitenkin huomautti, ettei h\u00e4n suinkaan vastusta kaikkia l\u00e4\u00e4ketieteellisi\u00e4 tutkimuksia. Ennalta m\u00e4\u00e4riteltyjen kartoitusten sijaan h\u00e4n kuitenkin kuuntelee ennemmin omaa kehoaan ja oloaan. <\/p>\n<p class=\"article-content article-content-width !bg-background\">Maria kertoi odottavansa viidett\u00e4 lastaan maaliskuussa 2026.<\/p>\n<p><script async src=\"\/\/www.instagram.com\/embed.js\"><\/script><\/p>\n","protected":false},"excerpt":{"rendered":"Arkkitehti ja somevaikuttaja Maria Nordin, 42, ja h\u00e4nen kumppaninsa Reino Nordin viettiv\u00e4t juhannuksen t\u00e4n\u00e4 vuonna erill\u00e4\u00e4n. Katso my\u00f6s!&hellip;\n","protected":false},"author":2,"featured_media":283551,"comment_status":"","ping_status":"","sticky":false,"template":"","format":"standard","meta":{"footnotes":"","_share_on_mastodon":"0"},"categories":[130],"tags":[137,33,31,30,7872,212,12707,2443,5184,32,37992,109],"class_list":["post-283550","post","type-post","status-publish","format-standard","has-post-thumbnail","category-viihde","tag-entertainment","tag-fi","tag-finland","tag-finnish","tag-juhannus","tag-lifestyle","tag-maria-nordin","tag-raskaus","tag-reino-nordin","tag-suomi","tag-vaihtoehtoiset-hoidot","tag-viihde"],"share_on_mastodon":{"url":"https:\/\/pubeurope.com\/@fi\/116795069678053842","error":""},"_links":{"self":[{"href":"https:\/\/www.europesays.com\/fi\/wp-json\/wp\/v2\/posts\/283550","targetHints":{"allow":["GET"]}}],"collection":[{"href":"https:\/\/www.europesays.com\/fi\/wp-json\/wp\/v2\/posts"}],"about":[{"href":"https:\/\/www.europesays.com\/fi\/wp-json\/wp\/v2\/types\/post"}],"author":[{"embeddable":true,"href":"https:\/\/www.europesays.com\/fi\/wp-json\/wp\/v2\/users\/2"}],"replies":[{"embeddable":true,"href":"https:\/\/www.europesays.com\/fi\/wp-json\/wp\/v2\/comments?post=283550"}],"version-history":[{"count":0,"href":"https:\/\/www.europesays.com\/fi\/wp-json\/wp\/v2\/posts\/283550\/revisions"}],"wp:featuredmedia":[{"embeddable":true,"href":"https:\/\/www.europesays.com\/fi\/wp-json\/wp\/v2\/media\/283551"}],"wp:attachment":[{"href":"https:\/\/www.europesays.com\/fi\/wp-json\/wp\/v2\/media?parent=283550"}],"wp:term":[{"taxonomy":"category","embeddable":true,"href":"https:\/\/www.europesays.com\/fi\/wp-json\/wp\/v2\/categories?post=283550"},{"taxonomy":"post_tag","embeddable":true,"href":"https:\/\/www.europesays.com\/fi\/wp-json\/wp\/v2\/tags?post=283550"}],"curies":[{"name":"wp","href":"https:\/\/api.w.org\/{rel}","templated":true}]}}