{"id":283804,"date":"2026-06-23T02:49:02","date_gmt":"2026-06-23T02:49:02","guid":{"rendered":"https:\/\/www.europesays.com\/fi\/283804\/"},"modified":"2026-06-23T02:49:02","modified_gmt":"2026-06-23T02:49:02","slug":"krimilla-vakava-tilanne-luoja-miksi-mina-olen-taalla","status":"publish","type":"post","link":"https:\/\/www.europesays.com\/fi\/283804\/","title":{"rendered":"Krimill\u00e4 vakava tilanne \u2013 \u201dLuoja, miksi min\u00e4 olen t\u00e4\u00e4ll\u00e4?\u201d"},"content":{"rendered":"<p>Ukrainan iskujen kurittama Krimin niemimaa on ajautunut vakavaan kriisiin.<\/p>\n<p><img decoding=\"async\" class=\"image image-show image-preview\" src=\"https:\/\/www.europesays.com\/fi\/wp-content\/uploads\/2026\/06\/7229f5a28e3ccb8b2f08a5a86fcd63106c8ae40bc8d998bc7cfeeb067d8dc136.jpg\" alt=\"\"\/><img decoding=\"async\" class=\"image image-show\" src=\"https:\/\/www.europesays.com\/fi\/wp-content\/uploads\/2026\/06\/1782182942_576_7229f5a28e3ccb8b2f08a5a86fcd63106c8ae40bc8d998bc7cfeeb067d8dc136.jpg\" alt=\"\"\/><\/p>\n<p>Krimin matkailukausi on nyt keskeytetty kokonaan syyskuuhun saakka. Kuvassa ihmisi\u00e4 rannalla Sudakin kaupungin rannalla 19. kes\u00e4kuuta. ZumaWire \/ MVPHOTOS<\/p>\n<p class=\"paragraph\">Viikkoja jatkuneen polttoainepulan lis\u00e4ksi Ven\u00e4j\u00e4n laittomasti miehitt\u00e4m\u00e4\u00e4 Krimin niemimaata koettelevat nyt kiert\u00e4v\u00e4t s\u00e4hk\u00f6katkot ja orastava turismiromahdus.<\/p>\n<p class=\"paragraph\">Miehityshallinnon johtaja <strong>Sergei Aksjonov<\/strong> ilmoitti maanantaina, ett\u00e4 kaikki matkailutoiminta, lasten kes\u00e4leirit ja julkiset ulkoilmatapahtumat keskeytet\u00e4\u00e4n syyskuuhun saakka, kertoo uutistoimisto Reuters.<\/p>\n<p class=\"paragraph\">Kuvern\u00f6\u00f6rin p\u00e4\u00e4t\u00f6s tarkoittaa k\u00e4yt\u00e4nn\u00f6ss\u00e4 sit\u00e4, ett\u00e4 Krimin matkailukausi on kes\u00e4n osalta ohi. Jo ennen Aksjonovin ilmoitusta hotellivarauksia peruttiin laajasti.<\/p>\n<p class=\"paragraph\">P\u00e4\u00e4t\u00f6ksen taustalla ovat Ukrainan iskut niemimaalle ja niiden aiheuttama vakava polttoainekriisi.<\/p>\n<p class=\"paragraph\">Niemimaan huoltoasemat lopettivat polttoaineen myynnin siviileille ja yrityksille kokonaan sunnuntaina. Polttoainetta s\u00e4\u00e4stet\u00e4\u00e4n nyt vain viranomaisten ja kriittisen infrastruktuurin tarpeisiin.<\/p>\n<p class=\"paragraph\">Juhannusviikonlopun aikana Ukrainan drooni-iskut vaurioittivat my\u00f6s Krimin s\u00e4hk\u00f6njakeluverkkoa, mink\u00e4 seurauksena miehityshallinnon alaisuudessa toimiva energiayhti\u00f6 Krymenergo joutui ottamaan k\u00e4ytt\u00f6\u00f6n laajat kiert\u00e4v\u00e4t s\u00e4hk\u00f6katkot.<\/p>\n<p>\u201dPiiritys\u201d<\/p>\n<p class=\"paragraph\">Tilanteen vakavuutta kuvastaa se, ett\u00e4 sek\u00e4 riippumattomissa ett\u00e4 Kremlin talutusnuorissa kulkevissa ven\u00e4l\u00e4ismedioissa Krimin ahdinkoa kutsutaan \u201dpiiritykseksi\u201d.<\/p>\n<p class=\"paragraph\">Juna- ja lauttaliikenteen vakavien h\u00e4iri\u00f6iden vuoksi monet alueella jo olevat ven\u00e4l\u00e4isturistit ovat suurissa vaikeuksissa kotiinpaluun kanssa.<\/p>\n<p class=\"paragraph\">Sosiaalisessa mediassa levi\u00e4v\u00e4t videot h\u00e4diss\u00e4\u00e4n olevista ven\u00e4l\u00e4isturisteista, jotka etsiv\u00e4t ep\u00e4toivoisesti poisp\u00e4\u00e4sy\u00e4 niemimaalta.<\/p>\n<p class=\"paragraph\">\u2013 T\u00e4m\u00e4 on ihan hirve\u00e4\u00e4! Luoja, miksi min\u00e4 olen t\u00e4\u00e4ll\u00e4? Haluan takaisin Moskovaan!  er\u00e4s turisti <a href=\"https:\/\/ru.themoscowtimes.com\/2026\/06\/22\/nisveta-nivodi-nihera-rossiyane-pobezhali-izkrima-ochered-naviezd-spoluostrova-previsila-700-mashin-a198856\" target=\"_blank\" rel=\"noopener nofollow\">valittaa<\/a> The Moscow Timesin mukaan.<\/p>\n<p class=\"paragraph\">Toisella videolla mies kertoo katkoista peruspalveluissa.<\/p>\n<p class=\"paragraph\">\u2013 Ei s\u00e4hk\u00f6\u00e4, ei vett\u00e4, ei vittu mit\u00e4\u00e4n! h\u00e4n sanoo.<\/p>\n<p class=\"paragraph\">Mies kertoo, ett\u00e4 h\u00e4nell\u00e4 on nelj\u00e4 poikaa eik\u00e4 h\u00e4n aio l\u00e4hett\u00e4\u00e4 heit\u00e4 sotaan Ukrainaa vastaan.<\/p>\n<p class=\"paragraph\">Yhdell\u00e4 videolla nuori mies puolestaan kertoo joutuneensa asentamaan autoonsa bensatankin lukon, jotta bensaa ei varastettaisi suoraan tankista.<\/p>\n<p class=\"paragraph\">\u2013 Emme me t\u00e4llaisia ole, ajat ovat t\u00e4llaiset.<\/p>\n","protected":false},"excerpt":{"rendered":"Ukrainan iskujen kurittama Krimin niemimaa on ajautunut vakavaan kriisiin. Krimin matkailukausi on nyt keskeytetty kokonaan syyskuuhun saakka. Kuvassa&hellip;\n","protected":false},"author":2,"featured_media":283805,"comment_status":"","ping_status":"","sticky":false,"template":"","format":"standard","meta":{"footnotes":"","_share_on_mastodon":"0"},"categories":[14],"tags":[35,4362,22,23,124,1628,26,27,33,31,30,17,24,25,28,29,15,18,21,2007,9666,32,19,20,56,16,59,60,61],"class_list":["post-283804","post","type-post","status-publish","format-standard","has-post-thumbnail","category-ulkomaat","tag-24h","tag-baltia","tag-breaking-news","tag-breakingnews","tag-energia-sektori","tag-energia-ja-energiavarat","tag-featured-news","tag-featurednews","tag-fi","tag-finland","tag-finnish","tag-headlines","tag-latest-news","tag-latestnews","tag-main-news","tag-mainnews","tag-news","tag-otsikot","tag-paauutiset","tag-sahko","tag-sahkoverkko","tag-suomi","tag-top-stories","tag-topstories","tag-ulkomaat","tag-uutiset","tag-world","tag-world-news","tag-worldnews"],"share_on_mastodon":{"url":"https:\/\/pubeurope.com\/@fi\/116797150178878547","error":""},"_links":{"self":[{"href":"https:\/\/www.europesays.com\/fi\/wp-json\/wp\/v2\/posts\/283804","targetHints":{"allow":["GET"]}}],"collection":[{"href":"https:\/\/www.europesays.com\/fi\/wp-json\/wp\/v2\/posts"}],"about":[{"href":"https:\/\/www.europesays.com\/fi\/wp-json\/wp\/v2\/types\/post"}],"author":[{"embeddable":true,"href":"https:\/\/www.europesays.com\/fi\/wp-json\/wp\/v2\/users\/2"}],"replies":[{"embeddable":true,"href":"https:\/\/www.europesays.com\/fi\/wp-json\/wp\/v2\/comments?post=283804"}],"version-history":[{"count":0,"href":"https:\/\/www.europesays.com\/fi\/wp-json\/wp\/v2\/posts\/283804\/revisions"}],"wp:featuredmedia":[{"embeddable":true,"href":"https:\/\/www.europesays.com\/fi\/wp-json\/wp\/v2\/media\/283805"}],"wp:attachment":[{"href":"https:\/\/www.europesays.com\/fi\/wp-json\/wp\/v2\/media?parent=283804"}],"wp:term":[{"taxonomy":"category","embeddable":true,"href":"https:\/\/www.europesays.com\/fi\/wp-json\/wp\/v2\/categories?post=283804"},{"taxonomy":"post_tag","embeddable":true,"href":"https:\/\/www.europesays.com\/fi\/wp-json\/wp\/v2\/tags?post=283804"}],"curies":[{"name":"wp","href":"https:\/\/api.w.org\/{rel}","templated":true}]}}