{"id":28390,"date":"2025-09-07T17:50:09","date_gmt":"2025-09-07T17:50:09","guid":{"rendered":"https:\/\/www.europesays.com\/fi\/28390\/"},"modified":"2025-09-07T17:50:09","modified_gmt":"2025-09-07T17:50:09","slug":"asiantuntija-kiinan-sotilasvoimasta-ei-pida-aliarvioida","status":"publish","type":"post","link":"https:\/\/www.europesays.com\/fi\/28390\/","title":{"rendered":"Asiantuntija Kiinan sotilasvoimasta: Ei pid\u00e4 aliarvioida"},"content":{"rendered":"<p class=\"ai-optimize-6 ai-optimize-introduction\">Kiinan kansan vapautusarmeija j\u00e4rjesti 3. syyskuuta valtavan sotilasparaatin maan p\u00e4\u00e4kaupungissa Pekingiss\u00e4 toisen maailmansodan p\u00e4\u00e4ttymisen 80-vuotisjuhlan kunniaksi. Mukana oli niin teko\u00e4ly\u00e4 kuin uusia laseraseitakin. Yhdysvaltalainen eversti evp. <strong>Cedric Leighton<\/strong> arvioi paraatissa n\u00e4htyj\u00e4 asej\u00e4rjestelmi\u00e4\u00a0<a href=\"https:\/\/edition.cnn.com\/2025\/09\/04\/world\/video\/china-military-parade-lasers-ai-digvid\" target=\"_blank\" rel=\"noopener nofollow\">CNN:lle.<\/a><\/p>\n<p class=\"ai-optimize-7\">\u2013 Kun katsoo t\u00e4t\u00e4 kiinalaista paraatia ja n\u00e4kee ne aseet jotka he ovat laittaneet esille, n\u00e4kee hyvin voimakkaan maan, Leighton aloittaa.<\/p>\n<p class=\"ai-optimize-8\">Video pys\u00e4htyy hieman panssarivaunua muistuttavan laitteen kohdalle. Kyse on ZRY222-mallisesta miehitt\u00e4m\u00e4tt\u00f6m\u00e4st\u00e4 maataisteluajoneuvosta. T\u00e4m\u00e4n n\u00e4k\u00f6isi\u00e4 v\u00e4lineit\u00e4 on jo vuosien ajan n\u00e4hty videopeleiss\u00e4, mutta nyt Kiina on tuomassa sit\u00e4 aktiiviseen k\u00e4ytt\u00f6\u00f6n.<\/p>\n<p class=\"ai-optimize-6\">\u2013 Kiina on eritt\u00e4in tosisssaan teko\u00e4lyn integroimisesta asej\u00e4rjestelmiin ja he tekev\u00e4t sit\u00e4 nopealla tahdilla.<\/p>\n<p class=\"ai-optimize-6\">Seuraavaksi kuvaan tulee uusi laserk\u00e4ytt\u00f6inen ase.<\/p>\n<p class=\"ai-optimize-7\">\u2013 T\u00e4m\u00e4 LY-1 on uusi laser, jota emme ole n\u00e4hneet aiemmin. Kiinalaiset n\u00e4ytt\u00e4v\u00e4t n\u00e4m\u00e4 nyt ensi kertaa paraatissa, josta voidaan p\u00e4\u00e4tell\u00e4, ett\u00e4 he aikovat k\u00e4ytt\u00e4\u00e4 kohdennettuja energia-aseita, mukaan lukien lasereita, ei vain lentokoneiden, mutta my\u00f6s ohjuksien ja mahdollisesti satelliittien torjuntaan, eversti evp. toteaa.<\/p>\n<p class=\"ai-optimize-8\">Leighton kuitenkin muistuttaa, ett\u00e4 on aivan eri asia esitell\u00e4 asej\u00e4rjestelm\u00e4\u00e4 paraatissa, kuin k\u00e4ytt\u00e4\u00e4 sit\u00e4 tositoimissa taistelussa.<\/p>\n<p class=\"ai-optimize-9\">\u2013 Kiina ei ole taistellut sodassa sitten vuosien 1979-1980, kun he sotivat Vietnamin kanssa. Heid\u00e4n taistelukyky\u00e4\u00e4n ei ole oikeasti kokeiltu.<\/p>\n<p class=\"ai-optimize-10\">\u2013 Mutta heit\u00e4 ei pid\u00e4 aliarvioida. Meid\u00e4n pit\u00e4isi tutkia heit\u00e4 hyvin huolellisesti ja l\u00f6yt\u00e4\u00e4 keinot torjua n\u00e4m\u00e4 kyvykkyydet, jos meid\u00e4n joskus t\u00e4ytyy niin tehd\u00e4.<\/p>\n","protected":false},"excerpt":{"rendered":"Kiinan kansan vapautusarmeija j\u00e4rjesti 3. syyskuuta valtavan sotilasparaatin maan p\u00e4\u00e4kaupungissa Pekingiss\u00e4 toisen maailmansodan p\u00e4\u00e4ttymisen 80-vuotisjuhlan kunniaksi. Mukana oli&hellip;\n","protected":false},"author":2,"featured_media":28391,"comment_status":"","ping_status":"","sticky":false,"template":"","format":"standard","meta":{"footnotes":""},"categories":[14],"tags":[22,23,26,27,33,31,30,17,510,24,25,28,29,15,18,21,32,19,20,56,16,59,60,61],"class_list":{"0":"post-28390","1":"post","2":"type-post","3":"status-publish","4":"format-standard","5":"has-post-thumbnail","7":"category-ulkomaat","8":"tag-breaking-news","9":"tag-breakingnews","10":"tag-featured-news","11":"tag-featurednews","12":"tag-fi","13":"tag-finland","14":"tag-finnish","15":"tag-headlines","16":"tag-kiina","17":"tag-latest-news","18":"tag-latestnews","19":"tag-main-news","20":"tag-mainnews","21":"tag-news","22":"tag-otsikot","23":"tag-paauutiset","24":"tag-suomi","25":"tag-top-stories","26":"tag-topstories","27":"tag-ulkomaat","28":"tag-uutiset","29":"tag-world","30":"tag-world-news","31":"tag-worldnews"},"share_on_mastodon":{"url":"","error":""},"_links":{"self":[{"href":"https:\/\/www.europesays.com\/fi\/wp-json\/wp\/v2\/posts\/28390","targetHints":{"allow":["GET"]}}],"collection":[{"href":"https:\/\/www.europesays.com\/fi\/wp-json\/wp\/v2\/posts"}],"about":[{"href":"https:\/\/www.europesays.com\/fi\/wp-json\/wp\/v2\/types\/post"}],"author":[{"embeddable":true,"href":"https:\/\/www.europesays.com\/fi\/wp-json\/wp\/v2\/users\/2"}],"replies":[{"embeddable":true,"href":"https:\/\/www.europesays.com\/fi\/wp-json\/wp\/v2\/comments?post=28390"}],"version-history":[{"count":0,"href":"https:\/\/www.europesays.com\/fi\/wp-json\/wp\/v2\/posts\/28390\/revisions"}],"wp:featuredmedia":[{"embeddable":true,"href":"https:\/\/www.europesays.com\/fi\/wp-json\/wp\/v2\/media\/28391"}],"wp:attachment":[{"href":"https:\/\/www.europesays.com\/fi\/wp-json\/wp\/v2\/media?parent=28390"}],"wp:term":[{"taxonomy":"category","embeddable":true,"href":"https:\/\/www.europesays.com\/fi\/wp-json\/wp\/v2\/categories?post=28390"},{"taxonomy":"post_tag","embeddable":true,"href":"https:\/\/www.europesays.com\/fi\/wp-json\/wp\/v2\/tags?post=28390"}],"curies":[{"name":"wp","href":"https:\/\/api.w.org\/{rel}","templated":true}]}}