{"id":284161,"date":"2026-06-23T12:52:13","date_gmt":"2026-06-23T12:52:13","guid":{"rendered":"https:\/\/www.europesays.com\/fi\/284161\/"},"modified":"2026-06-23T12:52:13","modified_gmt":"2026-06-23T12:52:13","slug":"nuori-kups-puolustaja-nousee-mukaan-ruopin-jaahyvaispeliin-savon-sanomat","status":"publish","type":"post","link":"https:\/\/www.europesays.com\/fi\/284161\/","title":{"rendered":"Nuori KuPS-\u200bpuolustaja nousee mukaan Ruopin j\u00e4\u00e4hy\u00adv\u00e4is\u00adpe\u00adliin &#8211; Savon Sanomat"},"content":{"rendered":"<ol>\n<li><a href=\"https:\/\/news.google.com\/rss\/articles\/CBMiVkFVX3lxTE5SbkJZQjYwdEIyYjBsS1hXaWZDZzRRUHdVX01nSExFbzYwb05UVWl3dGI5T09MS0RObmNEanp6ZS1uR2NMaWpqQ0xIcVh1dzJubUZhTDh3?oc=5\" target=\"_blank\" rel=\"nofollow noopener\">Nuori KuPS-\u200bpuolustaja nousee mukaan Ruopin j\u00e4\u00e4hy\u00adv\u00e4is\u00adpe\u00adliin<\/a>&nbsp;&nbsp;Savon Sanomat<\/li>\n<li><a href=\"https:\/\/news.google.com\/rss\/articles\/CBMiakFVX3lxTE5uclVkeXJoSjhsVDNkNGJHZjI0S1puV1RTTDlzQkZRODE3YmNFLXNreU95cnRwUlJ6NlpzYjg2R3BUdEp2d24xWlNfTm5fOTZjQ1BNNUhfT1ZHcGJxRk00VVQta0JENUQ5TkE?oc=5\" target=\"_blank\" rel=\"nofollow noopener\">Seuranta | Ilveksen luottopelaaja palaa viimein avaukseen \u2013 KuPS viett\u00e4\u00e4 nuoren t\u00e4htens\u00e4 j\u00e4\u00e4hyv\u00e4isi\u00e4<\/a>&nbsp;&nbsp;Aamulehti<\/li>\n<li><a href=\"https:\/\/news.google.com\/rss\/articles\/CBMi0wFBVV95cUxOazN2VUxtU3hpMVZTdFRoYjN3Tk1tU1l0U2pZM054SkpMdG5weUdOV2FfblZ6QWEzOXpzNzBHR0IyNjVndUpxTHdQQWNhTkRHUHk4ejJteWlya0RjckRDLUZmcFM2MWxCQlJMOERiU0VUX0NOTHl5cTJOd2VRVWhBUFJSLWRNckZzUDlvVmlzVkh2RlVjWmxUZ1k0cThySjQ3T0phRXZIMkZxVFREXzhDWHg2NDZjRGYtYTdkUU5xeUZKdmNRdjlEdjVjSXVpb3VMVG9J?oc=5\" target=\"_blank\" rel=\"nofollow noopener\">&#8221;Tied\u00e4mme mit\u00e4 ottelu vaatii&#8221; &#8211; Ilves mets\u00e4st\u00e4\u00e4 kauden ensimm\u00e4ist\u00e4 vierasvoittoaan Kuopiossa<\/a>&nbsp;&nbsp;Veikkausliiga<\/li>\n<li><a href=\"https:\/\/news.google.com\/rss\/articles\/CBMieEFVX3lxTE5WVUZUWFlnTGF0M3N3RHJNbnRnY3pGWEVEX2UtSEpiRnBVZmZVck4wTENhNGVBa1NHZmdrc0FrZjAwNWZhTjJTYnZicU1Db0kzbG9wNW5LYkpmX3I2VEpvbUNQN1ZtZk9hNXBoUnEzUVcydWVVOXJLcw?oc=5\" target=\"_blank\" rel=\"nofollow noopener\">KuPS ja Ilves iskev\u00e4t yhteen Kuopiossa<\/a>&nbsp;&nbsp;ilvesfootball.com<\/li>\n<li><a href=\"https:\/\/news.google.com\/rss\/articles\/CBMi1gFBVV95cUxQc0phWjNtNWRoWW9ZRll4WE1lN0ZXNTRZeHBFV1BFb0lDM05FMlRrcll2SWo4S2d3ZVB6QkFOZXBIcEdJdmpZQ0hmRWZsbnlFSTJfdlpMS2YzNGZkcXBQRE55MXBJSi00ZmJ5YkdrTGN4R0FhcWo3Y2ZHdzczaVN2NERtazR4Rl9TZXNYYVg5NTdDQ1FiU0ZiUXB4S2ZXQlg2MmJpd1hZZ3R0WmxWMHE4a3JXTktXbk9UdklscnFRLU5aVnFfcFVvSmFkTG5SRUk2anUwZjJR?oc=5\" target=\"_blank\" rel=\"nofollow noopener\">\u200bAsiantuntija Mika Hilanderilta toive: &#8221;Tupa t\u00e4yteen ja sellaiset j\u00e4\u00e4hyv\u00e4iset, joita ei unohda&#8221;<\/a>&nbsp;&nbsp;Veikkausliiga<\/li>\n<\/ol>\n","protected":false},"excerpt":{"rendered":"Nuori KuPS-\u200bpuolustaja nousee mukaan Ruopin j\u00e4\u00e4hy\u00adv\u00e4is\u00adpe\u00adliin&nbsp;&nbsp;Savon Sanomat Seuranta | Ilveksen luottopelaaja palaa viimein avaukseen \u2013 KuPS viett\u00e4\u00e4 nuoren&hellip;\n","protected":false},"author":2,"featured_media":284162,"comment_status":"","ping_status":"","sticky":false,"template":"","format":"standard","meta":{"footnotes":"","_share_on_mastodon":"0"},"categories":[5],"tags":[22,23,26,27,33,31,30,17,43,42,2723,1132,4141,24,25,41,28,29,15,18,21,2722,32,19,20,16],"class_list":["post-284161","post","type-post","status-publish","format-standard","has-post-thumbnail","category-otsikot","tag-breaking-news","tag-breakingnews","tag-featured-news","tag-featurednews","tag-fi","tag-finland","tag-finnish","tag-headlines","tag-jalkapallo","tag-jalkapalloon-perustuvat-lajit","tag-kesateema","tag-kuopio","tag-kups","tag-latest-news","tag-latestnews","tag-liikunta-ja-urheilu","tag-main-news","tag-mainnews","tag-news","tag-otsikot","tag-paauutiset","tag-savon-kesa","tag-suomi","tag-top-stories","tag-topstories","tag-uutiset"],"share_on_mastodon":{"url":"https:\/\/pubeurope.com\/@fi\/116799520457084259","error":""},"_links":{"self":[{"href":"https:\/\/www.europesays.com\/fi\/wp-json\/wp\/v2\/posts\/284161","targetHints":{"allow":["GET"]}}],"collection":[{"href":"https:\/\/www.europesays.com\/fi\/wp-json\/wp\/v2\/posts"}],"about":[{"href":"https:\/\/www.europesays.com\/fi\/wp-json\/wp\/v2\/types\/post"}],"author":[{"embeddable":true,"href":"https:\/\/www.europesays.com\/fi\/wp-json\/wp\/v2\/users\/2"}],"replies":[{"embeddable":true,"href":"https:\/\/www.europesays.com\/fi\/wp-json\/wp\/v2\/comments?post=284161"}],"version-history":[{"count":0,"href":"https:\/\/www.europesays.com\/fi\/wp-json\/wp\/v2\/posts\/284161\/revisions"}],"wp:featuredmedia":[{"embeddable":true,"href":"https:\/\/www.europesays.com\/fi\/wp-json\/wp\/v2\/media\/284162"}],"wp:attachment":[{"href":"https:\/\/www.europesays.com\/fi\/wp-json\/wp\/v2\/media?parent=284161"}],"wp:term":[{"taxonomy":"category","embeddable":true,"href":"https:\/\/www.europesays.com\/fi\/wp-json\/wp\/v2\/categories?post=284161"},{"taxonomy":"post_tag","embeddable":true,"href":"https:\/\/www.europesays.com\/fi\/wp-json\/wp\/v2\/tags?post=284161"}],"curies":[{"name":"wp","href":"https:\/\/api.w.org\/{rel}","templated":true}]}}