{"id":28418,"date":"2025-09-07T18:39:08","date_gmt":"2025-09-07T18:39:08","guid":{"rendered":"https:\/\/www.europesays.com\/fi\/28418\/"},"modified":"2025-09-07T18:39:08","modified_gmt":"2025-09-07T18:39:08","slug":"suomen-ttk-historian-ensimmainen-miespari-sai-tuomareilta-kritiikkia","status":"publish","type":"post","link":"https:\/\/www.europesays.com\/fi\/28418\/","title":{"rendered":"Suomen TTK-historian ensimm\u00e4inen miespari sai tuomareilta kritiikki\u00e4"},"content":{"rendered":"<p>Mikko Silvennoinen ja Matti Puro olivat tangon lumoissa.<\/p>\n<p><img decoding=\"async\" class=\"image image-show image-preview\" src=\"https:\/\/www.europesays.com\/fi\/wp-content\/uploads\/2025\/09\/99edff261aa92ee20521609238ec305c0ad8e32e6e73f57f6860905d0e9279c3.jpg\" alt=\"\"\/><img decoding=\"async\" class=\"image image-show\" src=\"https:\/\/www.europesays.com\/fi\/wp-content\/uploads\/2025\/09\/1757270348_562_99edff261aa92ee20521609238ec305c0ad8e32e6e73f57f6860905d0e9279c3.jpg\" alt=\"\"\/><\/p>\n<p>Mikko Silvennoinen ja Matti Puro saivat tuomareilta kriittist\u00e4 palautetta. Atte Kajova<\/p>\n<p class=\"paragraph\">TTK-historian ensimm\u00e4inen miespari, Ylen juontaja <a href=\"https:\/\/www.iltalehti.fi\/henkilot\/Mikko Silvennoinen\" class=\"article-link-person-page\" rel=\"nofollow noopener\" target=\"_blank\">Mikko Silvennoinen<\/a> ja tanssiopettaja <a href=\"https:\/\/www.iltalehti.fi\/henkilot\/Matti Puro\" class=\"article-link-person-page\" rel=\"nofollow noopener\" target=\"_blank\">Matti Puro<\/a> tanssivat ensimm\u00e4isess\u00e4 livel\u00e4hetyksess\u00e4 tangoa. Silvennoinen ja Puro tanssivat Tanghetto-yhtyeen Gallo Ciego -kappaleen tahtiin.<\/p>\n<p class=\"paragraph\">Silvennoinen ja Puro tanssivat tangon pukeutuneena tummiin pukuihin.<\/p>\n<p class=\"paragraph\">Pari sai yleis\u00f6lt\u00e4 raikuvat aplodit. Silvennoinen ja Puro hymyiliv\u00e4t tyytyv\u00e4isin\u00e4 tanssin j\u00e4lkeen.<\/p>\n<p class=\"paragraph\">\u2013 Matti selvisi minusta, Silvennoinen totesi tanssin j\u00e4lkeen ja hehkutti <a href=\"https:\/\/www.iltalehti.fi\/henkilot\/Johanna F\u00f6rsti\" class=\"article-link-person-page\" rel=\"nofollow noopener\" target=\"_blank\">Johanna F\u00f6rstin<\/a> viulua.<\/p>\n<p class=\"paragraph\">\u2013 Kiitos, ett\u00e4 saan olla t\u00e4\u00e4ll\u00e4, Silvennoinen hehkutti.<\/p>\n<p class=\"paragraph\">Tuomaristolta pari sai sek\u00e4 positiivista ett\u00e4 kriittisemp\u00e4\u00e4 palautetta. <a href=\"https:\/\/www.iltalehti.fi\/henkilot\/Jukka Haapalainen\" class=\"article-link-person-page\" rel=\"nofollow noopener\" target=\"_blank\">Jukka Haapalainen<\/a> ylisti esimerkiksi puvustusta ja tanssin teemassa pysymist\u00e4.<\/p>\n<p class=\"paragraph\">\u2013 Kerronnallisesti ja draamallisesti tosi voimakas esitys.<\/p>\n<p class=\"paragraph\"><a href=\"https:\/\/www.iltalehti.fi\/henkilot\/Helena Ahti-Hallberg\" class=\"article-link-person-page\" rel=\"nofollow noopener\" target=\"_blank\">Helena Ahti-Hallberg<\/a> antoi asennon laajuudesta palautetta.<\/p>\n<p class=\"paragraph\">\u2013 S\u00e4 joudut harjoittelemaan tuplasti, jos aiot olla kummassakin roolissa.<\/p>\n<p class=\"paragraph\">\u2013 Matti on nero, hoidetaan, Silvennoinen totesi.<\/p>\n<p class=\"paragraph\"><a href=\"https:\/\/www.iltalehti.fi\/henkilot\/Jorma Uotinen\" class=\"article-link-person-page\" rel=\"nofollow noopener\" target=\"_blank\">Jorma Uotinen<\/a> kommentoi askellusta.<\/p>\n<p class=\"paragraph\">\u2013 Jos puukkojunkkarit eiv\u00e4t ole helli\u00e4, askelluskaan ei saisi olla velli\u00e4.<\/p>\n<p class=\"paragraph\">\u2013 Nyt tanssi antoi viel\u00e4 odottaa, Uotinen totesi lopuksi.<\/p>\n<p class=\"paragraph\">Pisteit\u00e4 Silvennoinen ja Puro saivat v\u00e4h\u00e4isesti. Haapalainen antoi nelj\u00e4 pistett\u00e4, Ahti-Hallberg ja Uotinen kolme.<\/p>\n<p class=\"paragraph\">Juontaja <a href=\"https:\/\/www.iltalehti.fi\/henkilot\/Ernest Lawson\" class=\"article-link-person-page\" rel=\"nofollow noopener\" target=\"_blank\">Ernest Lawson<\/a> k\u00e4\u00e4nsi pisteet positiiviseksi.<\/p>\n<p class=\"paragraph\">\u2013 T\u00e4yden kympin tanssi, Lawson totesi.<\/p>\n","protected":false},"excerpt":{"rendered":"Mikko Silvennoinen ja Matti Puro olivat tangon lumoissa. Mikko Silvennoinen ja Matti Puro saivat tuomareilta kriittist\u00e4 palautetta. Atte&hellip;\n","protected":false},"author":2,"featured_media":28419,"comment_status":"","ping_status":"","sticky":false,"template":"","format":"standard","meta":{"footnotes":""},"categories":[130],"tags":[35,138,137,33,31,30,47,1999,32,140,139,109],"class_list":{"0":"post-28418","1":"post","2":"type-post","3":"status-publish","4":"format-standard","5":"has-post-thumbnail","7":"category-viihde","8":"tag-24h","9":"tag-audio","10":"tag-entertainment","11":"tag-fi","12":"tag-finland","13":"tag-finnish","14":"tag-musiikki","15":"tag-suomalaiset-tv-ohjelmat","16":"tag-suomi","17":"tag-tv-ja-elokuvat","18":"tag-tv-ohjelmat","19":"tag-viihde"},"share_on_mastodon":{"url":"","error":""},"_links":{"self":[{"href":"https:\/\/www.europesays.com\/fi\/wp-json\/wp\/v2\/posts\/28418","targetHints":{"allow":["GET"]}}],"collection":[{"href":"https:\/\/www.europesays.com\/fi\/wp-json\/wp\/v2\/posts"}],"about":[{"href":"https:\/\/www.europesays.com\/fi\/wp-json\/wp\/v2\/types\/post"}],"author":[{"embeddable":true,"href":"https:\/\/www.europesays.com\/fi\/wp-json\/wp\/v2\/users\/2"}],"replies":[{"embeddable":true,"href":"https:\/\/www.europesays.com\/fi\/wp-json\/wp\/v2\/comments?post=28418"}],"version-history":[{"count":0,"href":"https:\/\/www.europesays.com\/fi\/wp-json\/wp\/v2\/posts\/28418\/revisions"}],"wp:featuredmedia":[{"embeddable":true,"href":"https:\/\/www.europesays.com\/fi\/wp-json\/wp\/v2\/media\/28419"}],"wp:attachment":[{"href":"https:\/\/www.europesays.com\/fi\/wp-json\/wp\/v2\/media?parent=28418"}],"wp:term":[{"taxonomy":"category","embeddable":true,"href":"https:\/\/www.europesays.com\/fi\/wp-json\/wp\/v2\/categories?post=28418"},{"taxonomy":"post_tag","embeddable":true,"href":"https:\/\/www.europesays.com\/fi\/wp-json\/wp\/v2\/tags?post=28418"}],"curies":[{"name":"wp","href":"https:\/\/api.w.org\/{rel}","templated":true}]}}