{"id":284525,"date":"2026-06-23T22:38:09","date_gmt":"2026-06-23T22:38:09","guid":{"rendered":"https:\/\/www.europesays.com\/fi\/284525\/"},"modified":"2026-06-23T22:38:09","modified_gmt":"2026-06-23T22:38:09","slug":"libanonin-ja-israelin-rauhanneuvotteluiden-viides-kierros-alkoi-libanonin-presidentilta-selvat-linjaukset","status":"publish","type":"post","link":"https:\/\/www.europesays.com\/fi\/284525\/","title":{"rendered":"Libanonin ja Israelin rauhanneuvotteluiden viides kierros alkoi, Libanonin presidentilt\u00e4 selv\u00e4t linjaukset"},"content":{"rendered":"<p>\n\tSTT\t23.6.2026 17:30, muokattu<br \/>\n\t23.6.2026 17:34\n<\/p>\n<p>\t\t\t\t\t\t\t\t\tL\u00e4hi-it\u00e4<\/p>\n<p class=\"wp-block-paragraph\">Libanonin ja Israelin rauhanneuvotteluiden viides kierros alkoi t\u00e4n\u00e4\u00e4n Washingtonissa Yhdysvalloissa. Libanonin presidentti <strong>Joseph Aoun<\/strong> linjasi, ett\u00e4 Israelin miehityksen Libanonin etel\u00e4osassa on p\u00e4\u00e4tytt\u00e4v\u00e4 ja ulkovaltojen puuttumisen maan asioihin loputtava.<\/p>\n<p class=\"wp-block-paragraph\">Libanonin asioihin puuttumisella Aoun viittasi Iraniin, jonka tukema \u00e4\u00e4rij\u00e4rjest\u00f6 Hizbollah on taistellut Israelia vastaan.<\/p>\n<p class=\"wp-block-paragraph\">Aoun toivoi viidennelt\u00e4 neuvottelukierrokselta ratkaisua Libanonin itsem\u00e4\u00e4r\u00e4\u00e4misoikeuden palauttamiseksi.<\/p>\n<p class=\"wp-block-paragraph\">Israel ja Libanon ovat olleet virallisesti sodassa vuodesta 1948 l\u00e4htien.<\/p>\n","protected":false},"excerpt":{"rendered":"STT 23.6.2026 17:30, muokattu 23.6.2026 17:34 L\u00e4hi-it\u00e4 Libanonin ja Israelin rauhanneuvotteluiden viides kierros alkoi t\u00e4n\u00e4\u00e4n Washingtonissa Yhdysvalloissa. Libanonin&hellip;\n","protected":false},"author":2,"featured_media":284526,"comment_status":"","ping_status":"","sticky":false,"template":"","format":"standard","meta":{"footnotes":"","_share_on_mastodon":"0"},"categories":[5],"tags":[22,23,26,27,33,31,30,17,993,992,24,25,3572,28,29,15,18,21,32,19,20,56,16],"class_list":["post-284525","post","type-post","status-publish","format-standard","has-post-thumbnail","category-otsikot","tag-breaking-news","tag-breakingnews","tag-featured-news","tag-featurednews","tag-fi","tag-finland","tag-finnish","tag-headlines","tag-israel","tag-lahi-ita","tag-latest-news","tag-latestnews","tag-libanon","tag-main-news","tag-mainnews","tag-news","tag-otsikot","tag-paauutiset","tag-suomi","tag-top-stories","tag-topstories","tag-ulkomaat","tag-uutiset"],"share_on_mastodon":{"url":"https:\/\/pubeurope.com\/@fi\/116801824755553519","error":""},"_links":{"self":[{"href":"https:\/\/www.europesays.com\/fi\/wp-json\/wp\/v2\/posts\/284525","targetHints":{"allow":["GET"]}}],"collection":[{"href":"https:\/\/www.europesays.com\/fi\/wp-json\/wp\/v2\/posts"}],"about":[{"href":"https:\/\/www.europesays.com\/fi\/wp-json\/wp\/v2\/types\/post"}],"author":[{"embeddable":true,"href":"https:\/\/www.europesays.com\/fi\/wp-json\/wp\/v2\/users\/2"}],"replies":[{"embeddable":true,"href":"https:\/\/www.europesays.com\/fi\/wp-json\/wp\/v2\/comments?post=284525"}],"version-history":[{"count":0,"href":"https:\/\/www.europesays.com\/fi\/wp-json\/wp\/v2\/posts\/284525\/revisions"}],"wp:featuredmedia":[{"embeddable":true,"href":"https:\/\/www.europesays.com\/fi\/wp-json\/wp\/v2\/media\/284526"}],"wp:attachment":[{"href":"https:\/\/www.europesays.com\/fi\/wp-json\/wp\/v2\/media?parent=284525"}],"wp:term":[{"taxonomy":"category","embeddable":true,"href":"https:\/\/www.europesays.com\/fi\/wp-json\/wp\/v2\/categories?post=284525"},{"taxonomy":"post_tag","embeddable":true,"href":"https:\/\/www.europesays.com\/fi\/wp-json\/wp\/v2\/tags?post=284525"}],"curies":[{"name":"wp","href":"https:\/\/api.w.org\/{rel}","templated":true}]}}