{"id":284529,"date":"2026-06-23T22:52:11","date_gmt":"2026-06-23T22:52:11","guid":{"rendered":"https:\/\/www.europesays.com\/fi\/284529\/"},"modified":"2026-06-23T22:52:11","modified_gmt":"2026-06-23T22:52:11","slug":"keuruun-uusi-museotila-kutsuu-kavijansa-viipyilemaan-nykytaiteen-kavalkadi-pursuaa-antiaan-seinien-ulkopuolelle-keski-suomi","status":"publish","type":"post","link":"https:\/\/www.europesays.com\/fi\/284529\/","title":{"rendered":"Keuruun uusi museotila kutsuu k\u00e4vij\u00e4ns\u00e4 viipyilem\u00e4\u00e4n \u2013\u2009nykytaiteen kavalkadi pursuaa antiaan seinien ulkopuolelle | Keski-Suomi"},"content":{"rendered":"<p>Seitsem\u00e4n taiteilijan yhteisn\u00e4yttely on avannut Keuruun uuden museotilan n\u00e4yttelytoiminnan.<\/p>\n<p>Luonnonvoimaa 2 \u2013 Puut puhuvat -n\u00e4yttelyn taiteilijat ovat <strong>Pirjetta Brander<\/strong>, <strong>Marko H\u00e4m\u00e4l\u00e4inen<\/strong>, <strong>Inka-Maaria Jurvanen<\/strong>, <strong>Sakari Kannosto<\/strong>, <strong>Janne Laine<\/strong>,<strong> Mikko Rantanen<\/strong> ja<strong> Eija Keskinen<\/strong>, joka on my\u00f6s n\u00e4yttelyn kuraattori.<\/p>\n<p>Kaikki taiteilijat ovat ansioituneita nykytaiteen edustajia, jotka Eija Keskinen kutsui mukaan jo ennen kuin uudesta museotilasta oli edes varmaa tietoa.<\/p>\n<p>\u2013\u2009Kielt\u00e4m\u00e4tt\u00e4 viime syksyn tilanne oli stressaava. Onhan museotilan vaihdos ollut Keuruulla valtava muutos, h\u00e4n totesi n\u00e4yttelyn avajaisp\u00e4iv\u00e4n\u00e4.<\/p>\n","protected":false},"excerpt":{"rendered":"Seitsem\u00e4n taiteilijan yhteisn\u00e4yttely on avannut Keuruun uuden museotilan n\u00e4yttelytoiminnan. Luonnonvoimaa 2 \u2013 Puut puhuvat -n\u00e4yttelyn taiteilijat ovat Pirjetta&hellip;\n","protected":false},"author":2,"featured_media":284530,"comment_status":"","ping_status":"","sticky":false,"template":"","format":"standard","meta":{"footnotes":"","_share_on_mastodon":"0"},"categories":[135],"tags":[389,387,388,390,137,33,31,30,8069,752,108,967,32,394,485,6291,393,391,392,398,109],"class_list":["post-284529","post","type-post","status-publish","format-standard","has-post-thumbnail","category-taiteet-ja-suunnittelu","tag-arts","tag-arts-and-design","tag-artsanddesign","tag-design","tag-entertainment","tag-fi","tag-finland","tag-finnish","tag-keuruu","tag-keuruun-seutukunta","tag-kulttuuri","tag-nayttelyt","tag-suomi","tag-suunnittelu","tag-taide-yleista","tag-taidenayttelyt","tag-taiteet","tag-taiteet-ja-suunnittelu","tag-taiteetsuunnittelu","tag-taiteilija","tag-viihde"],"share_on_mastodon":{"url":"https:\/\/pubeurope.com\/@fi\/116801879838799352","error":""},"_links":{"self":[{"href":"https:\/\/www.europesays.com\/fi\/wp-json\/wp\/v2\/posts\/284529","targetHints":{"allow":["GET"]}}],"collection":[{"href":"https:\/\/www.europesays.com\/fi\/wp-json\/wp\/v2\/posts"}],"about":[{"href":"https:\/\/www.europesays.com\/fi\/wp-json\/wp\/v2\/types\/post"}],"author":[{"embeddable":true,"href":"https:\/\/www.europesays.com\/fi\/wp-json\/wp\/v2\/users\/2"}],"replies":[{"embeddable":true,"href":"https:\/\/www.europesays.com\/fi\/wp-json\/wp\/v2\/comments?post=284529"}],"version-history":[{"count":0,"href":"https:\/\/www.europesays.com\/fi\/wp-json\/wp\/v2\/posts\/284529\/revisions"}],"wp:featuredmedia":[{"embeddable":true,"href":"https:\/\/www.europesays.com\/fi\/wp-json\/wp\/v2\/media\/284530"}],"wp:attachment":[{"href":"https:\/\/www.europesays.com\/fi\/wp-json\/wp\/v2\/media?parent=284529"}],"wp:term":[{"taxonomy":"category","embeddable":true,"href":"https:\/\/www.europesays.com\/fi\/wp-json\/wp\/v2\/categories?post=284529"},{"taxonomy":"post_tag","embeddable":true,"href":"https:\/\/www.europesays.com\/fi\/wp-json\/wp\/v2\/tags?post=284529"}],"curies":[{"name":"wp","href":"https:\/\/api.w.org\/{rel}","templated":true}]}}