{"id":28492,"date":"2025-09-07T20:45:14","date_gmt":"2025-09-07T20:45:14","guid":{"rendered":"https:\/\/www.europesays.com\/fi\/28492\/"},"modified":"2025-09-07T20:45:14","modified_gmt":"2025-09-07T20:45:14","slug":"ra-x-yle-teema-pmmp-dokumentin-maailmanensi-ilta-telkku","status":"publish","type":"post","link":"https:\/\/www.europesays.com\/fi\/28492\/","title":{"rendered":"R&#038;A x Yle Teema: PMMP-dokumentin maailmanensi-ilta | Telkku"},"content":{"rendered":"<p><img decoding=\"async\" class=\"\" src=\"https:\/\/www.europesays.com\/fi\/wp-content\/uploads\/2025\/09\/il-telkku-image.prod.il.fi\/12414650987487642523.jpeg\" alt=\"R&amp;A x Yle Teema: PMMP-dokumentin maailmanensi-ilta\"\/><\/p>\n<p>Suora l\u00e4hetys Helsingin Kansalaistorin tapahtumasta, jonne PMMP-yhtyeen fanit ja b\u00e4ndin j\u00e4senet ovat kokoontuneet yhteen b\u00e4ndist\u00e4 kertovan uunituoreen dokumentin PMMP Keikalla: Ei en\u00e4\u00e4 ikin\u00e4 maailmanensi-iltaan. Ennen elokuvan\u00e4yt\u00f6ksen alkua kotimaisen musiikkitaivaan kiintot\u00e4hdet Paula Vesala, Mira Luoti ja muut b\u00e4ndin j\u00e4senet ovat live-haastattelussa yleis\u00f6n edess\u00e4. Tapahtuma on osa Rakkautta &amp; Anarkiaa -festivaalin ja Ylen yhteisty\u00f6t\u00e4.<\/p>\n","protected":false},"excerpt":{"rendered":"Suora l\u00e4hetys Helsingin Kansalaistorin tapahtumasta, jonne PMMP-yhtyeen fanit ja b\u00e4ndin j\u00e4senet ovat kokoontuneet yhteen b\u00e4ndist\u00e4 kertovan uunituoreen dokumentin&hellip;\n","protected":false},"author":2,"featured_media":28493,"comment_status":"","ping_status":"","sticky":false,"template":"","format":"standard","meta":{"footnotes":""},"categories":[133],"tags":[35,137,33,31,30,43,42,1984,41,32,206,156,161,109],"class_list":{"0":"post-28492","1":"post","2":"type-post","3":"status-publish","4":"format-standard","5":"has-post-thumbnail","7":"category-televisiot","8":"tag-24h","9":"tag-entertainment","10":"tag-fi","11":"tag-finland","12":"tag-finnish","13":"tag-jalkapallo","14":"tag-jalkapalloon-perustuvat-lajit","15":"tag-jalkapallopelaajat-miehet","16":"tag-liikunta-ja-urheilu","17":"tag-suomi","18":"tag-televisiot","19":"tag-tv","20":"tag-urheilutapahtumat","21":"tag-viihde"},"share_on_mastodon":{"url":"","error":""},"_links":{"self":[{"href":"https:\/\/www.europesays.com\/fi\/wp-json\/wp\/v2\/posts\/28492","targetHints":{"allow":["GET"]}}],"collection":[{"href":"https:\/\/www.europesays.com\/fi\/wp-json\/wp\/v2\/posts"}],"about":[{"href":"https:\/\/www.europesays.com\/fi\/wp-json\/wp\/v2\/types\/post"}],"author":[{"embeddable":true,"href":"https:\/\/www.europesays.com\/fi\/wp-json\/wp\/v2\/users\/2"}],"replies":[{"embeddable":true,"href":"https:\/\/www.europesays.com\/fi\/wp-json\/wp\/v2\/comments?post=28492"}],"version-history":[{"count":0,"href":"https:\/\/www.europesays.com\/fi\/wp-json\/wp\/v2\/posts\/28492\/revisions"}],"wp:featuredmedia":[{"embeddable":true,"href":"https:\/\/www.europesays.com\/fi\/wp-json\/wp\/v2\/media\/28493"}],"wp:attachment":[{"href":"https:\/\/www.europesays.com\/fi\/wp-json\/wp\/v2\/media?parent=28492"}],"wp:term":[{"taxonomy":"category","embeddable":true,"href":"https:\/\/www.europesays.com\/fi\/wp-json\/wp\/v2\/categories?post=28492"},{"taxonomy":"post_tag","embeddable":true,"href":"https:\/\/www.europesays.com\/fi\/wp-json\/wp\/v2\/tags?post=28492"}],"curies":[{"name":"wp","href":"https:\/\/api.w.org\/{rel}","templated":true}]}}