{"id":285027,"date":"2026-06-24T14:39:18","date_gmt":"2026-06-24T14:39:18","guid":{"rendered":"https:\/\/www.europesays.com\/fi\/285027\/"},"modified":"2026-06-24T14:39:18","modified_gmt":"2026-06-24T14:39:18","slug":"mikko-silvennoinen-umkn-paatuottajaksi-kulttuuri","status":"publish","type":"post","link":"https:\/\/www.europesays.com\/fi\/285027\/","title":{"rendered":"Mikko Silvennoinen UMK:n p\u00e4\u00e4tuottajaksi | Kulttuuri"},"content":{"rendered":"<p class=\"aw__sc-1qwuw0s-0 aw__sc-1vg2sqm-0 epAWpq ecELkD yle__article__paragraph\">Silvennoinen ei viel\u00e4 tied\u00e4, jatkaako h\u00e4n my\u00f6s UMK:n ja Euroviisujen selostajana.<\/p>\n<p><img decoding=\"async\" alt=\"Mikko Silvennoinen kuulokemikrofonit p\u00e4\u00e4ss\u00e4\u00e4n selostusstudiossa. \" src=\"https:\/\/www.europesays.com\/fi\/wp-content\/uploads\/2026\/06\/1746710971.jpeg\" class=\"aw__sc-dklauk-0 LPzKX\"\/><\/p>\n<p>Avaa kuvien katselu<\/p>\n<p>Mikko Silvennoinen on selostanut UMK:n ja Euroviisut vuodesta 2016 l\u00e4htien. Kuva: Karoliina Juntunen \/ Yle<\/p>\n<p>15:01\u2022P\u00e4ivitetty 15:21<\/p>\n<p class=\"aw__sc-1qwuw0s-0 aw__sc-ngllmo-0 epAWpq fzYpjk yle__article__paragraph\">Euroviisujen ja Uuden musiikin kilpailun selostajana tunnettu <strong class=\"aw__sc-ngllmo-2 gdRrun yle__article__strong\">Mikko Silvennoinen<\/strong> on valittu UMK:n vastaavaksi tuottajaksi. H\u00e4n aloittaa teht\u00e4v\u00e4ss\u00e4 syksyll\u00e4.<\/p>\n<p class=\"aw__sc-1qwuw0s-0 aw__sc-ngllmo-0 epAWpq fzYpjk yle__article__paragraph\">Edellinen p\u00e4\u00e4tuottaja <strong class=\"aw__sc-ngllmo-2 gdRrun yle__article__strong\">Anssi Autio<\/strong> kertoi <a class=\"aw__sc-ngllmo-1 bTDnwX yle__article__link\" href=\"https:\/\/yle.fi\/a\/74-20230011\" role=\"link\" rel=\"nofollow noopener\" target=\"_blank\">kes\u00e4kuun alussa<\/a> j\u00e4tt\u00e4v\u00e4ns\u00e4 teht\u00e4v\u00e4ns\u00e4. H\u00e4n oli osa tiimi\u00e4, joka perusti UMK:n vuonna 2011.<\/p>\n<p class=\"aw__sc-1qwuw0s-0 aw__sc-ngllmo-0 epAWpq fzYpjk yle__article__paragraph\">Silvennoinen on ty\u00f6skennellyt kolme viime vuotta Ylell\u00e4 nuorten sis\u00e4lt\u00f6jen parissa ja viime syksyst\u00e4 l\u00e4htien toimitusp\u00e4\u00e4llikk\u00f6n\u00e4 Yle lapset ja nuoret -yksik\u00f6ss\u00e4. Sit\u00e4 ennen h\u00e4nell\u00e4 on kokemusta yli kahden vuosikymmenen ajalta kotimaisista ja kansainv\u00e4lisista tv-tuotannoista.<\/p>\n<p>\u201dYrit\u00e4n olla s\u00f6ssim\u00e4tt\u00e4\u201d<\/p>\n<p class=\"aw__sc-1qwuw0s-0 aw__sc-ngllmo-0 epAWpq fzYpjk yle__article__paragraph\">Uusi pesti UMK:n vastaavana tuottajana j\u00e4nnitt\u00e4\u00e4 Silvennoista. H\u00e4n saa omien sanojensa mukaan vedett\u00e4v\u00e4kseen Suomen ammattitaitoisimman ja parhaan tuotantotiimin.<\/p>\n<p class=\"aw__sc-1qwuw0s-0 aw__sc-ngllmo-0 epAWpq fzYpjk yle__article__paragraph\">\u2013 Teht\u00e4v\u00e4n\u00e4ni on vain olla s\u00f6ssim\u00e4tt\u00e4 sit\u00e4.<\/p>\n<p class=\"aw__sc-1qwuw0s-0 aw__sc-ngllmo-0 epAWpq fzYpjk yle__article__paragraph\">Silvennoinen sanoo, ett\u00e4 h\u00e4nen visionsa UMK:n suhteen tarkentuu syksyll\u00e4. Jotain h\u00e4n uskaltaa kuitenkin jo linjata.<\/p>\n<p class=\"aw__sc-1qwuw0s-0 aw__sc-ngllmo-0 epAWpq fzYpjk yle__article__paragraph\">\u2013 Haluaisin, ett\u00e4 UMK k\u00e4\u00e4ntyy viel\u00e4 enemm\u00e4n ulosp\u00e4in. Raotetaan verhoa ammattilaisten tekemiseen entist\u00e4 enemm\u00e4n, koska sill\u00e4 kelpaa leveill\u00e4.<\/p>\n<p class=\"aw__sc-1qwuw0s-0 aw__sc-ngllmo-0 epAWpq fzYpjk yle__article__paragraph\">Silvennoinen haluaa ottaa my\u00f6s viisufanit paremmin huomioon, sill\u00e4 he ovat kannatelleet laulukilpailua vaikeinakin aikoina.<\/p>\n<p class=\"aw__sc-1qwuw0s-0 aw__sc-ngllmo-0 epAWpq fzYpjk yle__article__paragraph\">\u2013 Euroviisut ja UMK eiv\u00e4t ole olleet aina huipulla kuten nyt. Fanit ovat silti jaksaneet tukea ja tsempata niin\u00e4kin vuosina, kun Suomi ei ole p\u00e4\u00e4ssyt esimerkiksi Euroviisujen finaaliin.<\/p>\n<p class=\"aw__sc-1qwuw0s-0 aw__sc-ngllmo-0 epAWpq fzYpjk yle__article__paragraph\">Silvennoinen on selostanut UMK:ta ja Euroviisuja vuodesta 2016 l\u00e4htien. Vuonna 2020 viisuja ei j\u00e4rjestetty koronan takia.<\/p>\n<p class=\"aw__sc-1qwuw0s-0 aw__sc-ngllmo-0 epAWpq fzYpjk yle__article__paragraph\">Viel\u00e4 ei ole varmaa, selostaako Silvennoinen my\u00f6s jatkossa. H\u00e4n huomauttaa, ett\u00e4 vastaavat tuottajat ovat n\u00e4in tehneet aiemminkin. Esimerkiksi <strong class=\"aw__sc-ngllmo-2 gdRrun yle__article__strong\">Erkki Pohjanheimo<\/strong> selosti Euroviisut useaan otteeseen 1980- ja 1990-luvuilla.<\/p>\n<p class=\"aw__sc-1qwuw0s-0 aw__sc-ngllmo-0 epAWpq fzYpjk yle__article__paragraph\">\u2013 En tied\u00e4, sopiiko se nykyaikaan eli ehtiik\u00f6 sama ihminen tekem\u00e4\u00e4n kaiken mahdollisen.<\/p>\n<p class=\"aw__sc-1qwuw0s-0 aw__sc-ngllmo-0 epAWpq fzYpjk yle__article__paragraph\">Silvennoisen mukaan asiasta p\u00e4\u00e4tet\u00e4\u00e4n syksyll\u00e4.<\/p>\n<p class=\"aw__sc-1qwuw0s-0 aw__sc-ngllmo-0 epAWpq fzYpjk yle__article__paragraph\">Korjaus 24.6. klo 15.21 :Tarkennettu Mikko Silvennoisen viime vuosien ty\u00f6nkuvaa Yless\u00e4.<\/p>\n","protected":false},"excerpt":{"rendered":"Silvennoinen ei viel\u00e4 tied\u00e4, jatkaako h\u00e4n my\u00f6s UMK:n ja Euroviisujen selostajana. Avaa kuvien katselu Mikko Silvennoinen on selostanut&hellip;\n","protected":false},"author":2,"featured_media":285028,"comment_status":"","ping_status":"","sticky":false,"template":"","format":"standard","meta":{"footnotes":"","_share_on_mastodon":"0"},"categories":[136],"tags":[407,137,909,33,31,30,408,108,907,47,32,906,109],"class_list":["post-285027","post","type-post","status-publish","format-standard","has-post-thumbnail","category-julkkikset","tag-celebrities","tag-entertainment","tag-euroviisut","tag-fi","tag-finland","tag-finnish","tag-julkkikset","tag-kulttuuri","tag-mikko-silvennoinen","tag-musiikki","tag-suomi","tag-umk","tag-viihde"],"share_on_mastodon":{"url":"https:\/\/pubeurope.com\/@fi\/116805603776271160","error":""},"_links":{"self":[{"href":"https:\/\/www.europesays.com\/fi\/wp-json\/wp\/v2\/posts\/285027","targetHints":{"allow":["GET"]}}],"collection":[{"href":"https:\/\/www.europesays.com\/fi\/wp-json\/wp\/v2\/posts"}],"about":[{"href":"https:\/\/www.europesays.com\/fi\/wp-json\/wp\/v2\/types\/post"}],"author":[{"embeddable":true,"href":"https:\/\/www.europesays.com\/fi\/wp-json\/wp\/v2\/users\/2"}],"replies":[{"embeddable":true,"href":"https:\/\/www.europesays.com\/fi\/wp-json\/wp\/v2\/comments?post=285027"}],"version-history":[{"count":0,"href":"https:\/\/www.europesays.com\/fi\/wp-json\/wp\/v2\/posts\/285027\/revisions"}],"wp:featuredmedia":[{"embeddable":true,"href":"https:\/\/www.europesays.com\/fi\/wp-json\/wp\/v2\/media\/285028"}],"wp:attachment":[{"href":"https:\/\/www.europesays.com\/fi\/wp-json\/wp\/v2\/media?parent=285027"}],"wp:term":[{"taxonomy":"category","embeddable":true,"href":"https:\/\/www.europesays.com\/fi\/wp-json\/wp\/v2\/categories?post=285027"},{"taxonomy":"post_tag","embeddable":true,"href":"https:\/\/www.europesays.com\/fi\/wp-json\/wp\/v2\/tags?post=285027"}],"curies":[{"name":"wp","href":"https:\/\/api.w.org\/{rel}","templated":true}]}}