{"id":285087,"date":"2026-06-24T16:31:10","date_gmt":"2026-06-24T16:31:10","guid":{"rendered":"https:\/\/www.europesays.com\/fi\/285087\/"},"modified":"2026-06-24T16:31:10","modified_gmt":"2026-06-24T16:31:10","slug":"robin-raikkonen-on-aivan-kuin-isansa-kimi-raikkonen-uskomattomat-kuvat","status":"publish","type":"post","link":"https:\/\/www.europesays.com\/fi\/285087\/","title":{"rendered":"Robin R\u00e4ikk\u00f6nen on aivan kuin is\u00e4ns\u00e4 Kimi R\u00e4ikk\u00f6nen \u2013 uskomattomat kuvat"},"content":{"rendered":"<p>            AOP\n        <\/p>\n<p class=\"subtitle \">Robin tekee jo esiteini-i\u00e4ss\u00e4 kansainv\u00e4list\u00e4 moottoriurheilu-uraa.<\/p>\n<p class=\"article-content article-content-width !bg-background\"> ja  esikoinen  p\u00e4\u00e4si j\u00e4lleen loistamaan moottoriradalla. Vasta 11-vuotias nousi lajinsa ykk\u00f6spallille.<\/p>\n<p class=\"font-weight-bold m-font-weight-bold article-content article-content-width !bg-background\">Arkistovideolla muita F1-perheiden\u00a0lapsia<\/p>\n<p class=\"article-content article-content-width !bg-background\">Robinin nimiss\u00e4 olevalla, perheen yll\u00e4pit\u00e4m\u00e4ll\u00e4 Instagram-tilill\u00e4 julkaistiin t\u00e4n\u00e4\u00e4n (ti 23.6.) seitsem\u00e4n kuvan kuvakaruselli toissa viikonloppuna pidetyist\u00e4 kart-kisoista.<\/p>\n<p class=\"article-content article-content-width !bg-background\">Kansikuvana on komeasti juniori-R\u00e4ikk\u00f6nen ykk\u00f6spalkinto kourassaan. H\u00e4n voitti RMC-sarjan nelj\u00e4nnen osakilpailun Mini Max -luokassaan.<\/p>\n<p>Kuin Kimin kaksoisolento<\/p>\n<p class=\"article-content article-content-width !bg-background\">Kahdessa asiassa Robinin poseeraus voittopokaalin kanssa muistuttaa tismalleen is\u00e4-Kimin kisaotteita.<\/p>\n<p class=\"article-content article-content-width !bg-background\">Ensinn\u00e4kin poika viihtyy mieluummin aurinkolasien takana kuin ilveilem\u00e4ss\u00e4 kuvaajille. N\u00e4in jopa voiton hetkell\u00e4. Lippalakkia ei sent\u00e4\u00e4n n\u00e4hd\u00e4 p\u00e4\u00e4ss\u00e4.<\/p>\n<p>        <a itemprop=\"url\" href=\"https:\/\/www.seiska.fi\/kotimaa\/kimi-sai-hellyttavan-rakkauskortin-46-vuotta-tanaan\/1964990\" rel=\"nofollow noopener\" target=\"_blank\"><\/p>\n<p>\n46-vuotissyntt\u00e4rit!\n<\/p>\n<p class=\"section-date\">\n        <strong class=\"article-section\" data-section=\"kotimaa\"><br \/>\n            kotimaa<br \/>\n        <\/strong><br \/>\n        17.10.2025 16:30\n    <\/p>\n<p>Kimi sai hellytt\u00e4v\u00e4n rakkauskortin \u2013 46 vuotta t\u00e4n\u00e4\u00e4n\n    <\/p>\n<p itemprop=\"description\" class=\"subtitle \">\n    Kimi Matias t\u00e4ytti t\u00e4n\u00e4\u00e4n 46 vuotta.\n<\/p>\n<p>        <\/a><\/p>\n<p class=\"article-content article-content-width !bg-background\">Toinen suorastaan mainion kimim\u00e4inen asia on rennon itsevarma ote. 11-vuotias kisavoittaja on l\u00e4hes tyyni voitostaan huolimatta. Eurooppalaisittain huomattavan valkeat hiukset lainehtivat p\u00e4\u00e4ss\u00e4, ja toinen suupieli on liev\u00e4ss\u00e4 hymyvirneess\u00e4.\u00a0<\/p>\n<p class=\"article-content article-content-width !bg-background\">Voi melkein kuulla klassisen sitaatin radiossa: &#8221;J\u00e4t\u00e4 minut rauhaan. Tied\u00e4n, mit\u00e4 teen.&#8221;<\/p>\n<p class=\"article-content article-content-width !bg-background\">Muut kuusi kuvaa ovat Robinin kisa-ajon otoksia.<\/p>\n<p>T\u00e4llainen laji<\/p>\n<p class=\"article-content article-content-width !bg-background\">Robin oli Italiassa ajetun Sveitsin-sarjan nelj\u00e4nnen osakilpailun voittaja. Aika-ajoissa h\u00e4n oli toinen.\u00a0<\/p>\n<p class=\"article-content article-content-width !bg-background\">H\u00e4n ajaa it\u00e4valtalaisen Rotaxin moottoreihin perustuvassa karting-sarja RMC:ss\u00e4 eli Rotax Challengess\u00e4.<\/p>\n<p>        <a itemprop=\"url\" href=\"https:\/\/www.seiska.fi\/kotimaa\/kimi-raikkonen-harvinaisessa-yhteiskuvassa-poikansa-kanssa\/1961160\" rel=\"nofollow noopener\" target=\"_blank\"><\/p>\n<p>\nKimi ja Robin\n<\/p>\n<p class=\"section-date\">\n        <strong class=\"article-section\" data-section=\"kotimaa\"><br \/>\n            kotimaa<br \/>\n        <\/strong><br \/>\n        14.10.2025 14:25\n    <\/p>\n<p>Kimi R\u00e4ikk\u00f6nen harvinaisessa yhteiskuvassa poikansa kanssa\n    <\/p>\n<p itemprop=\"description\" class=\"subtitle \">\n    J\u00e4\u00e4miehen Robin-pojalla on ainakin hymy herk\u00e4ss\u00e4.\n<\/p>\n<p>        <\/a><\/p>\n<p class=\"article-content article-content-width !bg-background\">Sarjan ideana on, ett\u00e4 kaikilla kuskeilla on tismalleen sama Rotaxin moottori. P\u00e4rj\u00e4\u00e4minen liittyy silloin ensisijaisesti kuskin taitoihin sek\u00e4 kykyyn viritt\u00e4\u00e4 auto parhaaseen mahdolliseen kuntoon valittua kisataktiikkaa varten.<\/p>\n<p class=\"article-content article-content-width !bg-background\">Sarjassa on useita maakisoja kaikilla viidell\u00e4 mantereella sek\u00e4 kansainv\u00e4linen kutsukisa.<\/p>\n<p class=\"article-content article-content-width !bg-background\">Vaikka Robin ajoi voittoon Italiassa pidetyss\u00e4 osakilpailussa, h\u00e4n n\u00e4ytt\u00e4isi kisaavan sveitsil\u00e4isess\u00e4 sarjassa. Sveitsiss\u00e4 on rajallinen m\u00e4\u00e4r\u00e4 kisapaikkoja, ja Lonatossa Garda-j\u00e4rven tuntumassa olevaa rataa k\u00e4ytet\u00e4\u00e4n Italian ja Sveitsin kisoihin.<\/p>\n<p>        <a itemprop=\"url\" href=\"https:\/\/www.seiska.fi\/urheilu\/minttu-raikkonen-jakoi-bikinikuvan\/1582937\" rel=\"nofollow noopener\" target=\"_blank\"><\/p>\n<p class=\"section-date\">\n        <strong class=\"article-section\" data-section=\"urheilu\"><br \/>\n            urheilu<br \/>\n        <\/strong><br \/>\n        17.1.2025 10:33\n    <\/p>\n<p>Minttu R\u00e4ikk\u00f6nen jakoi bikinikuvan\n    <\/p>\n<p itemprop=\"description\" class=\"subtitle \">\n    Yhdess\u00e4 Mintun jakamassa kuvassa Robin poseeraa jopa viel\u00e4kin tyylikk\u00e4\u00e4mp\u00e4n\u00e4 kuin Kimi-is\u00e4.\n<\/p>\n<p>        <\/a><\/p>\n<p class=\"article-content article-content-width !bg-background\">Robinin luokka on hassun ristiriitaisesti nimelt\u00e4\u00e4n Mini Max. Max on on Rotaxin moottorimalli, jolla ajetaan, ja Mini tarkoittaa 9\u201312-vuotiaiden luokkaa.<\/p>\n","protected":false},"excerpt":{"rendered":"AOP Robin tekee jo esiteini-i\u00e4ss\u00e4 kansainv\u00e4list\u00e4 moottoriurheilu-uraa. ja esikoinen p\u00e4\u00e4si j\u00e4lleen loistamaan moottoriradalla. Vasta 11-vuotias nousi lajinsa ykk\u00f6spallille.&hellip;\n","protected":false},"author":2,"featured_media":285088,"comment_status":"","ping_status":"","sticky":false,"template":"","format":"standard","meta":{"footnotes":"","_share_on_mastodon":"0"},"categories":[158],"tags":[33,31,30,5722,5721,212,83,38090,5718,159,32,160],"class_list":["post-285087","post","type-post","status-publish","format-standard","has-post-thumbnail","category-urheilu","tag-fi","tag-finland","tag-finnish","tag-karting","tag-kimi-raikkonen","tag-lifestyle","tag-moottoriurheilu","tag-rmc-sarja","tag-robin-raikkonen","tag-sports","tag-suomi","tag-urheilu"],"share_on_mastodon":{"url":"https:\/\/pubeurope.com\/@fi\/116806044090329269","error":""},"_links":{"self":[{"href":"https:\/\/www.europesays.com\/fi\/wp-json\/wp\/v2\/posts\/285087","targetHints":{"allow":["GET"]}}],"collection":[{"href":"https:\/\/www.europesays.com\/fi\/wp-json\/wp\/v2\/posts"}],"about":[{"href":"https:\/\/www.europesays.com\/fi\/wp-json\/wp\/v2\/types\/post"}],"author":[{"embeddable":true,"href":"https:\/\/www.europesays.com\/fi\/wp-json\/wp\/v2\/users\/2"}],"replies":[{"embeddable":true,"href":"https:\/\/www.europesays.com\/fi\/wp-json\/wp\/v2\/comments?post=285087"}],"version-history":[{"count":0,"href":"https:\/\/www.europesays.com\/fi\/wp-json\/wp\/v2\/posts\/285087\/revisions"}],"wp:featuredmedia":[{"embeddable":true,"href":"https:\/\/www.europesays.com\/fi\/wp-json\/wp\/v2\/media\/285088"}],"wp:attachment":[{"href":"https:\/\/www.europesays.com\/fi\/wp-json\/wp\/v2\/media?parent=285087"}],"wp:term":[{"taxonomy":"category","embeddable":true,"href":"https:\/\/www.europesays.com\/fi\/wp-json\/wp\/v2\/categories?post=285087"},{"taxonomy":"post_tag","embeddable":true,"href":"https:\/\/www.europesays.com\/fi\/wp-json\/wp\/v2\/tags?post=285087"}],"curies":[{"name":"wp","href":"https:\/\/api.w.org\/{rel}","templated":true}]}}