{"id":285316,"date":"2026-06-24T23:21:13","date_gmt":"2026-06-24T23:21:13","guid":{"rendered":"https:\/\/www.europesays.com\/fi\/285316\/"},"modified":"2026-06-24T23:21:13","modified_gmt":"2026-06-24T23:21:13","slug":"pinja-sanaksenaho-ja-hanen-poikaystavansa-tyrmistyivat-ystaviensa-nuukuudesta-someraivo-repesi","status":"publish","type":"post","link":"https:\/\/www.europesays.com\/fi\/285316\/","title":{"rendered":"Pinja Sanaksenaho ja h\u00e4nen poikayst\u00e4v\u00e4ns\u00e4 tyrmistyiv\u00e4t yst\u00e4viens\u00e4 nuukuudesta \u2013 Someraivo repesi"},"content":{"rendered":"<p>Pinja Sanaksenahon ja h\u00e4nen poikayst\u00e4v\u00e4ns\u00e4 keskustelu rahasta on her\u00e4tt\u00e4nyt voimakkaita reaktioita somessa.<\/p>\n<p><img decoding=\"async\" class=\"image image-show image-preview\" src=\"https:\/\/www.europesays.com\/fi\/wp-content\/uploads\/2026\/06\/1d6f7fa8978a89e4880ff673112ae173b1b7e9ccea25b23830b640c2120a4d66.jpg\" alt=\"\"\/><img decoding=\"async\" class=\"image image-show\" src=\"https:\/\/www.europesays.com\/fi\/wp-content\/uploads\/2026\/06\/1782343273_219_1d6f7fa8978a89e4880ff673112ae173b1b7e9ccea25b23830b640c2120a4d66.jpg\" alt=\"\"\/><\/p>\n<p>Pinja Sanaksenaho on tehnyt yli vuosikymmenen ajan sis\u00e4lt\u00f6\u00e4 sosiaaliseen mediaan ja erityisesti Youtubeen. Tuuli Syrj\u00e4l\u00e4<\/p>\n<p class=\"paragraph\">Tubettaja <strong>Pinkku Pinskun<\/strong> eli <a href=\"https:\/\/www.iltalehti.fi\/henkilot\/Pinja Sanaksenaho\" class=\"article-link-person-page\" rel=\"nofollow noopener\" target=\"_blank\">Pinja Sanaksenahon<\/a> ja h\u00e4nen poikayst\u00e4v\u00e4ns\u00e4 <strong>Iyad Belhoutin<\/strong> esitt\u00e4m\u00e4t kommentit <a href=\"https:\/\/podme.com\/fi\/podcast\/rss-kaheli\/\" target=\"_blank\" rel=\"noopener nofollow\">Kaheli<\/a>-podcastissa ovat her\u00e4tt\u00e4neet kiivasta keskustelua somessa.<\/p>\n<p class=\"paragraph\">Jaksossa kaksikko kertoo turhautumisestaan tilanteisiin, joissa heid\u00e4n yst\u00e4v\u00e4ns\u00e4 suhtautuvat heid\u00e4n mielest\u00e4\u00e4n liian tarkasti rahank\u00e4ytt\u00f6\u00f6n.<\/p>\n<p class=\"paragraph\">Belhoutin mukaan kaveriporukasta l\u00f6ytyy usein henkil\u00f6, joka ei halua k\u00e4ytt\u00e4\u00e4 esimerkiksi 80 euroa lomamatkan aktiviteettiin.<\/p>\n<p class=\"paragraph\">\u2013 Olet ulkomailla, t\u00e4\u00e4ll\u00e4 k\u00e4ytet\u00e4\u00e4n rahaa, t\u00e4\u00e4ll\u00e4 tuhlataan rahaa. Olet koko vuoden tehnyt duunia sen takia, ett\u00e4 jumalauta menet ja tuhlaat, Belhout tilitt\u00e4\u00e4.<\/p>\n<p class=\"paragraph\">Sanaksenaho on poikayst\u00e4v\u00e4ns\u00e4 kanssa samoilla linjoilla ja toteaa, ett\u00e4 h\u00e4nen mielest\u00e4\u00e4n t\u00e4llainen toiminta voi heikent\u00e4\u00e4 muun seurueen tunnelmaa.<\/p>\n<p class=\"paragraph\">\u2013 Sinua alkaa itse\u00e4kin ahdistaa, h\u00e4n komppaa.<\/p>\n<p class=\"paragraph\">Belhout havainnollistaa n\u00e4kemyst\u00e4\u00e4n Espanjan-matkalla sattuneella tilanteella. H\u00e4nen mukaansa viisi seurueen j\u00e4sent\u00e4 olisi halunnut osallistua 90 euroa maksaneeseen nousuvarjoliitoon, mutta kaksi henkil\u00f6\u00e4 ei ollut innostunut maksamaan aktiviteetista.<\/p>\n<p class=\"paragraph\">\u2013 En ole maksamassa 90 euroa tuosta, tuo on ihan bullshit, tuo kest\u00e4\u00e4 vaan 15 minuuttia, Belhout imitoi kahden muun sanomaa.<\/p>\n<p class=\"paragraph\">Lopulta koko seurue p\u00e4\u00e4tyi j\u00e4tt\u00e4m\u00e4\u00e4n aktiviteetin v\u00e4liin. Molemmat juontajat pohtivat tymp\u00e4\u00e4ntynein\u00e4 sit\u00e4, kuinka eri tavoin ihmiset suhtautuvat rahan k\u00e4ytt\u00e4miseen ja m\u00e4\u00e4rittelev\u00e4t itse sen, mik\u00e4 on heille rahan arvoista.<\/p>\n<p class=\"paragraph\">\u2013 Tuo olisi ollut maailman hauskinta menn\u00e4. 90 eurolla ei ole mit\u00e4\u00e4n v\u00e4li\u00e4 tuossa kohtaa. Sin\u00e4 itse asetat rahalle arvon, Sanaksenaho linjaa.<\/p>\n<p class=\"paragraph\">Samassa yhteydess\u00e4 h\u00e4n kertoo olevansa itse valmis maksamaan esimerkiksi 7\u20139 euroa j\u00e4\u00e4latteesta.<\/p>\n<p class=\"paragraph\">\u2013 Koen, ett\u00e4 minulle se nautinto on sen arvon verran. Tunnen ihmisi\u00e4, jotka eiv\u00e4t maksaisi edes kolmea euroa siit\u00e4, vaan he tekev\u00e4t sen mieluummin himassa itse, h\u00e4n kertoo.<\/p>\n<p class=\"paragraph\">Pariskunnan kommentit ovat her\u00e4tt\u00e4neet somessa vilkasta keskustelua ja kritiikki\u00e4. Jodelissa on esimerkiksi pohdittu, irtautuvatko hyvin tienaavat ihmiset tavallisten ihmisten todellisuudesta, kun heid\u00e4n tulotasonsa nousee.<\/p>\n<p class=\"paragraph\">\u2013 Tuntuu, ett\u00e4 kaikki tubettajat ovat irtautuneet todellisuudesta kauan aikaa sitten.<\/p>\n<p class=\"paragraph\">\u2013 Kannattaisi ehk\u00e4 lukea uutisia ja mietti\u00e4, miksi jollain ei ehk\u00e4 ole varaa, vaikka teill\u00e4 olisi.<\/p>\n<p class=\"paragraph\">\u2013 Yht\u00e4kki\u00e4 se satanen tuntuu kympilt\u00e4, eik\u00e4 tajuta, ett\u00e4 muilla voi olla hieman eri tilanne. Se 90 euroa voi olla kuun safkat.<\/p>\n<p class=\"paragraph\">Toisaalta osa k\u00e4ytt\u00e4jist\u00e4 huomauttaa, ett\u00e4 matkaseura kannattaa valita sen mukaan, millaisia asioita itse haluaa tehd\u00e4 ja kokea.<\/p>\n<p class=\"paragraph\">\u2013 Oma mielipide on se, ett\u00e4 reissuun kannattaa l\u00e4htee niiden kanssa, jotka ovat valmiita t\u00f6rs\u00e4\u00e4m\u00e4\u00e4n rahaa esimerkiksi tuollaisiin el\u00e4myksiin.<\/p>\n<p class=\"paragraph\">\u2013 Joillain on rahaa, mutta eiv\u00e4t halua maksaa jostain, sitten on erikseen k\u00f6yh\u00e4t, joilla ei ole varaa. N\u00e4m\u00e4 ovat kaksi eri ryhm\u00e4\u00e4.<\/p>\n<p class=\"paragraph\">Monet k\u00e4ytt\u00e4j\u00e4t kertovat my\u00f6s itse joutuneensa j\u00e4tt\u00e4ytym\u00e4\u00e4n vastaavista tilanteista pois oman budjettinsa vuoksi. Osa puolestaan huomauttaa, ett\u00e4 muu porukka olisi voinut hyvin osallistua aktiviteettiin ilman kahta.<\/p>\n<p class=\"paragraph\">My\u00f6s Tiktokissa, jossa keskustelusta on jaettu videoklippi, aihe on her\u00e4tt\u00e4nyt samantyylist\u00e4 vilkasta keskustelua.<\/p>\n<p class=\"paragraph\">\u2013 Joillekin se 90 euroa voi olla todella iso summa.<\/p>\n<p class=\"paragraph\">\u2013 90 euroa on kahden p\u00e4iv\u00e4n palkkani.<\/p>\n<p class=\"paragraph\">\u2013 Her\u00e4tk\u00e4\u00e4.<\/p>\n<p class=\"paragraph\">\u2013 Tuollainen summa voi olla iso osa jonkun reissubudjettia.<\/p>\n<p class=\"paragraph\">\u2013 Se, ett\u00e4 jollain on edes se 90 euroa tilill\u00e4, ei ole mik\u00e4\u00e4n itsest\u00e4\u00e4nselvyys, varsinkaan t\u00e4ss\u00e4 ty\u00f6markkinatilanteessa.<\/p>\n<p class=\"paragraph\">\u2013 T\u00e4m\u00e4 on tyhmint\u00e4, mit\u00e4 olen v\u00e4h\u00e4\u00e4n aikaan kuullut.<\/p>\n","protected":false},"excerpt":{"rendered":"Pinja Sanaksenahon ja h\u00e4nen poikayst\u00e4v\u00e4ns\u00e4 keskustelu rahasta on her\u00e4tt\u00e4nyt voimakkaita reaktioita somessa. Pinja Sanaksenaho on tehnyt yli vuosikymmenen&hellip;\n","protected":false},"author":2,"featured_media":285317,"comment_status":"","ping_status":"","sticky":false,"template":"","format":"standard","meta":{"footnotes":"","_share_on_mastodon":"0"},"categories":[136],"tags":[35,407,4492,137,33,31,30,148,147,1027,408,151,32,109],"class_list":["post-285316","post","type-post","status-publish","format-standard","has-post-thumbnail","category-julkkikset","tag-24h","tag-celebrities","tag-digimedia","tag-entertainment","tag-fi","tag-finland","tag-finnish","tag-internet","tag-internet-palvelut","tag-internetyhteiso","tag-julkkikset","tag-sosiaalinen-media-ja-verkostoituminen","tag-suomi","tag-viihde"],"share_on_mastodon":{"url":"https:\/\/pubeurope.com\/@fi\/116807656348407127","error":""},"_links":{"self":[{"href":"https:\/\/www.europesays.com\/fi\/wp-json\/wp\/v2\/posts\/285316","targetHints":{"allow":["GET"]}}],"collection":[{"href":"https:\/\/www.europesays.com\/fi\/wp-json\/wp\/v2\/posts"}],"about":[{"href":"https:\/\/www.europesays.com\/fi\/wp-json\/wp\/v2\/types\/post"}],"author":[{"embeddable":true,"href":"https:\/\/www.europesays.com\/fi\/wp-json\/wp\/v2\/users\/2"}],"replies":[{"embeddable":true,"href":"https:\/\/www.europesays.com\/fi\/wp-json\/wp\/v2\/comments?post=285316"}],"version-history":[{"count":0,"href":"https:\/\/www.europesays.com\/fi\/wp-json\/wp\/v2\/posts\/285316\/revisions"}],"wp:featuredmedia":[{"embeddable":true,"href":"https:\/\/www.europesays.com\/fi\/wp-json\/wp\/v2\/media\/285317"}],"wp:attachment":[{"href":"https:\/\/www.europesays.com\/fi\/wp-json\/wp\/v2\/media?parent=285316"}],"wp:term":[{"taxonomy":"category","embeddable":true,"href":"https:\/\/www.europesays.com\/fi\/wp-json\/wp\/v2\/categories?post=285316"},{"taxonomy":"post_tag","embeddable":true,"href":"https:\/\/www.europesays.com\/fi\/wp-json\/wp\/v2\/tags?post=285316"}],"curies":[{"name":"wp","href":"https:\/\/api.w.org\/{rel}","templated":true}]}}