{"id":285590,"date":"2026-06-25T08:13:11","date_gmt":"2026-06-25T08:13:11","guid":{"rendered":"https:\/\/www.europesays.com\/fi\/285590\/"},"modified":"2026-06-25T08:13:11","modified_gmt":"2026-06-25T08:13:11","slug":"heikki-paasonen-julistaa-poikansa-seuraavan-isaa-muodin-huipulla-huikea-instagram-kuva-lapsen-tyylista-hurmaa-seuraajat","status":"publish","type":"post","link":"https:\/\/www.europesays.com\/fi\/285590\/","title":{"rendered":"Heikki Paasonen julistaa poikansa seuraavan is\u00e4\u00e4 muodin huipulla \u2013 huikea Instagram-kuva lapsen tyylist\u00e4 hurmaa seuraajat"},"content":{"rendered":"<p>            Timo Korhonen\n        <\/p>\n<p class=\"subtitle \">Heikki tiet\u00e4\u00e4, miten samaan aikaan n\u00e4ytet\u00e4\u00e4n lapsen kasvot somessa, mutta pidet\u00e4\u00e4n kuitenkin piilossa.<\/p>\n<p class=\"article-content article-content-width !bg-background\">Yli nelj\u00e4nnesvuosisadan televisiossa juontanut , 43, on tehnyt perheenis\u00e4n uraa vasta viisi vuotta. T\u00e4m\u00e4 ura n\u00e4kyy v\u00e4kev\u00e4sti h\u00e4nen Instagram-tilill\u00e4\u00e4n.<\/p>\n<p class=\"font-weight-bold m-font-weight-bold article-content article-content-width !bg-background\">Video: N\u00e4in raha on n\u00e4kynyt Heikin el\u00e4m\u00e4ss\u00e4<\/p>\n<p class=\"article-content article-content-width !bg-background\">T\u00e4n\u00e4\u00e4n Heikki ei kuitenkaan julkaissut Instassa kuvaa h\u00e4net is\u00e4ksi tehneest\u00e4 esikoisestaan, vaan Heikin ja -vaimon juniorista, vilkkaasta taaperoik\u00e4isest\u00e4 pojastaan.<\/p>\n<p class=\"article-content article-content-width !bg-background\">\u2013 Is\u00e4ns\u00e4 jalanj\u00e4ljill\u00e4, muodin keih\u00e4\u00e4nk\u00e4rken\u00e4 jo vuodesta 2024, Heikki kirjoittaa kuvansa alla.<\/p>\n<p>        <a itemprop=\"url\" href=\"https:\/\/www.seiska.fi\/kotimaa\/marita-paasonen-jai-yksin-nain-kavi-heikin-lahdon-jalkeen\/2181921\" rel=\"nofollow noopener\" target=\"_blank\"><\/p>\n<p>\nT\u00e4llaista el\u00e4m\u00e4 on\n<\/p>\n<p class=\"section-date\">\n        <strong class=\"article-section\" data-section=\"kotimaa\"><br \/>\n            kotimaa<br \/>\n        <\/strong><br \/>\n        16.6. 11:04\n    <\/p>\n<p>Marita Paasonen j\u00e4i yksin \u2013 n\u00e4in k\u00e4vi Heikin l\u00e4hd\u00f6n j\u00e4lkeen\n    <\/p>\n<p itemprop=\"description\" class=\"subtitle \">\n    Maritan on t\u00e4ytynyt totutella arkeen ilman miest\u00e4\u00e4n.\n<\/p>\n<p>        <\/a><\/p>\n<p class=\"article-content article-content-width !bg-background\">Kuvassa poika k\u00e4velee hyvin p\u00e4\u00e4tt\u00e4v\u00e4isin askelin ja varpaat paljaana pitkin noppakivetty\u00e4 pihaa. Jalassa on beiget collegehousut resorilahkeineen, ja paita on housuihin m\u00e4ts\u00e4\u00e4v\u00e4sti harmaalla murrettua vaaleaa ja sinert\u00e4v\u00e4\u00e4 vaakaraitaa.<\/p>\n<p>Hatussa sen salaisuus<\/p>\n<p class=\"article-content article-content-width !bg-background\">Pojan p\u00e4\u00e4hine kuitenkin varastaa kaiken huomion.<\/p>\n<p class=\"article-content article-content-width !bg-background\">On melko varmaa, ett\u00e4 Heikki on muodin keih\u00e4\u00e4nk\u00e4rki -kehullaan ja omaan osaamiseensa verratessaan viitannut juuri t\u00e4h\u00e4n.<\/p>\n<p>        <a itemprop=\"url\" href=\"https:\/\/www.seiska.fi\/kotimaa\/heikki-paasonen-herkistyi-katso-sydamet-sulattava-video\/2183761\" rel=\"nofollow noopener\" target=\"_blank\"><\/p>\n<p>\nHeikki Paasonen\n<\/p>\n<p class=\"section-date\">\n        <strong class=\"article-section\" data-section=\"kotimaa\"><br \/>\n            kotimaa<br \/>\n        <\/strong><br \/>\n        18.6. 12:30\n    <\/p>\n<p>Heikki Paasonen herkistyi \u2013 katso syd\u00e4met sulattava video!\n    <\/p>\n<p itemprop=\"description\" class=\"subtitle \">\n    Perheenis\u00e4 herkistyi toden teolla kohdatessaan pienokaisensa pitk\u00e4st\u00e4 aikaa.\n<\/p>\n<p>        <\/a><\/p>\n<p class=\"article-content article-content-width !bg-background\">P\u00e4\u00e4ss\u00e4 pojalla on lasten lyhytvartinen haavi. Haavin verkko kulkee p\u00e4\u00e4n yli, ja neonvihre\u00e4ll\u00e4 ja -oranssilla korostettu haavin keh\u00e4 sek\u00e4 varsi roikkuvat jotakuinkin pojan nen\u00e4n p\u00e4\u00e4ll\u00e4 kohti menosuuntaa.<\/p>\n<p class=\"article-content article-content-width !bg-background\">Kun kruununa nykyjuniorin muotikuvassa koreilee taustalla my\u00f6s kurkkumopo. Keski-i\u00e4n yl\u00e4p\u00e4\u00e4ss\u00e4 olevat muistavat lasten potkulelun omasta lapsuudestaan, ja nykytaaperot sek\u00e4 heid\u00e4n keski-ik\u00e4iset vanhempansa tuntevat kurkkumopon \u00e4skett\u00e4in uustuotantoon ilmestyneen\u00e4 hipsteri-ikonina.<\/p>\n<p>Yst\u00e4v\u00e4t riemastuivat<\/p>\n<p class=\"article-content article-content-width !bg-background\">Heikin kuvailu sek\u00e4 pojan p\u00e4\u00e4m\u00e4\u00e4r\u00e4tietoinen kulku haavi p\u00e4\u00e4ss\u00e4\u00e4n ovat saaneet tietysti Heikin ja Maaritin lis\u00e4ksi kaikki satunnaisia someseuraajia my\u00f6ten riemastumaan.<\/p>\n<p class=\"article-content article-content-width !bg-background\">\u2013 T\u00e4ss\u00e4 kohtaa h\u00e4n oli riisunut toisen siskon unitossuista, kirjoittaa ylpe\u00e4 \u00e4iti ensimm\u00e4isen\u00e4.<\/p>\n<p>        <a itemprop=\"url\" href=\"https:\/\/www.seiska.fi\/kotimaa\/heikki-paasosen-tytar-on-todellinen-tyylitaituri-hulvaton-video\/1952403\" rel=\"nofollow noopener\" target=\"_blank\"><\/p>\n<p>\nHulvaton video\n<\/p>\n<p class=\"section-date\">\n        <strong class=\"article-section\" data-section=\"kotimaa\"><br \/>\n            kotimaa<br \/>\n        <\/strong><br \/>\n        6.10.2025 17:30\n    <\/p>\n<p>Heikki Paasosen tyt\u00e4r on todellinen tyylitaituri \u2013 hulvaton video\n    <\/p>\n<p itemprop=\"description\" class=\"subtitle \">\n    Heikki aloitti uransa teinin\u00e4, mutta tyt\u00e4r on muotip\u00e4\u00e4llikk\u00f6 jo tarhaik\u00e4isen\u00e4.\n<\/p>\n<p>        <\/a><\/p>\n<p class=\"article-content article-content-width !bg-background\">Ja kun kuvaa katsoo tarkkaan, poika on j\u00e4tt\u00e4nyt isosiskonsa vaaleanpunaisen unitossun taakseen.<\/p>\n<p class=\"article-content article-content-width !bg-background\">\u2013 Ihan voisi Pariisin muotiviikoille menn\u00e4, siell\u00e4h\u00e4n juuri tuollaisia asuja n\u00e4kyy, yksi seuraaja kirjoittaa alan avantgardeen viitaten.<\/p>\n<p class=\"article-content article-content-width !bg-background\">\u2013 Kes\u00e4muotia. Jatkoon, toinen toteaa.<\/p>\n<p class=\"article-content article-content-width !bg-background\">Yks kiinnitt\u00e4\u00e4 enemm\u00e4n huomiota asun k\u00e4yt\u00e4nn\u00f6llisyyteen.<\/p>\n<p class=\"article-content article-content-width !bg-background\">\u2013 Pysyy hyttysetkin loitolla.<\/p>\n<p class=\"article-content article-content-width !bg-background\">\u2013 Ennen kaikkea omalla tyylill\u00e4, yksi kiteytt\u00e4\u00e4 koko muodin perusajatuksen.<\/p>\n<p>        <a itemprop=\"url\" href=\"https:\/\/www.seiska.fi\/kotimaa\/heikki-paasonen-napauttaa-en-ymmarra-miten-ihmiset-pystyy-siihen\/1792618\" rel=\"nofollow noopener\" target=\"_blank\"><\/p>\n<p>\nHeikki Paasonen puhuu suunsa puhtaaksi\n<\/p>\n<p class=\"section-date\">\n        <strong class=\"article-section\" data-section=\"kotimaa\"><br \/>\n            kotimaa<br \/>\n        <\/strong><br \/>\n        31.5.2025 20:29\n    <\/p>\n<p>Heikki Paasonen napauttaa: &#8221;En ymm\u00e4rr\u00e4, miten ihmiset pystyy siihen&#8221;\n    <\/p>\n<p itemprop=\"description\" class=\"subtitle \">\n    Ty\u00f6 vie Amazing Race -juontajaa niin ett\u00e4 hirvitt\u00e4\u00e4.\n<\/p>\n<p>        <\/a><\/p>\n","protected":false},"excerpt":{"rendered":"Timo Korhonen Heikki tiet\u00e4\u00e4, miten samaan aikaan n\u00e4ytet\u00e4\u00e4n lapsen kasvot somessa, mutta pidet\u00e4\u00e4n kuitenkin piilossa. Yli nelj\u00e4nnesvuosisadan televisiossa&hellip;\n","protected":false},"author":2,"featured_media":285591,"comment_status":"","ping_status":"","sticky":false,"template":"","format":"standard","meta":{"footnotes":"","_share_on_mastodon":"0"},"categories":[130],"tags":[1177,137,33,31,30,3565,7184,99,1127,3564,106,98,1128,32,3489,109],"class_list":["post-285590","post","type-post","status-publish","format-standard","has-post-thumbnail","category-viihde","tag-aiti","tag-entertainment","tag-fi","tag-finland","tag-finnish","tag-heikki-paasonen","tag-isa","tag-lapset","tag-lapsi","tag-marita-paasonen","tag-muoti","tag-perhe","tag-poika","tag-suomi","tag-tytar","tag-viihde"],"share_on_mastodon":{"url":"https:\/\/pubeurope.com\/@fi\/116809748141313290","error":""},"_links":{"self":[{"href":"https:\/\/www.europesays.com\/fi\/wp-json\/wp\/v2\/posts\/285590","targetHints":{"allow":["GET"]}}],"collection":[{"href":"https:\/\/www.europesays.com\/fi\/wp-json\/wp\/v2\/posts"}],"about":[{"href":"https:\/\/www.europesays.com\/fi\/wp-json\/wp\/v2\/types\/post"}],"author":[{"embeddable":true,"href":"https:\/\/www.europesays.com\/fi\/wp-json\/wp\/v2\/users\/2"}],"replies":[{"embeddable":true,"href":"https:\/\/www.europesays.com\/fi\/wp-json\/wp\/v2\/comments?post=285590"}],"version-history":[{"count":0,"href":"https:\/\/www.europesays.com\/fi\/wp-json\/wp\/v2\/posts\/285590\/revisions"}],"wp:featuredmedia":[{"embeddable":true,"href":"https:\/\/www.europesays.com\/fi\/wp-json\/wp\/v2\/media\/285591"}],"wp:attachment":[{"href":"https:\/\/www.europesays.com\/fi\/wp-json\/wp\/v2\/media?parent=285590"}],"wp:term":[{"taxonomy":"category","embeddable":true,"href":"https:\/\/www.europesays.com\/fi\/wp-json\/wp\/v2\/categories?post=285590"},{"taxonomy":"post_tag","embeddable":true,"href":"https:\/\/www.europesays.com\/fi\/wp-json\/wp\/v2\/tags?post=285590"}],"curies":[{"name":"wp","href":"https:\/\/api.w.org\/{rel}","templated":true}]}}