{"id":28572,"date":"2025-09-07T23:34:14","date_gmt":"2025-09-07T23:34:14","guid":{"rendered":"https:\/\/www.europesays.com\/fi\/28572\/"},"modified":"2025-09-07T23:34:14","modified_gmt":"2025-09-07T23:34:14","slug":"syyllistyivatko-16-vuotiaalta-anna-kontulalta-seksia-ostaneet-miehet-rikokseen-professori-vastaa","status":"publish","type":"post","link":"https:\/\/www.europesays.com\/fi\/28572\/","title":{"rendered":"Syyllistyiv\u00e4tk\u00f6 16-vuotiaalta Anna Kontulalta seksi\u00e4 ostaneet miehet rikokseen? Professori vastaa"},"content":{"rendered":"<p>Kansanedustaja Anna Kontula kertoo alkaneensa myyd\u00e4 seksi\u00e4 alaik\u00e4isen\u00e4 vuonna 1993. <\/p>\n<p><img decoding=\"async\" class=\"image image-show image-preview\" src=\"https:\/\/www.europesays.com\/fi\/wp-content\/uploads\/2025\/09\/c20e507779a324ea4f229574a63da3606022f9e871c9959205da5284dd05e6c9.jpg\" alt=\"\"\/><img decoding=\"async\" class=\"image image-show\" src=\"https:\/\/www.europesays.com\/fi\/wp-content\/uploads\/2025\/09\/1757288054_231_c20e507779a324ea4f229574a63da3606022f9e871c9959205da5284dd05e6c9.jpg\" alt=\"\"\/><\/p>\n<p>Anna Kontula kertoi HS:n haastattelussa tekem\u00e4st\u00e4\u00e4n seksity\u00f6st\u00e4. Arkistokuva. Pete Anikari<\/p>\n<p class=\"paragraph\">Kansanedustaja <strong>Anna Kontula<\/strong> (vas) kertoi viikonloppuna julkaistussa <a href=\"https:\/\/www.hs.fi\/kuukausiliite\/art-2000011410909.html\" rel=\"noopener nofollow\" target=\"_blank\">Helsingin Sanomien haastattelussa<\/a> myyneens\u00e4 seksi\u00e4 vain 16-vuotiaana.<\/p>\n<p class=\"paragraph\">Seksin ostaminen alaik\u00e4iselt\u00e4 on Suomen laissa kielletty\u00e4 rangaistuksen uhalla. Seksin ostaminen alaik\u00e4iselt\u00e4 kriminalisoitiin vuonna 1999.<\/p>\n<p class=\"paragraph\">Kuusi vuotta aikaisemmin, Kontulan ollessa 16-vuotias vuonna 1993, kyseinen rikoslaki ei ollut viel\u00e4 voimassa. T\u00e4ten alaik\u00e4iselt\u00e4 Kontulalta seksi\u00e4 ostaneet miehet eiv\u00e4t ole syyllistyneet rikokseen, kertoo It\u00e4-Suomen yliopiston rikosoikeuden emeritusprofessori <strong>Matti Tolvanen<\/strong>.<\/p>\n<p class=\"paragraph\">HS:n haastattelun mukaan Kontula j\u00e4tti vuonna 1993 Tamperelainen-kaupunkilehteen parin rivin ilmoituksen, jossa sanottiin, ett\u00e4 \u201dnuori nainen tarvitsee rahaa ja etsii seikkailua\u201d. Kontula kertoo HS:lle, ett\u00e4 h\u00e4nell\u00e4 oli tuolloin taloudellisesti tiukkaa.<\/p>\n<p class=\"paragraph\">\u2013  On ajateltavissa, ett\u00e4 h\u00e4n (Kontula) on tehnyt sen vapaaehtoisesti, jolloin siit\u00e4 ei tulisi my\u00f6sk\u00e4\u00e4n hyv\u00e4ksik\u00e4ytt\u00f6rikoksia, Tolvanen sanoo.<\/p>\n<p class=\"paragraph\">Tolvanen toteaa, ett\u00e4 vaikka rikoslaki alaik\u00e4iselt\u00e4 seksin ostamisessa olisi ollut sama kuin nyky\u00e4\u00e4n, olisivat Kontulan tapauksessa rikokset jo vanhentuneet.<\/p>\n<p>Vuonna 1993 alaik\u00e4iselt\u00e4 seksin ostaminen ei ollut rikos, mutta nyky\u00e4\u00e4n siit\u00e4 voi saada jopa vankeutta, kertoo rikosoikeuden professori Matti Tolvanen. Arkistokuva. Jussi Eskola<\/p>\n<p>Nyky\u00e4\u00e4n sakkoja tai vankeutta<\/p>\n<p class=\"paragraph\">Nyky\u00e4\u00e4n alaik\u00e4iselt\u00e4 seksin ostamisesta voidaan tuomita sakkoon tai enint\u00e4\u00e4n kahdeksi vuodeksi vankeuteen. My\u00f6s pelkk\u00e4 alaik\u00e4iselt\u00e4 seksin ostamisen yritys on rangaistava.<\/p>\n<p class=\"paragraph\">\u2013 Jos t\u00e4n\u00e4 p\u00e4iv\u00e4n\u00e4 noin tekisi, siin\u00e4 sitten ostajat saattaisivat saada jopa vankeusrangaistuksen. Kaksi vuotta on kuitenkin suhteellisen ankara tuomio.<\/p>\n<p class=\"paragraph\">\u2013 Jos otetaan vertailukohteeksi pahoinpitely, niin siin\u00e4 on sama asteikko kuin seksin ostamisessa alle 18-vuotiailta. Eli t\u00e4m\u00e4 ei ole mik\u00e4\u00e4n liev\u00e4 rikos todellakaan, Tolvanen toteaa.<\/p>\n<p class=\"paragraph\">Suomen rikoslaissa seksuaalisen kanssak\u00e4ymisen suojaik\u00e4raja on 16 vuotta. Alle 16-vuotiaalta seksi\u00e4 ostaessa puhuttaisiin Tolvasen mukaan raiskauksesta tai v\u00e4hint\u00e4\u00e4n seksuaalisesta kajoamisesta.<\/p>\n<p class=\"paragraph\">Tolvasen mukaan seksi\u00e4 ostavat henkil\u00f6t ovat my\u00f6s itse vastuussa sen varmistamisesta, ett\u00e4 seksi\u00e4 myyv\u00e4 henkil\u00f6 on t\u00e4ysi-ik\u00e4inen.<\/p>\n<p class=\"paragraph\">\u2013 Kun on kyseess\u00e4 seksin ostaminen, ik\u00e4rajan varmistamisen suhteen ollaan viel\u00e4 ankarampia.<\/p>\n<p class=\"paragraph\">Kontulalta julkaistaan pian Leip\u00e4\u00e4 ja ruusuja -el\u00e4m\u00e4kerta, jonka on kirjoittanut toimittaja-kirjailija <strong>Maria Pettersson<\/strong>.<\/p>\n","protected":false},"excerpt":{"rendered":"Kansanedustaja Anna Kontula kertoo alkaneensa myyd\u00e4 seksi\u00e4 alaik\u00e4isen\u00e4 vuonna 1993. Anna Kontula kertoi HS:n haastattelussa tekem\u00e4st\u00e4\u00e4n seksity\u00f6st\u00e4. Arkistokuva.&hellip;\n","protected":false},"author":2,"featured_media":28573,"comment_status":"","ping_status":"","sticky":false,"template":"","format":"standard","meta":{"footnotes":""},"categories":[5],"tags":[35,22,23,26,27,33,31,30,17,53,24,25,28,29,15,977,976,2317,18,21,38,32,19,20,16],"class_list":{"0":"post-28572","1":"post","2":"type-post","3":"status-publish","4":"format-standard","5":"has-post-thumbnail","7":"category-otsikot","8":"tag-24h","9":"tag-breaking-news","10":"tag-breakingnews","11":"tag-featured-news","12":"tag-featurednews","13":"tag-fi","14":"tag-finland","15":"tag-finnish","16":"tag-headlines","17":"tag-laki-oikeus-ja-rikos","18":"tag-latest-news","19":"tag-latestnews","20":"tag-main-news","21":"tag-mainnews","22":"tag-news","23":"tag-oikeusistuimet","24":"tag-oikeusprosessit","25":"tag-opettajat","26":"tag-otsikot","27":"tag-paauutiset","28":"tag-rikos","29":"tag-suomi","30":"tag-top-stories","31":"tag-topstories","32":"tag-uutiset"},"share_on_mastodon":{"url":"","error":""},"_links":{"self":[{"href":"https:\/\/www.europesays.com\/fi\/wp-json\/wp\/v2\/posts\/28572","targetHints":{"allow":["GET"]}}],"collection":[{"href":"https:\/\/www.europesays.com\/fi\/wp-json\/wp\/v2\/posts"}],"about":[{"href":"https:\/\/www.europesays.com\/fi\/wp-json\/wp\/v2\/types\/post"}],"author":[{"embeddable":true,"href":"https:\/\/www.europesays.com\/fi\/wp-json\/wp\/v2\/users\/2"}],"replies":[{"embeddable":true,"href":"https:\/\/www.europesays.com\/fi\/wp-json\/wp\/v2\/comments?post=28572"}],"version-history":[{"count":0,"href":"https:\/\/www.europesays.com\/fi\/wp-json\/wp\/v2\/posts\/28572\/revisions"}],"wp:featuredmedia":[{"embeddable":true,"href":"https:\/\/www.europesays.com\/fi\/wp-json\/wp\/v2\/media\/28573"}],"wp:attachment":[{"href":"https:\/\/www.europesays.com\/fi\/wp-json\/wp\/v2\/media?parent=28572"}],"wp:term":[{"taxonomy":"category","embeddable":true,"href":"https:\/\/www.europesays.com\/fi\/wp-json\/wp\/v2\/categories?post=28572"},{"taxonomy":"post_tag","embeddable":true,"href":"https:\/\/www.europesays.com\/fi\/wp-json\/wp\/v2\/tags?post=28572"}],"curies":[{"name":"wp","href":"https:\/\/api.w.org\/{rel}","templated":true}]}}