{"id":285776,"date":"2026-06-25T13:13:10","date_gmt":"2026-06-25T13:13:10","guid":{"rendered":"https:\/\/www.europesays.com\/fi\/285776\/"},"modified":"2026-06-25T13:13:10","modified_gmt":"2026-06-25T13:13:10","slug":"tutkimus-ympariston-tila-on-heikentynyt-kanta-ja-paijat-hameessa-kanta-hame","status":"publish","type":"post","link":"https:\/\/www.europesays.com\/fi\/285776\/","title":{"rendered":"Tutkimus: Ymp\u00e4rist\u00f6n tila on heikentynyt Kanta- ja P\u00e4ij\u00e4t-H\u00e4meess\u00e4 | Kanta-H\u00e4me"},"content":{"rendered":"<p class=\"aw__sc-1qwuw0s-0 aw__sc-1vg2sqm-0 epAWpq ecELkD yle__article__paragraph\">Ilman ep\u00e4puhtauksien vaikutusta ymp\u00e4rist\u00f6\u00f6n on seurattu pitk\u00e4\u00e4n. Tuloksia hy\u00f6dynnet\u00e4\u00e4n esimerkiksi ymp\u00e4rist\u00f6lupa\u00adk\u00e4sittelyn yhteydess\u00e4.<\/p>\n<p><img decoding=\"async\" alt=\"Lippisp\u00e4iset ymp\u00e4rist\u00f6asiantuntijat Stiina Lehmus ja Anni Maja kyykyss\u00e4 ker\u00e4\u00e4m\u00e4ss\u00e4 sammaln\u00e4ytteit\u00e4 metsik\u00f6ss\u00e4..\" src=\"https:\/\/www.europesays.com\/fi\/wp-content\/uploads\/2026\/06\/1749202728.jpeg\" class=\"aw__sc-dklauk-0 LPzKX\"\/><\/p>\n<p>Avaa kuvien katselu<\/p>\n<p>Ymp\u00e4rist\u00f6asiantuntijat Stiina Lehmus ja Anni Maja ker\u00e4siv\u00e4t n\u00e4ytteit\u00e4 ilmanlaadun bioindikaattoritutkimusta varten Forssassa kes\u00e4kuun alussa 2025. Kuva: Tiina Kokko \/ Yle<\/p>\n<ul class=\"aw__sc-1yb43iq-0 gFXHv yle__article__list yle__article__list--ul\">\n<li class=\"aw__sc-1yb43iq-1 gVAzbt\">Bioindikaattoritutkimus osoittaa ymp\u00e4rist\u00f6n tilan heikentyneen liev\u00e4sti Kanta- ja P\u00e4ij\u00e4t-H\u00e4meess\u00e4. T\u00e4st\u00e4 kertovat j\u00e4k\u00e4l\u00e4lajiston k\u00f6yhtyminen ja sammal- ja humusn\u00e4ytteiden kohonneet metallipitoisuudet.<\/li>\n<li class=\"aw__sc-1yb43iq-1 gVAzbt\">Ilmap\u00e4\u00e4st\u00f6t ovat kuitenkin v\u00e4hentyneet merkitt\u00e4v\u00e4sti vuosina 2014\u20132024: typpip\u00e4\u00e4st\u00f6t 72 prosenttia, rikkip\u00e4\u00e4st\u00f6t 65 ja hiukkasp\u00e4\u00e4st\u00f6t 51 prosenttia.<\/li>\n<li class=\"aw__sc-1yb43iq-1 gVAzbt\">Tuloksia k\u00e4ytet\u00e4\u00e4n muun muassa ymp\u00e4rist\u00f6valvonnassa ja yritysten lupak\u00e4sittelyiss\u00e4.<\/li>\n<\/ul>\n<p class=\"aw__sc-1qwuw0s-0 aw__sc-ngllmo-0 epAWpq fzYpjk yle__article__paragraph\">Tuore <a class=\"aw__sc-ngllmo-1 bTDnwX yle__article__link\" href=\"https:\/\/www.doria.fi\/bitstream\/handle\/10024\/195161\/Julkaisu-15%20Kanta-%20ja%20P%c3%a4ij%c3%a4t-H%c3%a4meen%20ilmanlaadun%20bioindikaattoritutkimus%20vuonna%202025.pdf?sequence=1&amp;isAllowed=y\" role=\"link\" rel=\"nofollow noopener\" target=\"_blank\">tutkimus<\/a> kertoo ymp\u00e4rist\u00f6n tilan heikentyneen liev\u00e4sti Kanta- ja P\u00e4ij\u00e4t-H\u00e4meess\u00e4. Asiaa selvitettiin bioindikaattoritutkimuksesta, jossa selvitettiin ilman ep\u00e4puhtauksien vaikutusta ymp\u00e4rist\u00f6\u00f6n.<\/p>\n<p class=\"aw__sc-1qwuw0s-0 aw__sc-ngllmo-0 epAWpq fzYpjk yle__article__paragraph\">\u2013 Etenkin taajama-alueet korostuivat. My\u00f6s suurimmat metallipitoisuudet mitattiin taajama-alueiden l\u00e4heisyydest\u00e4, kertoo ymp\u00e4rist\u00f6asiantuntija <strong class=\"aw__sc-ngllmo-2 gdRrun yle__article__strong\">Milla Yksj\u00e4rvi<\/strong> tutkimuksen tehneest\u00e4 Eurofins Ahma oy:st\u00e4.<\/p>\n<p class=\"aw__sc-1qwuw0s-0 aw__sc-ngllmo-0 epAWpq fzYpjk yle__article__paragraph\">Selvityksen mukaan my\u00f6s H\u00e4meen j\u00e4k\u00e4l\u00e4lajisto on keskim\u00e4\u00e4rin k\u00f6yhtynyt ja vaurioitunut erityisesti taajamien ja teollisuusalueiden l\u00e4heisyydess\u00e4.<\/p>\n<p class=\"aw__sc-1qwuw0s-0 aw__sc-ngllmo-0 epAWpq fzYpjk yle__article__paragraph\">Tausta-alueilla lajisto oli runsaampaa.<\/p>\n<p class=\"aw__sc-1qwuw0s-0 aw__sc-ngllmo-0 epAWpq fzYpjk yle__article__paragraph\">Maastotutkimukset ja n\u00e4ytteenotot toteutettiin molemmissa maakunnissa kes\u00e4ll\u00e4 2025. Tutkimuksia tehtiin 303 havaintoalalla, joissa bioindikaattoreina olivat m\u00e4ntyjen runkoj\u00e4k\u00e4l\u00e4t, sammaleet ja humus.<\/p>\n<p class=\"aw__sc-1qwuw0s-0 aw__sc-ngllmo-0 epAWpq fzYpjk yle__article__paragraph\"><strong class=\"aw__sc-ngllmo-2 gdRrun yle__article__strong\">Ymp\u00e4rist\u00f6asiantuntijat Anni Maja ja Stiina Lehmus tekiv\u00e4t maastotutkimuksia viime vuonna muun muassa Forssassa:<\/strong><\/p>\n<p>Video: Tiina Kokko \/ Yle<\/p>\n<p class=\"aw__sc-1qwuw0s-0 aw__sc-ngllmo-0 epAWpq fzYpjk yle__article__paragraph\">Bioindikaattorien kuormitus kertoo paikallisten p\u00e4\u00e4st\u00f6jen lis\u00e4ksi my\u00f6s kaukolaskeumien ja luontaisten tekij\u00f6iden vaikutuksesta.<\/p>\n<p class=\"aw__sc-1qwuw0s-0 aw__sc-ngllmo-0 epAWpq fzYpjk yle__article__paragraph\">P\u00e4\u00e4st\u00f6aineistoista selvi\u00e4\u00e4, ett\u00e4 typen oksidien, rikkidioksidin ja hiukkasten kokonaisp\u00e4\u00e4st\u00f6t ovat v\u00e4hentyneet tutkimusalueella merkitt\u00e4v\u00e4sti vuodesta 2014 vuoteen 2024.<\/p>\n<p class=\"aw__sc-1qwuw0s-0 aw__sc-ngllmo-0 epAWpq fzYpjk yle__article__paragraph\">\u2013 Typpip\u00e4\u00e4st\u00f6t olivat v\u00e4hentyneet 72 prosenttia, rikkip\u00e4\u00e4st\u00f6t 65 ja hiukkasp\u00e4\u00e4st\u00f6t 51 prosenttia, Yksj\u00e4rvi sanoo.<\/p>\n<p class=\"aw__sc-1qwuw0s-0 aw__sc-ngllmo-0 epAWpq fzYpjk yle__article__paragraph\">Ilmanlaatuun vaikuttavat edelleen liikenne, energiantuotanto ja teollisuus yhdess\u00e4 muiden tekij\u00f6iden kanssa.<\/p>\n<p class=\"aw__sc-1qwuw0s-0 aw__sc-ngllmo-0 epAWpq fzYpjk yle__article__paragraph\">Vastaavia ilmanlaadun bioindikaattoritutkimuksia on tehty my\u00f6s muualla Suomessa. Tulosten perusteella Kanta- ja P\u00e4ij\u00e4t-H\u00e4meen tulokset eiv\u00e4t merkitt\u00e4v\u00e4sti eroa muualla saaduista tuloksista.<\/p>\n<p>Hy\u00f6ty\u00e4 viranomaisille ja yrityksille<\/p>\n<p class=\"aw__sc-1qwuw0s-0 aw__sc-ngllmo-0 epAWpq fzYpjk yle__article__paragraph\">Kanta- ja P\u00e4ij\u00e4t-H\u00e4meess\u00e4 ilman ep\u00e4puhtauksien vaikutusta ymp\u00e4rist\u00f6\u00f6n on seurattu bioindikaattorin avulla 1980-luvulta l\u00e4htien. Tutkimus on osa kuntien ja ilmap\u00e4\u00e4st\u00f6j\u00e4 aiheuttavien toimintojen lakis\u00e4\u00e4teist\u00e4 ymp\u00e4rist\u00f6n tilan seurantaa.<\/p>\n<p class=\"aw__sc-1qwuw0s-0 aw__sc-ngllmo-0 epAWpq fzYpjk yle__article__paragraph\">Nyt valmistunutta tutkimusta on koordinoinut H\u00e4meen ely-keskus ja t\u00e4m\u00e4n vuoden alusta Lupa- ja valvontavirasto.<\/p>\n<p class=\"aw__sc-1qwuw0s-0 aw__sc-ngllmo-0 epAWpq fzYpjk yle__article__paragraph\">Valvontap\u00e4\u00e4llikk\u00f6 <strong class=\"aw__sc-ngllmo-2 gdRrun yle__article__strong\">Sinikka Koikkalainen<\/strong> Lupa- ja valvontavirastosta kertoo, ett\u00e4 bioindikaattoritutkimuksen tuloksia hy\u00f6dynnet\u00e4\u00e4n ymp\u00e4rist\u00f6valvonnassa ja lupak\u00e4sittelyiss\u00e4.<\/p>\n<p class=\"aw__sc-1qwuw0s-0 aw__sc-ngllmo-0 epAWpq fzYpjk yle__article__paragraph\">My\u00f6s yritykset ja laitokset voivat hy\u00f6dynt\u00e4\u00e4 tietoja ymp\u00e4rist\u00f6vaikutusten todentamiseen ymp\u00e4rist\u00f6lupaa haettaessa tai toiminnan aloittamiseen liittyv\u00e4\u00e4 rekister\u00f6inti\u00e4 teht\u00e4ess\u00e4.<\/p>\n","protected":false},"excerpt":{"rendered":"Ilman ep\u00e4puhtauksien vaikutusta ymp\u00e4rist\u00f6\u00f6n on seurattu pitk\u00e4\u00e4n. Tuloksia hy\u00f6dynnet\u00e4\u00e4n esimerkiksi ymp\u00e4rist\u00f6lupa\u00adk\u00e4sittelyn yhteydess\u00e4. Avaa kuvien katselu Ymp\u00e4rist\u00f6asiantuntijat Stiina Lehmus&hellip;\n","protected":false},"author":2,"featured_media":285777,"comment_status":"","ping_status":"","sticky":false,"template":"","format":"standard","meta":{"footnotes":"","_share_on_mastodon":"0"},"categories":[113],"tags":[446,33,31,30,2909,18043,1794,1268,118,32,119,447],"class_list":["post-285776","post","type-post","status-publish","format-standard","has-post-thumbnail","category-ymparisto","tag-environment","tag-fi","tag-finland","tag-finnish","tag-forssa","tag-ilman-epapuhtaudet","tag-kanta-hame","tag-paijat-hame","tag-science","tag-suomi","tag-tiede","tag-ymparisto"],"share_on_mastodon":{"url":"https:\/\/pubeurope.com\/@fi\/116810928265156077","error":""},"_links":{"self":[{"href":"https:\/\/www.europesays.com\/fi\/wp-json\/wp\/v2\/posts\/285776","targetHints":{"allow":["GET"]}}],"collection":[{"href":"https:\/\/www.europesays.com\/fi\/wp-json\/wp\/v2\/posts"}],"about":[{"href":"https:\/\/www.europesays.com\/fi\/wp-json\/wp\/v2\/types\/post"}],"author":[{"embeddable":true,"href":"https:\/\/www.europesays.com\/fi\/wp-json\/wp\/v2\/users\/2"}],"replies":[{"embeddable":true,"href":"https:\/\/www.europesays.com\/fi\/wp-json\/wp\/v2\/comments?post=285776"}],"version-history":[{"count":0,"href":"https:\/\/www.europesays.com\/fi\/wp-json\/wp\/v2\/posts\/285776\/revisions"}],"wp:featuredmedia":[{"embeddable":true,"href":"https:\/\/www.europesays.com\/fi\/wp-json\/wp\/v2\/media\/285777"}],"wp:attachment":[{"href":"https:\/\/www.europesays.com\/fi\/wp-json\/wp\/v2\/media?parent=285776"}],"wp:term":[{"taxonomy":"category","embeddable":true,"href":"https:\/\/www.europesays.com\/fi\/wp-json\/wp\/v2\/categories?post=285776"},{"taxonomy":"post_tag","embeddable":true,"href":"https:\/\/www.europesays.com\/fi\/wp-json\/wp\/v2\/tags?post=285776"}],"curies":[{"name":"wp","href":"https:\/\/api.w.org\/{rel}","templated":true}]}}