{"id":28578,"date":"2025-09-07T23:54:13","date_gmt":"2025-09-07T23:54:13","guid":{"rendered":"https:\/\/www.europesays.com\/fi\/28578\/"},"modified":"2025-09-07T23:54:13","modified_gmt":"2025-09-07T23:54:13","slug":"huhu-playstationin-wolverine-toimintaseikkailu-on-esilla-loppukuun-state-of-playssa","status":"publish","type":"post","link":"https:\/\/www.europesays.com\/fi\/28578\/","title":{"rendered":"Huhu: PlayStationin Wolverine-toimintaseikkailu on esill\u00e4 loppukuun State of Playssa"},"content":{"rendered":"<p>Sonyn kerrotaan esittelev\u00e4n Wolverine-toimintaseikkailua maailmalle viel\u00e4 t\u00e4m\u00e4n kuun aikana.<\/p>\n<p>Insider Gaming -sivusto kertoo Insomniac Gamesin kehitt\u00e4m\u00e4n Wolverinen olevan esill\u00e4 seuraavassa State of Playssa. Sivuston mukaan asiasta perill\u00e4 olevat l\u00e4hteet kertovat Sonyn kaavailevan State of Playta syyskuun loppupuolelle.<\/p>\n<p>Lue my\u00f6s: <a href=\"https:\/\/www.pelaaja.fi\/uutiset\/insomniacin-perustaja-kertoo-miksi-kehutun-resistance-raiskintapelisarjan-neljas-osa-ei-koskaan-valmistunut\/\" title=\"Insomniacin perustaja kertoo, miksi kehutun Resistance-r\u00e4iskint\u00e4pelisarjan nelj\u00e4s osa ei koskaan valmistunut\" class=\"underline-custom !font-pelaaja-otsikko !font-black !underline-offset-4 !decoration-4 !decoration-tilt-light !text-md\" rel=\"nofollow noopener\" target=\"_blank\">Insomniacin perustaja kertoo, miksi kehutun Resistance-r\u00e4iskint\u00e4pelisarjan nelj\u00e4s osa ei koskaan valmistunut<\/a><\/p>\n<p>Lue my\u00f6s: <a href=\"https:\/\/www.pelaaja.fi\/uutiset\/marvels-wolverinen-pelattava-versio-vuodettiin-verkkoon-insomniac-tietomurron-seurauksena\/\" title=\"Marvel\u2019s Wolverinen pelattava versio vuodettiin verkkoon Insomniac-tietomurron seurauksena\" class=\"underline-custom !font-pelaaja-otsikko !font-black !underline-offset-4 !decoration-4 !decoration-tilt-light !text-md\" rel=\"nofollow noopener\" target=\"_blank\">Marvel\u2019s Wolverinen pelattava versio vuodettiin verkkoon Insomniac-tietomurron seurauksena<\/a><\/p>\n<p>Insider Gaming kertoo erillisten l\u00e4hteiden pit\u00e4v\u00e4n l\u00e4hes varmana Wolverinen mukanaoloa State of Playssa. L\u00e4hteet nimitt\u00e4in kertovat pelin seuraavan trailerin olevan jo valmis esitett\u00e4v\u00e4ksi. Mik\u00e4li traileria ei esitelt\u00e4isi State of Playssa, olisi se tulossa joka tapauksessa ulos l\u00e4hikuukausien aikana.<\/p>\n<p>Insomniac Games paljasti Wolverine-pelin vuonna 2021 PlayStation Showcasessa. Pelin julkaisusta ei ole t\u00e4ll\u00e4 haavaa tietoa. Pelist\u00e4 vuodettiin kuitenkin pari vuotta sitten verkkoon merkitt\u00e4v\u00e4 m\u00e4\u00e4r\u00e4 materiaalia Insomniaciin kohdistuneen tietomurron j\u00e4lkeen.<\/p>\n<p>Lue my\u00f6s: <a href=\"https:\/\/www.pelaaja.fi\/uutiset\/marvels-spider-man-kehittaja-insomniac-joutui-tietomurron-kohteeksi-uusia-tietoja-wolverine-pelista-vuodettiin-verkkoon\/\" title=\"Marvel\u2019s Spider-Man -kehitt\u00e4j\u00e4 Insomniac joutui tietomurron kohteeksi \u2013 uusia tietoja Wolverine-pelist\u00e4 vuodettiin verkkoon\" class=\"underline-custom !font-pelaaja-otsikko !font-black !underline-offset-4 !decoration-4 !decoration-tilt-light !text-md\" rel=\"nofollow noopener\" target=\"_blank\">Marvel\u2019s Spider-Man -kehitt\u00e4j\u00e4 Insomniac joutui tietomurron kohteeksi \u2013 uusia tietoja Wolverine-pelist\u00e4 vuodettiin verkkoon<\/a><\/p>\n<p>Lue my\u00f6s: <a href=\"https:\/\/www.pelaaja.fi\/uutiset\/insomniac-gamesin-wolverinen-huhutaan-olevan-marvels-spider-mania-synkempi-ja-vakivaltaisempi-myos-julkaisuajankohdasta-saatiin-vihia\/\" title=\"Insomniac Gamesin Wolverinen huhutaan olevan Marvel\u2019s Spider-Mania synkempi ja v\u00e4kivaltaisempi \u2013 my\u00f6s julkaisuajankohdasta saatiin vihi\u00e4\" class=\"underline-custom !font-pelaaja-otsikko !font-black !underline-offset-4 !decoration-4 !decoration-tilt-light !text-md\" rel=\"nofollow noopener\" target=\"_blank\">Insomniac Gamesin Wolverinen huhutaan olevan Marvel\u2019s Spider-Mania synkempi ja v\u00e4kivaltaisempi \u2013 my\u00f6s julkaisuajankohdasta saatiin vihi\u00e4<\/a><\/p>\n<p>L\u00e4hde: <a href=\"https:\/\/insider-gaming.com\/marvels-wolverine-trailer\/\" rel=\"nofollow noopener\" target=\"_blank\">Insider Gaming<\/a><\/p>\n","protected":false},"excerpt":{"rendered":"Sonyn kerrotaan esittelev\u00e4n Wolverine-toimintaseikkailua maailmalle viel\u00e4 t\u00e4m\u00e4n kuun aikana. Insider Gaming -sivusto kertoo Insomniac Gamesin kehitt\u00e4m\u00e4n Wolverinen olevan&hellip;\n","protected":false},"author":2,"featured_media":28579,"comment_status":"","ping_status":"","sticky":false,"template":"","format":"standard","meta":{"footnotes":""},"categories":[130],"tags":[137,33,31,30,8748,3282,8749,32,611,109,2144],"class_list":{"0":"post-28578","1":"post","2":"type-post","3":"status-publish","4":"format-standard","5":"has-post-thumbnail","7":"category-viihde","8":"tag-entertainment","9":"tag-fi","10":"tag-finland","11":"tag-finnish","12":"tag-insomniac-games","13":"tag-marvel","14":"tag-state-of-play","15":"tag-suomi","16":"tag-traileri","17":"tag-viihde","18":"tag-wolverine"},"share_on_mastodon":{"url":"","error":""},"_links":{"self":[{"href":"https:\/\/www.europesays.com\/fi\/wp-json\/wp\/v2\/posts\/28578","targetHints":{"allow":["GET"]}}],"collection":[{"href":"https:\/\/www.europesays.com\/fi\/wp-json\/wp\/v2\/posts"}],"about":[{"href":"https:\/\/www.europesays.com\/fi\/wp-json\/wp\/v2\/types\/post"}],"author":[{"embeddable":true,"href":"https:\/\/www.europesays.com\/fi\/wp-json\/wp\/v2\/users\/2"}],"replies":[{"embeddable":true,"href":"https:\/\/www.europesays.com\/fi\/wp-json\/wp\/v2\/comments?post=28578"}],"version-history":[{"count":0,"href":"https:\/\/www.europesays.com\/fi\/wp-json\/wp\/v2\/posts\/28578\/revisions"}],"wp:featuredmedia":[{"embeddable":true,"href":"https:\/\/www.europesays.com\/fi\/wp-json\/wp\/v2\/media\/28579"}],"wp:attachment":[{"href":"https:\/\/www.europesays.com\/fi\/wp-json\/wp\/v2\/media?parent=28578"}],"wp:term":[{"taxonomy":"category","embeddable":true,"href":"https:\/\/www.europesays.com\/fi\/wp-json\/wp\/v2\/categories?post=28578"},{"taxonomy":"post_tag","embeddable":true,"href":"https:\/\/www.europesays.com\/fi\/wp-json\/wp\/v2\/tags?post=28578"}],"curies":[{"name":"wp","href":"https:\/\/api.w.org\/{rel}","templated":true}]}}