{"id":28603,"date":"2025-09-08T00:51:16","date_gmt":"2025-09-08T00:51:16","guid":{"rendered":"https:\/\/www.europesays.com\/fi\/28603\/"},"modified":"2025-09-08T00:51:16","modified_gmt":"2025-09-08T00:51:16","slug":"aamuyosta-pesty-kellarisauna-syttyi-palamaan-19-asukkaan-kerrostalossa-kouvolassa-kymenlaakso","status":"publish","type":"post","link":"https:\/\/www.europesays.com\/fi\/28603\/","title":{"rendered":"Aamuy\u00f6st\u00e4 pesty kellarisauna syttyi palamaan 19 asukkaan kerrostalossa Kouvolassa | Kymenlaakso"},"content":{"rendered":"<p class=\"sc-jYczwO sc-dNFkOE frIBdZ edVjwg yle__article__paragraph\">Tulipalosta ei aiheutunut henkil\u00f6vahinkoja. Viranomainen tutkii syttymissyyt\u00e4.<\/p>\n<p><img decoding=\"async\" alt=\"Paloauto ajaa h\u00e4lytysvilkut p\u00e4\u00e4ll\u00e4.\" src=\"https:\/\/www.europesays.com\/fi\/wp-content\/uploads\/2025\/09\/39-151359868affb611c16b.jpeg\" class=\"sc-dntSTA iywpZY\"\/><\/p>\n<p>Avaa kuvien katselu<\/p>\n<p>Kerrostalopaloa h\u00e4lytettiin sammuttamaan kahdeksan pelastuslaitoksen yksikk\u00f6\u00e4. Kuva: Jarkko Riikonen \/ Yle<\/p>\n<p>7.9. 9:40\u2022P\u00e4ivitetty 7.9. 10:10<\/p>\n<p class=\"sc-jYczwO sc-ciCoXh frIBdZ cPdSqu yle__article__paragraph\">Kolmikerroksisen kerrostalon saunatilat ja koko kellarikerros tuhoutuivat tulipalossa sunnuntaiaamuna Kouvolan Keltakankaalla.<\/p>\n<p class=\"sc-jYczwO sc-ciCoXh frIBdZ cPdSqu yle__article__paragraph\">P\u00e4ivyst\u00e4v\u00e4n palomestarin mukaan sauna oli rutiininomaisesti pesty aamuy\u00f6st\u00e4 ja j\u00e4tetty kuivumaan muutamaksi tunniksi kiuas p\u00e4\u00e4ll\u00e4.<\/p>\n<p class=\"sc-jYczwO sc-ciCoXh frIBdZ cPdSqu yle__article__paragraph\">\u2013 Selvit\u00e4mme poliisin kanssa nyt syttymissyyt\u00e4, kommentoi p\u00e4ivyst\u00e4v\u00e4 palomestari <strong class=\"sc-eEHciv kkmMDs yle__article__strong\">Saku Tauriainen<\/strong>.<\/p>\n<p class=\"sc-jYczwO sc-ciCoXh frIBdZ cPdSqu yle__article__paragraph\">Vaikka talon kellarikerros tuhoutui, s\u00e4ilyiv\u00e4t asuinkerrokset vahingoittumattomina, ja kerrostalon asukkaat voivat jatkaa asumista kotonaan. Talossa on 20 asuntoa ja 19 asukasta.<\/p>\n<p class=\"sc-jYczwO sc-ciCoXh frIBdZ cPdSqu yle__article__paragraph\">Tulipaloa sammuttamassa olikahdeksan pelastuslaitoksen yksikk\u00f6\u00e4, jotka saivat palon ripe\u00e4sti hallintaansa ja sammutettua.<\/p>\n<p class=\"sc-jYczwO sc-ciCoXh frIBdZ cPdSqu yle__article__paragraph\">Juttua korjattu klo 10.10: Tulipaloa oli sammuttamassa kahdeksan eik\u00e4 seitsem\u00e4n pelastuslaitoksen yksikk\u00f6\u00e4.<\/p>\n","protected":false},"excerpt":{"rendered":"Tulipalosta ei aiheutunut henkil\u00f6vahinkoja. Viranomainen tutkii syttymissyyt\u00e4. Avaa kuvien katselu Kerrostalopaloa h\u00e4lytettiin sammuttamaan kahdeksan pelastuslaitoksen yksikk\u00f6\u00e4. Kuva: Jarkko&hellip;\n","protected":false},"author":2,"featured_media":28604,"comment_status":"","ping_status":"","sticky":false,"template":"","format":"standard","meta":{"footnotes":""},"categories":[12],"tags":[8755,8756,22,23,26,27,33,31,30,17,3093,737,3764,464,8753,24,25,28,29,15,837,18,21,127,8754,32,19,20,6110,1265,16],"class_list":{"0":"post-28603","1":"post","2":"type-post","3":"status-publish","4":"format-standard","5":"has-post-thumbnail","7":"category-suomi","8":"tag-asukas","9":"tag-asukkaat","10":"tag-breaking-news","11":"tag-breakingnews","12":"tag-featured-news","13":"tag-featurednews","14":"tag-fi","15":"tag-finland","16":"tag-finnish","17":"tag-headlines","18":"tag-kerrostalot","19":"tag-kouvola","20":"tag-kouvolan-seutukunta","21":"tag-kymenlaakso","22":"tag-kymenlaakson-pelastuslaitos","23":"tag-latest-news","24":"tag-latestnews","25":"tag-main-news","26":"tag-mainnews","27":"tag-news","28":"tag-onnettomuudet","29":"tag-otsikot","30":"tag-paauutiset","31":"tag-pelastuslaitokset","32":"tag-saunat","33":"tag-suomi","34":"tag-top-stories","35":"tag-topstories","36":"tag-tulipalojen-sammuttaminen","37":"tag-tulipalot","38":"tag-uutiset"},"share_on_mastodon":{"url":"","error":""},"_links":{"self":[{"href":"https:\/\/www.europesays.com\/fi\/wp-json\/wp\/v2\/posts\/28603","targetHints":{"allow":["GET"]}}],"collection":[{"href":"https:\/\/www.europesays.com\/fi\/wp-json\/wp\/v2\/posts"}],"about":[{"href":"https:\/\/www.europesays.com\/fi\/wp-json\/wp\/v2\/types\/post"}],"author":[{"embeddable":true,"href":"https:\/\/www.europesays.com\/fi\/wp-json\/wp\/v2\/users\/2"}],"replies":[{"embeddable":true,"href":"https:\/\/www.europesays.com\/fi\/wp-json\/wp\/v2\/comments?post=28603"}],"version-history":[{"count":0,"href":"https:\/\/www.europesays.com\/fi\/wp-json\/wp\/v2\/posts\/28603\/revisions"}],"wp:featuredmedia":[{"embeddable":true,"href":"https:\/\/www.europesays.com\/fi\/wp-json\/wp\/v2\/media\/28604"}],"wp:attachment":[{"href":"https:\/\/www.europesays.com\/fi\/wp-json\/wp\/v2\/media?parent=28603"}],"wp:term":[{"taxonomy":"category","embeddable":true,"href":"https:\/\/www.europesays.com\/fi\/wp-json\/wp\/v2\/categories?post=28603"},{"taxonomy":"post_tag","embeddable":true,"href":"https:\/\/www.europesays.com\/fi\/wp-json\/wp\/v2\/tags?post=28603"}],"curies":[{"name":"wp","href":"https:\/\/api.w.org\/{rel}","templated":true}]}}