{"id":286139,"date":"2026-06-25T23:34:10","date_gmt":"2026-06-25T23:34:10","guid":{"rendered":"https:\/\/www.europesays.com\/fi\/286139\/"},"modified":"2026-06-25T23:34:10","modified_gmt":"2026-06-25T23:34:10","slug":"kainuun-hyvinvointialue-aloittaa-koko-henkilostoa-koskevat-yt-neuvottelut-kainuu","status":"publish","type":"post","link":"https:\/\/www.europesays.com\/fi\/286139\/","title":{"rendered":"Kainuun hyvinvointialue aloittaa koko henkil\u00f6st\u00f6\u00e4 koskevat yt-neuvottelut | Kainuu"},"content":{"rendered":"<p class=\"aw__sc-1qwuw0s-0 aw__sc-1vg2sqm-0 epAWpq ecELkD yle__article__paragraph\">Hyvinvointialueen tavoitteena on v\u00e4hent\u00e4\u00e4 henkil\u00f6st\u00f6kuluja arviolta kahdeksalla miljoonalla eurolla ensi vuonna.<\/p>\n<p><img decoding=\"async\" alt=\"Kainuun hyvinvointialue ja Keski-Pohjanmaan hyvinvointialue neuvottelevat, voitaisiinko kummankin rintasy\u00f6p\u00e4leikkaukset tehd\u00e4 Kajaanissa.\" src=\"https:\/\/www.europesays.com\/fi\/wp-content\/uploads\/2026\/06\/1775563518.jpeg\" class=\"aw__sc-dklauk-0 LPzKX\"\/><\/p>\n<p>Avaa kuvien katselu<\/p>\n<p>Alustavasti yt-neuvottelujen henkil\u00f6st\u00f6vaikutus on noin 120 henkil\u00f6ty\u00f6vuotta. Kuva: Jarmo Nuotio \/ Yle<\/p>\n<p class=\"aw__sc-1qwuw0s-0 aw__sc-ngllmo-0 epAWpq fzYpjk yle__article__paragraph\">Kainuun hyvinvointialue aloittaa koko organisaatiota ja henkil\u00f6st\u00f6\u00e4 koskevat yhteistoimintaneuvottelut eli yt-neuvottelut.<\/p>\n<p class=\"aw__sc-1qwuw0s-0 aw__sc-ngllmo-0 epAWpq fzYpjk yle__article__paragraph\">Hyvinvointialueen aluehallitus p\u00e4\u00e4tti asiasta ylim\u00e4\u00e4r\u00e4isess\u00e4 kokouksessaan torstaina.<\/p>\n<p class=\"aw__sc-1qwuw0s-0 aw__sc-ngllmo-0 epAWpq fzYpjk yle__article__paragraph\">Hyvinvointialue tiedottaa, ett\u00e4 neuvottelut k\u00e4yd\u00e4\u00e4n talouden tasapainottamiseksi, toiminnan uudelleenj\u00e4rjest\u00e4miseksi sek\u00e4 mahdollisten ty\u00f6voiman k\u00e4yt\u00f6n v\u00e4hent\u00e4mist\u00e4 koskevien toimenpiteiden k\u00e4sittelemiseksi.<\/p>\n<p class=\"aw__sc-1qwuw0s-0 aw__sc-ngllmo-0 epAWpq fzYpjk yle__article__paragraph\">Tavoitteena on l\u00f6yt\u00e4\u00e4 toiminnallisia ja rakenteellisia ratkaisuja, joiden avulla henkil\u00f6st\u00f6kuluja pystyt\u00e4\u00e4n v\u00e4hent\u00e4m\u00e4\u00e4n arviolta kahdeksalla miljoonalla eurolla vuonna 2027.<\/p>\n<p class=\"aw__sc-1qwuw0s-0 aw__sc-ngllmo-0 epAWpq fzYpjk yle__article__paragraph\">\u2013 T\u00e4m\u00e4n vuoden tulosennuste sek\u00e4 tiedot ensi vuoden rahoituksesta ja kustannuskehityksest\u00e4 tarkoittavat v\u00e4ist\u00e4m\u00e4tt\u00f6mi\u00e4 supistuksia. Tavoiteltava s\u00e4\u00e4st\u00f6 on kokoluokaltaan huomattava, joten neuvottelut k\u00e4yd\u00e4\u00e4n koko organisaatiota koskien, toteaa Kainuun hyvinvointialuejohtaja <strong class=\"aw__sc-ngllmo-2 gdRrun yle__article__strong\">Sami M\u00e4enp\u00e4\u00e4<\/strong> tiedotteessa.<\/p>\n<p class=\"aw__sc-1qwuw0s-0 aw__sc-ngllmo-0 epAWpq fzYpjk yle__article__paragraph\">Alustavasti neuvottelujen henkil\u00f6st\u00f6vaikutus on noin 120 henkil\u00f6ty\u00f6vuotta. Hyvinvointialueen mukaan m\u00e4\u00e4r\u00e4 kuvaa v\u00e4hennystarpeen laskennallista suuruusluokkaa. Se ei tarkoita sellaisenaan vastaavaa m\u00e4\u00e4r\u00e4\u00e4 irtisanomisia.<\/p>\n<p class=\"aw__sc-1qwuw0s-0 aw__sc-ngllmo-0 epAWpq fzYpjk yle__article__paragraph\">Neuvotteluiden lopulliset vaikutukset sek\u00e4 niiden kohdentuminen ja toteuttamistavat t\u00e4smentyv\u00e4t neuvotteluiden aikana.<\/p>\n<p class=\"aw__sc-1qwuw0s-0 aw__sc-ngllmo-0 epAWpq fzYpjk yle__article__paragraph\">Toimenpiteet kohdistuvat alustavan arvion mukaan p\u00e4\u00e4asiallisesti hallinnon, strategisen tuen ja muiden tukipalvelujen teht\u00e4viin sek\u00e4 johtaja-, p\u00e4\u00e4llikk\u00f6-, esihenkil\u00f6- ja asiantuntijateht\u00e4viin.<\/p>\n<p class=\"aw__sc-1qwuw0s-0 aw__sc-ngllmo-0 epAWpq fzYpjk yle__article__paragraph\">Hyvinvointialueen tavoitteena on, ett\u00e4 potilas- ja asiakasty\u00f6t\u00e4 tekevien ty\u00f6ntekij\u00f6iden osalta henkil\u00f6st\u00f6vaikutukset j\u00e4\u00e4v\u00e4t mahdollisimman pieniksi.<\/p>\n<p class=\"aw__sc-1qwuw0s-0 aw__sc-ngllmo-0 epAWpq fzYpjk yle__article__paragraph\">Yt-neuvottelujen aikana ty\u00f6nantaja kartoittaa erilaisia vaihtoehtoja henkil\u00f6st\u00f6vaikutusten v\u00e4hent\u00e4miseksi. Niit\u00e4 ovat esimerkiksi el\u00e4k\u00f6itymisen hy\u00f6dynt\u00e4minen, sijaisk\u00e4yt\u00f6n v\u00e4hent\u00e4minen sek\u00e4 rekrytointien, teht\u00e4vien t\u00e4ytt\u00e4misen ja sijaisuuksien kriittinen arviointi.<\/p>\n","protected":false},"excerpt":{"rendered":"Hyvinvointialueen tavoitteena on v\u00e4hent\u00e4\u00e4 henkil\u00f6st\u00f6kuluja arviolta kahdeksalla miljoonalla eurolla ensi vuonna. Avaa kuvien katselu Alustavasti yt-neuvottelujen henkil\u00f6st\u00f6vaikutus on&hellip;\n","protected":false},"author":2,"featured_media":286140,"comment_status":"","ping_status":"","sticky":false,"template":"","format":"standard","meta":{"footnotes":"","_share_on_mastodon":"0"},"categories":[76],"tags":[79,77,33,31,30,2218,723,17023,71,32,78,2253],"class_list":["post-286139","post","type-post","status-publish","format-standard","has-post-thumbnail","category-talous","tag-business","tag-economy","tag-fi","tag-finland","tag-finnish","tag-hyvinvointialueet","tag-kainuu","tag-kainuun-hyvinvointialue","tag-kotimaa","tag-suomi","tag-talous","tag-yt-neuvottelut"],"share_on_mastodon":{"url":"https:\/\/pubeurope.com\/@fi\/116813370002458074","error":""},"_links":{"self":[{"href":"https:\/\/www.europesays.com\/fi\/wp-json\/wp\/v2\/posts\/286139","targetHints":{"allow":["GET"]}}],"collection":[{"href":"https:\/\/www.europesays.com\/fi\/wp-json\/wp\/v2\/posts"}],"about":[{"href":"https:\/\/www.europesays.com\/fi\/wp-json\/wp\/v2\/types\/post"}],"author":[{"embeddable":true,"href":"https:\/\/www.europesays.com\/fi\/wp-json\/wp\/v2\/users\/2"}],"replies":[{"embeddable":true,"href":"https:\/\/www.europesays.com\/fi\/wp-json\/wp\/v2\/comments?post=286139"}],"version-history":[{"count":0,"href":"https:\/\/www.europesays.com\/fi\/wp-json\/wp\/v2\/posts\/286139\/revisions"}],"wp:featuredmedia":[{"embeddable":true,"href":"https:\/\/www.europesays.com\/fi\/wp-json\/wp\/v2\/media\/286140"}],"wp:attachment":[{"href":"https:\/\/www.europesays.com\/fi\/wp-json\/wp\/v2\/media?parent=286139"}],"wp:term":[{"taxonomy":"category","embeddable":true,"href":"https:\/\/www.europesays.com\/fi\/wp-json\/wp\/v2\/categories?post=286139"},{"taxonomy":"post_tag","embeddable":true,"href":"https:\/\/www.europesays.com\/fi\/wp-json\/wp\/v2\/tags?post=286139"}],"curies":[{"name":"wp","href":"https:\/\/api.w.org\/{rel}","templated":true}]}}