{"id":286190,"date":"2026-06-26T01:15:19","date_gmt":"2026-06-26T01:15:19","guid":{"rendered":"https:\/\/www.europesays.com\/fi\/286190\/"},"modified":"2026-06-26T01:15:19","modified_gmt":"2026-06-26T01:15:19","slug":"bachelorette-jennyn-vauva-syntyi-komplikaatiot-saikayttivat-herasin-verilammikosta","status":"publish","type":"post","link":"https:\/\/www.europesays.com\/fi\/286190\/","title":{"rendered":"Bachelorette-Jennyn vauva syntyi &#8211; komplikaatiot s\u00e4ik\u00e4yttiv\u00e4t: &#8221;Her\u00e4sin verilammikosta&#8221;"},"content":{"rendered":"<p>\n            20200915 HELSINKI. ST. GEORGE. COSRX-lanseeraustilaisuus. Jenny Helenius. PHOTO: ATTE KAJOVA<br \/>\n            ATTE KAJOVA\n        <\/p>\n<p class=\"subtitle \">Jenny Heleniuksen synnytys ei mennyt alkuper\u00e4isten suunnitelmien mukaan.<\/p>\n<p class=\"article-content article-content-width !bg-background\">Bachelorette Suomi ohjelmasta tuttu , 42, on tullut viimein \u00e4idiksi.<\/p>\n<p class=\"font-weight-bold m-font-weight-bold article-content article-content-width !bg-background\">Katso video: Bachelor-Arttu kertoo ep\u00e4varmuuksistaan:<\/p>\n<p class=\"article-content article-content-width !bg-background\">Jenny kertoi lapsensa syntym\u00e4st\u00e4 sosiaalisessa mediassa viime viikolla. Instagramiin tehdyss\u00e4 p\u00e4ivityksess\u00e4 tuore \u00e4iti kertoo lapsensa syntyneen kes\u00e4kuun 17. p\u00e4iv\u00e4n\u00e4.<\/p>\n<p class=\"article-content article-content-width !bg-background\">\u2013 Voidaan molemmat hyvin (hymi\u00f6) Kerron lis\u00e4\u00e4 kunhan p\u00e4\u00e4st\u00e4\u00e4n kotiin, toivottavasti heti juhannuksen j\u00e4lkeen. H\u00e4n on vienyt syd\u00e4meni t\u00e4ysin, Jenny kirjoittaa.<\/p>\n<p>        <a itemprop=\"url\" href=\"https:\/\/www.seiska.fi\/kotimaa\/vauvaa-odottava-bachelorette-jenny-itkuisena-tilanteestaan\/2170587\" rel=\"nofollow noopener\" target=\"_blank\"><\/p>\n<p>\nVauvaa odottava Bachelorette-Jenny\n<\/p>\n<p class=\"section-date\">\n        <strong class=\"article-section\" data-section=\"kotimaa\"><br \/>\n            kotimaa<br \/>\n        <\/strong><br \/>\n        3.6. 09:30\n    <\/p>\n<p>Vauvaa odottava Bachelorette-Jenny itkuisena tilanteestaan\n    <\/p>\n<p itemprop=\"description\" class=\"subtitle \">\n    Jennyn raskausaika ei ole mennyt suunnitelmien mukaisesti.\n<\/p>\n<p>        <\/a><\/p>\n<p class=\"article-content article-content-width !bg-background\">Julkaisemassaan kuvassa Jenny esittelee pienokaisensa villasukkiin puettuja jalkoja. Vauva on k\u00e4\u00e4ritty valkoiseen potkupukuun.<\/p>\n<p>Synnytyssairaalasta \u00e4idin hoteisiin<\/p>\n<p class=\"article-content article-content-width !bg-background\">Jenny jakoi lapsestaan uuden kuvan aiemmin t\u00e4ll\u00e4 viikolla. Kuvassa Jenny pitelee poikavauvaa nauravaisena k\u00e4sivarsillaan.<\/p>\n<p class=\"italic m-italic article-content article-content-width !bg-background\">\u2013 Kiitos tuhansista syd\u00e4mist\u00e4, onnitteluista, kommenteista, ja viesteist\u00e4. En ole ehtinyt vastata juuri kenellek\u00e4\u00e4n, koska viime p\u00e4iv\u00e4t ovat kuluneet t\u00e4t\u00e4 pikkutonttua ihmetelless\u00e4.<\/p>\n<p class=\"no_italic m-no_italic article-content article-content-width !bg-background\">Torstaina (25.6.) Jenny aktivoitui viimein kertomaan lis\u00e4\u00e4 yksityiskohtia synnytysmatkastaan sek\u00e4 toipumisestaan.<\/p>\n<p>        <a itemprop=\"url\" href=\"https:\/\/www.seiska.fi\/kotimaa\/bachelorette-jennylta-suru-uutinen\/2149861\" rel=\"nofollow noopener\" target=\"_blank\"><\/p>\n<p>\nBachelorette-Jenny\n<\/p>\n<p class=\"section-date\">\n        <strong class=\"article-section\" data-section=\"kotimaa\"><br \/>\n            kotimaa<br \/>\n        <\/strong><br \/>\n        11.5. 19:50\n    <\/p>\n<p>Bachelorette-Jennylt\u00e4 suru-uutinen\n    <\/p>\n<p itemprop=\"description\" class=\"subtitle \">\n    Raskaudestaan avoimesti kertonut Jenny kertoo murtuneena uutisistaan.\n<\/p>\n<p>        <\/a><\/p>\n<p class=\"no_italic m-no_italic article-content article-content-width !bg-background\">Jenny kertoo saapuneensa kotiinsa Turkuun vasta eilen keskiviikkona, sill\u00e4 synnytyksen j\u00e4lkeen h\u00e4n suuntasi \u00e4itins\u00e4 luokse majailemaan. Aluperin Jennyn ei ollut tarkoitus menn\u00e4 vauvan kanssa perheens\u00e4 luokse, mutta poikkeuksellinen synnytys muutti suunnitelmia.<\/p>\n<p class=\"no_italic m-no_italic article-content article-content-width !bg-background\">\u2013 Sektio tuli yll\u00e4rin\u00e4, ja sen j\u00e4lkeen ei saa nostella kuin vauvan painon verran jonkin aikaa. Mun perhe on ollut sitten suurena apuna mulle, Jenny kiittelee.<\/p>\n<p class=\"no_italic m-no_italic article-content article-content-width !bg-background\">Tosi-tv-kaunotar on kertonut avoimesti itsellisest\u00e4 \u00e4itiydest\u00e4\u00e4n. H\u00e4n kasvattaa n\u00e4in olen vauvansa ilman kumppanin tukea.<\/p>\n<p>        <a itemprop=\"url\" href=\"https:\/\/www.seiska.fi\/kotimaa\/yksin-vauvaa-odottava-bachelorette-jenny-paniikki-iski\/2102972\" rel=\"nofollow noopener\" target=\"_blank\"><\/p>\n<p>\nVauvaa odottava Bachelorette-Jenny:\n<\/p>\n<p class=\"section-date\">\n        <strong class=\"article-section\" data-section=\"kotimaa\"><br \/>\n            kotimaa<br \/>\n        <\/strong><br \/>\n        15.3. 12:30\n    <\/p>\n<p>Yksin vauvaa odottava Bachelorette-Jenny: Paniikki iski!\n    <\/p>\n<p itemprop=\"description\" class=\"subtitle \">\n    Jenny kertoi tammikuussa odottavansa esikoistaan.\n<\/p>\n<p>        <\/a><\/p>\n<p>Verta kaikkialla<\/p>\n<p class=\"no_italic m-no_italic article-content article-content-width !bg-background\">Jenny on toipunut synnytyksest\u00e4\u00e4n ilmeisen hyvin, mutta sektion my\u00f6t\u00e4 tehty leikkaushaava on ilmoitellut itsest\u00e4\u00e4n hieman ik\u00e4v\u00e4ll\u00e4 tavalla.<\/p>\n<p class=\"no_italic m-no_italic article-content article-content-width !bg-background\">\u2013 Sektiohaava alkoi vuotamaan eilen ja her\u00e4sin &#8221;verilammikosta&#8221;. Sit\u00e4 oli siis kaikkialla ja se oli aika pelottavaa ja \u00e4ll\u00f6tt\u00e4v\u00e4\u00e4. Mutta ilmeisesti se on kuitenkin aika normaalia, jos sinne on j\u00e4\u00e4nyt hematooma ja on kuulemma hyv\u00e4kin, ett\u00e4 veri ja mahdollinen kudosneste tulee sielt\u00e4 sitten ulos, Jenny p\u00e4ivitt\u00e4\u00e4 Instagram-tarinassaan.<\/p>\n<p>        <a itemprop=\"url\" href=\"https:\/\/www.seiska.fi\/kotimaa\/bachelorette-jenny-paljasti-vauvansa-sukupuolen\/2069258\" rel=\"nofollow noopener\" target=\"_blank\"><\/p>\n<p>\nBachelorette-Jenny\n<\/p>\n<p class=\"section-date\">\n        <strong class=\"article-section\" data-section=\"kotimaa\"><br \/>\n            kotimaa<br \/>\n        <\/strong><br \/>\n        9.2. 09:23\n    <\/p>\n<p>Bachelorette-Jenny paljasti vauvansa sukupuolen\n    <\/p>\n<p itemprop=\"description\" class=\"subtitle \">\n    Televisiosta tuttu kaunotar odottaa ensimm\u00e4ist\u00e4 lastaan.\n<\/p>\n<p>        <\/a><\/p>\n<p class=\"no_italic m-no_italic article-content article-content-width !bg-background\">Iltaa my\u00f6ten haava valutti Jennyn mukaan en\u00e4\u00e4 verta ja h\u00e4nen havaintojensa mukaan sektiohaava oli viel\u00e4 eilen auki pienelt\u00e4 alueelta.<\/p>\n<p class=\"no_italic m-no_italic article-content article-content-width !bg-background\">\u2013 Sanottiin, ett\u00e4 pit\u00e4isi ottaa ilmakylpyj\u00e4, mutta miten otat ilmakylpyj\u00e4, kun sitten suttaat joka paikan.<\/p>\n","protected":false},"excerpt":{"rendered":"20200915 HELSINKI. ST. GEORGE. COSRX-lanseeraustilaisuus. Jenny Helenius. PHOTO: ATTE KAJOVA ATTE KAJOVA Jenny Heleniuksen synnytys ei mennyt alkuper\u00e4isten&hellip;\n","protected":false},"author":2,"featured_media":286191,"comment_status":"","ping_status":"","sticky":false,"template":"","format":"standard","meta":{"footnotes":"","_share_on_mastodon":"0"},"categories":[130],"tags":[24259,137,33,31,30,24256,2443,16218,38176,13646,32,13683,167,1461,109],"class_list":["post-286190","post","type-post","status-publish","format-standard","has-post-thumbnail","category-viihde","tag-bachelorette-suomi","tag-entertainment","tag-fi","tag-finland","tag-finnish","tag-jenny-helenius","tag-raskaus","tag-sektio","tag-sektiohaava","tag-sosiaaliset-mediat","tag-suomi","tag-syntyma","tag-terveys","tag-vauva","tag-viihde"],"share_on_mastodon":{"url":"https:\/\/pubeurope.com\/@fi\/116813766527759519","error":""},"_links":{"self":[{"href":"https:\/\/www.europesays.com\/fi\/wp-json\/wp\/v2\/posts\/286190","targetHints":{"allow":["GET"]}}],"collection":[{"href":"https:\/\/www.europesays.com\/fi\/wp-json\/wp\/v2\/posts"}],"about":[{"href":"https:\/\/www.europesays.com\/fi\/wp-json\/wp\/v2\/types\/post"}],"author":[{"embeddable":true,"href":"https:\/\/www.europesays.com\/fi\/wp-json\/wp\/v2\/users\/2"}],"replies":[{"embeddable":true,"href":"https:\/\/www.europesays.com\/fi\/wp-json\/wp\/v2\/comments?post=286190"}],"version-history":[{"count":0,"href":"https:\/\/www.europesays.com\/fi\/wp-json\/wp\/v2\/posts\/286190\/revisions"}],"wp:featuredmedia":[{"embeddable":true,"href":"https:\/\/www.europesays.com\/fi\/wp-json\/wp\/v2\/media\/286191"}],"wp:attachment":[{"href":"https:\/\/www.europesays.com\/fi\/wp-json\/wp\/v2\/media?parent=286190"}],"wp:term":[{"taxonomy":"category","embeddable":true,"href":"https:\/\/www.europesays.com\/fi\/wp-json\/wp\/v2\/categories?post=286190"},{"taxonomy":"post_tag","embeddable":true,"href":"https:\/\/www.europesays.com\/fi\/wp-json\/wp\/v2\/tags?post=286190"}],"curies":[{"name":"wp","href":"https:\/\/api.w.org\/{rel}","templated":true}]}}