{"id":286299,"date":"2026-06-26T04:43:19","date_gmt":"2026-06-26T04:43:19","guid":{"rendered":"https:\/\/www.europesays.com\/fi\/286299\/"},"modified":"2026-06-26T04:43:19","modified_gmt":"2026-06-26T04:43:19","slug":"aku-hirviniemi-paljastaa-syyn-torkyviesteihinsa","status":"publish","type":"post","link":"https:\/\/www.europesays.com\/fi\/286299\/","title":{"rendered":"Aku Hirviniemi paljastaa syyn t\u00f6rkyviesteihins\u00e4"},"content":{"rendered":"<p>\n            Helsinki 27.09. 2022Kikka!-elokuvan mediatilaisuus.Kuvassa Aku Hirviniemi.Seiska \/Kai Joronen.<br \/>\n            KAI JORONEN\n        <\/p>\n<p class=\"subtitle \">Aku Hirviniemi avasi Iltalehdelle t\u00f6idens\u00e4 loppumisen syit\u00e4.<\/p>\n<p class=\"article-content article-content-width !bg-background\">Koomikko  rikkoi pitk\u00e4\u00e4n mediassa jatkuneen hiljaisuuden antamalla haastattelun Iltalehdelle. Entisen eturivin n\u00e4yttelij\u00e4n ja nykyisen kellokauppiaan arki muuttui suuren kohun seurauksena vuonna 2023.<\/p>\n<p class=\"article-content article-content-width !bg-background\"><a href=\"https:\/\/www.seiska.fi\/vain-seiskassa\/aku-hirviniemen-kohu-paisuu-seksiviesteja-myos-tyokavereille\/1184492\" aria-label=\"Seiskan juttu marraskuulta 2023\" target=\"_blank\" rel=\"nofollow noopener\">Seiska paljasti tuolloin<\/a>, ett\u00e4 Aku oli vuosien ajan l\u00e4hetellyt t\u00f6rkyviestej\u00e4 useille naisille.<\/p>\n<p class=\"article-content article-content-width !bg-background\">Ty\u00f6t n\u00e4yttelij\u00e4n\u00e4 loppuivat.\u00a0<\/p>\n<p class=\"article-content article-content-width !bg-background\">Alta meni my\u00f6s yritys, josta h\u00e4n omisti osan muun muassa n\u00e4yttelij\u00e4-juontaja  kanssa. Yrityksen konkurssi j\u00e4tti omistajilleen miljoonaluokan yhteisvastuullisen velan.<\/p>\n<p>        <a itemprop=\"url\" href=\"https:\/\/www.seiska.fi\/kotimaa\/al-aku-hirviniemelta-ilouutinen\/2167943\" rel=\"nofollow noopener\" target=\"_blank\"><\/p>\n<p>\nAL: Aku Hirviniemi\n<\/p>\n<p class=\"section-date\">\n        <strong class=\"article-section\" data-section=\"kotimaa\"><br \/>\n            kotimaa<br \/>\n        <\/strong><br \/>\n        30.5. 19:00\n    <\/p>\n<p>AL: Aku Hirviniemelt\u00e4 ilouutinen!\n    <\/p>\n<p itemprop=\"description\" class=\"subtitle \">\n    Akulla on ilouutisia ty\u00f6rintamalta.\n<\/p>\n<p>        <\/a><\/p>\n<p class=\"article-content article-content-width !bg-background\">Nyt Aku peilaa kolmen vuoden takaista t\u00f6rkyviestikohua <a href=\"https:\/\/www.iltalehti.fi\/viihdeuutiset\/a\/83b13a81-1c3e-4bda-8528-a53e8cbe5e5f\" aria-label=\"Iltalehden uutinen (25.6.)\" target=\"_blank\" rel=\"nofollow noopener\">Iltalehden haastattelussa<\/a>, ja paljastaa syyt kohun taustalla.<\/p>\n<p>T\u00e4ss\u00e4 syy<\/p>\n<p class=\"article-content article-content-width !bg-background\">Aku hakeutui kohun aikoihin, loppuvuodesta 2023, hoitoon alkoholiongelmansa vuoksi. H\u00e4n paljastaa Iltalehdelle viett\u00e4neens\u00e4 vihtil\u00e4isess\u00e4 Minnesota-hoitoa tarjoavalla klinikalla yhteens\u00e4 28 p\u00e4iv\u00e4\u00e4.<\/p>\n<p>                <img decoding=\"async\" src=\"https:\/\/www.europesays.com\/fi\/wp-content\/uploads\/2026\/06\/2131563.webp\" width=\"576\" height=\"720\" title=\"Aku Hirviniemi kuvattuna marraskuussa 2022.\" alt=\"Aku Hirviniemi\" loading=\"lazy\" \/>            <\/p>\n<p>\n            Aku Hirviniemi kuvattuna marraskuussa 2022.<br \/>\n            KAI JORONEN\n        <\/p>\n<p class=\"article-content article-content-width !bg-background\">Kysytt\u00e4ess\u00e4 syyt\u00e4 alam\u00e4keens\u00e4, h\u00e4n ei kiertele.\u00a0<\/p>\n<p>        <a itemprop=\"url\" href=\"https:\/\/www.seiska.fi\/kotimaa\/mtv-aku-hirviniemelta-karu-tunnustus\/2131539\" rel=\"nofollow noopener\" target=\"_blank\"><\/p>\n<p>\nMTV: Aku Hirviniemi\n<\/p>\n<p class=\"section-date\">\n        <strong class=\"article-section\" data-section=\"kotimaa\"><br \/>\n            kotimaa<br \/>\n        <\/strong><br \/>\n        19.4. 10:30\n    <\/p>\n<p>MTV: Aku Hirviniemelt\u00e4 karu tunnustus!\n    <\/p>\n<p itemprop=\"description\" class=\"subtitle \">\n    Aku kertoo MTV:lle, kuinka addiktio musersi el\u00e4m\u00e4\u00e4 hetkellisesti.\n<\/p>\n<p>        <\/a><\/p>\n<p class=\"article-content article-content-width !bg-background\"> \u2013 Syy kohuihin ja t\u00f6iden loppumiseen oli oma toimintani, joka oli seurausta addiktiosairaudestani, h\u00e4n sanoi lehdelle.<\/p>\n<p>Uusi ty\u00f6<\/p>\n<p class=\"article-content article-content-width !bg-background\">Aku teki uuden aluevaltauksen vuonna 2024, kun h\u00e4n avasi kello- ja kultakaupan Helsinkiin.<\/p>\n<p class=\"article-content article-content-width !bg-background\">Firma on sittemmin laajentanut toimintaansa, ja avannut toimipisteen my\u00f6s Tampereelle.<\/p>\n<p>        <a itemprop=\"url\" href=\"https:\/\/www.seiska.fi\/kotimaa\/aku-hirviniemi-yllatysuutinen\/2078124\" rel=\"nofollow noopener\" target=\"_blank\"><\/p>\n<p>\nAku Hirviniemi:\n<\/p>\n<p class=\"section-date\">\n        <strong class=\"article-section\" data-section=\"kotimaa\"><br \/>\n            kotimaa<br \/>\n        <\/strong><br \/>\n        16.2. 19:35\n    <\/p>\n<p>Aku Hirviniemi: Yll\u00e4tysuutinen!\n    <\/p>\n<p itemprop=\"description\" class=\"subtitle \">\n    N\u00e4yttelij\u00e4 pamautti ty\u00f6uutisen.\n<\/p>\n<p>        <\/a><\/p>\n<p class=\"article-content article-content-width !bg-background\">Miljoonaliikevaihtoa py\u00f6ritt\u00e4v\u00e4 firma teki viimeisimm\u00e4ll\u00e4 tilikaudella 46 000 euron tuloksen.<\/p>\n","protected":false},"excerpt":{"rendered":"Helsinki 27.09. 2022Kikka!-elokuvan mediatilaisuus.Kuvassa Aku Hirviniemi.Seiska \/Kai Joronen. KAI JORONEN Aku Hirviniemi avasi Iltalehdelle t\u00f6idens\u00e4 loppumisen syit\u00e4. Koomikko&hellip;\n","protected":false},"author":2,"featured_media":286300,"comment_status":"","ping_status":"","sticky":false,"template":"","format":"standard","meta":{"footnotes":"","_share_on_mastodon":"0"},"categories":[130],"tags":[4887,19586,137,33,31,30,2366,38182,6434,32,109],"class_list":["post-286299","post","type-post","status-publish","format-standard","has-post-thumbnail","category-viihde","tag-aku-hirviniemi","tag-alkoholiongelma","tag-entertainment","tag-fi","tag-finland","tag-finnish","tag-janne-kataja","tag-kellokauppa","tag-kohut","tag-suomi","tag-viihde"],"share_on_mastodon":{"url":"https:\/\/pubeurope.com\/@fi\/116814584688996017","error":""},"_links":{"self":[{"href":"https:\/\/www.europesays.com\/fi\/wp-json\/wp\/v2\/posts\/286299","targetHints":{"allow":["GET"]}}],"collection":[{"href":"https:\/\/www.europesays.com\/fi\/wp-json\/wp\/v2\/posts"}],"about":[{"href":"https:\/\/www.europesays.com\/fi\/wp-json\/wp\/v2\/types\/post"}],"author":[{"embeddable":true,"href":"https:\/\/www.europesays.com\/fi\/wp-json\/wp\/v2\/users\/2"}],"replies":[{"embeddable":true,"href":"https:\/\/www.europesays.com\/fi\/wp-json\/wp\/v2\/comments?post=286299"}],"version-history":[{"count":0,"href":"https:\/\/www.europesays.com\/fi\/wp-json\/wp\/v2\/posts\/286299\/revisions"}],"wp:featuredmedia":[{"embeddable":true,"href":"https:\/\/www.europesays.com\/fi\/wp-json\/wp\/v2\/media\/286300"}],"wp:attachment":[{"href":"https:\/\/www.europesays.com\/fi\/wp-json\/wp\/v2\/media?parent=286299"}],"wp:term":[{"taxonomy":"category","embeddable":true,"href":"https:\/\/www.europesays.com\/fi\/wp-json\/wp\/v2\/categories?post=286299"},{"taxonomy":"post_tag","embeddable":true,"href":"https:\/\/www.europesays.com\/fi\/wp-json\/wp\/v2\/tags?post=286299"}],"curies":[{"name":"wp","href":"https:\/\/api.w.org\/{rel}","templated":true}]}}