{"id":286325,"date":"2026-06-26T05:35:13","date_gmt":"2026-06-26T05:35:13","guid":{"rendered":"https:\/\/www.europesays.com\/fi\/286325\/"},"modified":"2026-06-26T05:35:13","modified_gmt":"2026-06-26T05:35:13","slug":"tallainen-altaan-pohja-aiheuttaa-ongelmia-vaittavat-uimarit-silti-oulussa-halutaan-juuri-niita-kotimaa","status":"publish","type":"post","link":"https:\/\/www.europesays.com\/fi\/286325\/","title":{"rendered":"T\u00e4llainen altaan pohja aiheuttaa ongelmia, v\u00e4itt\u00e4v\u00e4t uimarit \u2013 silti Oulussa halutaan juuri niit\u00e4 | Kotimaa"},"content":{"rendered":"<p class=\"aw__sc-1qwuw0s-0 aw__sc-1vg2sqm-0 epAWpq ecELkD yle__article__paragraph\">Uima-altaan pohjan tumma v\u00e4ri vaikeuttaa uimavalvojien ty\u00f6t\u00e4. Se my\u00f6s vaatii valaistuksen, joka voi h\u00e4irit\u00e4 taitouimareiden ja uimahypp\u00e4\u00e4jien suorituksia.<\/p>\n<p><img decoding=\"async\" alt=\"Linnamaan uimahallin uima-allas Oulussa. \" src=\"https:\/\/www.europesays.com\/fi\/wp-content\/uploads\/2026\/06\/1782221644.jpeg\" class=\"aw__sc-dklauk-0 LPzKX\"\/><\/p>\n<p>Avaa kuvien katselu<\/p>\n<p>Linnanmaan uimahallin pohja on tummempi kuin perinteisen valkoisen altaan. Kuva: Rami Moilanen \/ Yle<\/p>\n<ul class=\"aw__sc-1yb43iq-0 gFXHv yle__article__list yle__article__list--ul\">\n<li class=\"aw__sc-1yb43iq-1 gVAzbt\">Oulun uimaseurat vastustavat suunnitelmaa muuttaa uuden vesiliikuntakeskuksen altaiden v\u00e4ri valkoisesta harmaaksi.<\/li>\n<li class=\"aw__sc-1yb43iq-1 gVAzbt\">Tumma pohja vaikeuttaa uimavalvojien n\u00e4kyvyytt\u00e4 altaan pohjaan.<\/li>\n<li class=\"aw__sc-1yb43iq-1 gVAzbt\">Tumma pohja vaatii lis\u00e4valoja, jotka h\u00e4iritsev\u00e4t taitouinnin ja uimahypyn kilpailijoita.<\/li>\n<li class=\"aw__sc-1yb43iq-1 gVAzbt\">Linnanmaan uimahallissa on jo ollut vastaavia ongelmia.<\/li>\n<\/ul>\n<p class=\"aw__sc-1qwuw0s-0 aw__sc-ngllmo-0 epAWpq fzYpjk yle__article__paragraph\">Oulun uimaseuroissa ollaan huolissaan kaupungin suunnitelmista maalata uuden vesiliikuntakeskuksen altaisiin tumma pohja. Perinteisesti uima-altaat ovat valkoisia.<\/p>\n<p class=\"aw__sc-1qwuw0s-0 aw__sc-ngllmo-0 epAWpq fzYpjk yle__article__paragraph\">Haukiputaan Heiton uintijaoston puheenjohtaja <strong class=\"aw__sc-ngllmo-2 gdRrun yle__article__strong\">Hannu Saikanm\u00e4ki<\/strong> on ollut mukana keskusteluissa kaupungin kanssa Raksilan uuden vesiliikuntakeskuksen altaista. Sen on <a class=\"aw__sc-ngllmo-1 bTDnwX yle__article__link\" href=\"https:\/\/yle.fi\/a\/74-20223628\" role=\"link\" rel=\"nofollow noopener\" target=\"_blank\">m\u00e4\u00e4r\u00e4 valmistua<\/a> vuonna 2029.<\/p>\n<p class=\"aw__sc-1qwuw0s-0 aw__sc-ngllmo-0 epAWpq fzYpjk yle__article__paragraph\">Vesiliikuntakeskus on Oulun kaupungin suuri investointi, jonka arvioidaan maksavan noin 80 miljoonaa euroa. Kahteen altaaseen on tulossa harmaan v\u00e4rinen pohja.<\/p>\n<p class=\"aw__sc-1qwuw0s-0 aw__sc-ngllmo-0 epAWpq fzYpjk yle__article__paragraph\">\u2013 Todella ihmettelen t\u00e4t\u00e4. Uimaseuroilta on kysytty altaan v\u00e4rist\u00e4. Sovittiin, ett\u00e4 se on valkoinen. Nyt tummempaa v\u00e4ri\u00e4 ehdotetaan taitouinti- ja uimahyppyaltaisiin, kummastelee Saikanm\u00e4ki.<\/p>\n<p class=\"aw__sc-1qwuw0s-0 aw__sc-ngllmo-0 epAWpq fzYpjk yle__article__paragraph\">My\u00f6s <a class=\"aw__sc-ngllmo-1 bTDnwX yle__article__link\" href=\"https:\/\/yle.fi\/a\/74-20213285\" role=\"link\" rel=\"nofollow noopener\" target=\"_blank\">Kemin uuteen<\/a> halliin suunnitellaan harmaata v\u00e4ri\u00e4 altaaseen.<\/p>\n<p class=\"aw__sc-1qwuw0s-0 aw__sc-ngllmo-0 epAWpq fzYpjk yle__article__paragraph\">Tummemman v\u00e4rin uskotaan my\u00f6s est\u00e4v\u00e4n taitouinnin sek\u00e4 uimahypyn harrastamista ja kilpailua, koska altaisiin tarvitaan valot, kerrotaan Suomen Uimaliitosta.<\/p>\n<p class=\"aw__sc-1qwuw0s-0 aw__sc-ngllmo-0 epAWpq fzYpjk yle__article__paragraph\">Perinteinen valkoinen pohja ei vaadi lis\u00e4valoja, kun taas tummempi pohja vaatii. T\u00e4m\u00e4 voi h\u00e4irit\u00e4 kilpauimareita.<\/p>\n<p class=\"aw__sc-1qwuw0s-0 aw__sc-ngllmo-0 epAWpq fzYpjk yle__article__paragraph\">\u2013 Uimarit moittivat, ett\u00e4 harmaan allaspohjan my\u00f6t\u00e4 pit\u00e4\u00e4 olla valaistus, jotta n\u00e4hd\u00e4\u00e4n altaan pohjan merkit ja saadaan k\u00e4\u00e4nn\u00f6kset onnistumaan, kertoo Saikanm\u00e4ki.<\/p>\n<p><img decoding=\"async\" alt=\"Uima-altaan pohja Oulun Linnamaan uimahallissa.\" src=\"https:\/\/www.europesays.com\/fi\/wp-content\/uploads\/2026\/06\/1782221936.jpeg\" loading=\"lazy\" class=\"aw__sc-dklauk-0 LPzKX\"\/><\/p>\n<p>Avaa kuvien katselu<\/p>\n<p>Linnanmaan ter\u00e4saltaan pohja on harmaa ja vaatii valot. Kuva: Rami Moilanen \/ YleTummemmasta v\u00e4rist\u00e4 on kokemusta<\/p>\n<p class=\"aw__sc-1qwuw0s-0 aw__sc-ngllmo-0 epAWpq fzYpjk yle__article__paragraph\">My\u00f6s Suomen Uimaliitto sek\u00e4 uintivalvojat ovat nostaneet esiin huolen altaiden tummasta v\u00e4rist\u00e4.<\/p>\n<p class=\"aw__sc-1qwuw0s-0 aw__sc-ngllmo-0 epAWpq fzYpjk yle__article__paragraph\">Oulussa Linnanmaan uimahallissa on ollut sen valmistuttua helmikuussa 2025 harmaa pohja ja vedenalaiset valot. Uimavalvojilla on jo ollut haasteita n\u00e4kyvyyden kanssa, kertoo uimaopettaja <strong class=\"aw__sc-ngllmo-2 gdRrun yle__article__strong\">Antti Janisaro<\/strong>.<\/p>\n<p class=\"aw__sc-1qwuw0s-0 aw__sc-ngllmo-0 epAWpq fzYpjk yle__article__paragraph\">\u2013 N\u00e4kyvyys pit\u00e4isi olla mahdollisimman selke\u00e4 niin valvontakameraan kuin altaan vieress\u00e4 olevalle valvojallekin. Ei saa olla h\u00e4iritsevi\u00e4 tummia tiloja tai varjoja, joita syntyy kirkkaiden valojen my\u00f6t\u00e4, Janisaro sanoo.<\/p>\n<p class=\"aw__sc-1qwuw0s-0 aw__sc-ngllmo-0 epAWpq fzYpjk yle__article__paragraph\">Uimaopettajan toive on, ett\u00e4 turvallisuus olisi t\u00e4rkeint\u00e4, niin uimareille kuin valvojille.<\/p>\n<p class=\"aw__sc-1qwuw0s-0 aw__sc-ngllmo-0 epAWpq fzYpjk yle__article__paragraph\">\u2013 Valkoinen v\u00e4ri on jo todettu hyv\u00e4ksi, kertoo Janisaro.<\/p>\n<p class=\"aw__sc-1qwuw0s-0 aw__sc-ngllmo-0 epAWpq fzYpjk yle__article__paragraph\">Suomen Uimaliiton puheenjohtaja <strong class=\"aw__sc-ngllmo-2 gdRrun yle__article__strong\">Pasi Salosen<\/strong> mukaan allasvalinnoilla on my\u00f6s merkityst\u00e4 kilpailutoimintaan. Salosen mukaan altaan tumman s\u00e4vyn vaatima vedenalainen valaistus aiheuttaa voimakasta h\u00e4ik\u00e4isy\u00e4.<\/p>\n<p class=\"aw__sc-1qwuw0s-0 aw__sc-ngllmo-0 epAWpq fzYpjk yle__article__paragraph\">\u2013 T\u00e4m\u00e4 heikent\u00e4\u00e4 urheilijan kyky\u00e4 hahmottaa suorituksen suuntaa, rytmi\u00e4, sijaintia ja ryhm\u00e4n synkroniaa veden alla. H\u00e4ik\u00e4isy vaikuttaa kielteisesti my\u00f6s suorituksen hallintaan ja ilmaisun laatuun, Salonen sanoo.<\/p>\n<p class=\"aw__sc-1qwuw0s-0 aw__sc-ngllmo-0 epAWpq fzYpjk yle__article__paragraph\">Yle ei tavoittanut Oulun kaupungin vastaavaa henkil\u00f6\u00e4 kommentoimaan asiaa.<\/p>\n","protected":false},"excerpt":{"rendered":"Uima-altaan pohjan tumma v\u00e4ri vaikeuttaa uimavalvojien ty\u00f6t\u00e4. Se my\u00f6s vaatii valaistuksen, joka voi h\u00e4irit\u00e4 taitouimareiden ja uimahypp\u00e4\u00e4jien suorituksia.&hellip;\n","protected":false},"author":2,"featured_media":286326,"comment_status":"","ping_status":"","sticky":false,"template":"","format":"standard","meta":{"footnotes":"","_share_on_mastodon":"0"},"categories":[158],"tags":[33,31,30,71,952,728,159,32,4517,4516,6007,4312,160],"class_list":["post-286325","post","type-post","status-publish","format-standard","has-post-thumbnail","category-urheilu","tag-fi","tag-finland","tag-finnish","tag-kotimaa","tag-oulu","tag-pohjois-pohjanmaa","tag-sports","tag-suomi","tag-uima-altaat","tag-uimahallit","tag-uimarit","tag-uinti","tag-urheilu"],"share_on_mastodon":{"url":"https:\/\/pubeurope.com\/@fi\/116814789515165319","error":""},"_links":{"self":[{"href":"https:\/\/www.europesays.com\/fi\/wp-json\/wp\/v2\/posts\/286325","targetHints":{"allow":["GET"]}}],"collection":[{"href":"https:\/\/www.europesays.com\/fi\/wp-json\/wp\/v2\/posts"}],"about":[{"href":"https:\/\/www.europesays.com\/fi\/wp-json\/wp\/v2\/types\/post"}],"author":[{"embeddable":true,"href":"https:\/\/www.europesays.com\/fi\/wp-json\/wp\/v2\/users\/2"}],"replies":[{"embeddable":true,"href":"https:\/\/www.europesays.com\/fi\/wp-json\/wp\/v2\/comments?post=286325"}],"version-history":[{"count":0,"href":"https:\/\/www.europesays.com\/fi\/wp-json\/wp\/v2\/posts\/286325\/revisions"}],"wp:featuredmedia":[{"embeddable":true,"href":"https:\/\/www.europesays.com\/fi\/wp-json\/wp\/v2\/media\/286326"}],"wp:attachment":[{"href":"https:\/\/www.europesays.com\/fi\/wp-json\/wp\/v2\/media?parent=286325"}],"wp:term":[{"taxonomy":"category","embeddable":true,"href":"https:\/\/www.europesays.com\/fi\/wp-json\/wp\/v2\/categories?post=286325"},{"taxonomy":"post_tag","embeddable":true,"href":"https:\/\/www.europesays.com\/fi\/wp-json\/wp\/v2\/tags?post=286325"}],"curies":[{"name":"wp","href":"https:\/\/api.w.org\/{rel}","templated":true}]}}