{"id":286831,"date":"2026-06-26T20:01:15","date_gmt":"2026-06-26T20:01:15","guid":{"rendered":"https:\/\/www.europesays.com\/fi\/286831\/"},"modified":"2026-06-26T20:01:15","modified_gmt":"2026-06-26T20:01:15","slug":"pikku-kakkosen-konsertti-taytti-urheilupuiston-lapsiperheilla-ja-iloisella-vilskeella","status":"publish","type":"post","link":"https:\/\/www.europesays.com\/fi\/286831\/","title":{"rendered":"Pikku Kakkosen konsertti t\u00e4ytti urheilupuiston lapsiperheill\u00e4 ja iloisella vilskeell\u00e4"},"content":{"rendered":"<p>Sauli Niinist\u00f6n Urheilupuistoon ker\u00e4\u00e4ntyi tuhansia ihmisi\u00e4 koko Varsinais-Suomesta ja sen ulkopuolelta perjantai-iltap\u00e4iv\u00e4n\u00e4, kun Salossa j\u00e4rjestettiin ensimm\u00e4ist\u00e4 kertaa Leikit\u00e4\u00e4n Pikku Kakkosta -konsertti.<\/p>\n<p>Tapahtuman j\u00e4rjest\u00e4misess\u00e4 oli mukana Ylen lis\u00e4ksi Mannerheimin lastensuojeluliiton paikallisyhdistykset sek\u00e4 Varsinais-Suomen piiri, Salon ja Someron kaupungit sek\u00e4 lukuisia muita yhdistyksi\u00e4 ja urheiluseuroja.<\/p>\n<p><img fetchpriority=\"high\" decoding=\"async\" class=\"wp-image-1049121 size-full\" src=\"https:\/\/www.europesays.com\/fi\/wp-content\/uploads\/2026\/06\/11847042.jpg\" alt=\"Piknikviltiti olivat suosittuja tapahtumassa. T\u00e4ll\u00e4 viltill\u00e4 ev\u00e4stauolla olivat \u00e4iti Stiina Vuori, iso\u00e4iti Sari Vuori ja t\u00e4ti Alisa Vuori sek\u00e4 edess\u00e4 pojat Onni ja Veeti S\u00e4teri sek\u00e4 t\u00e4din miesyst\u00e4v\u00e4 Juuso Paakkunainen. SSS\/ANNA KORPIAHO\" width=\"1000\" height=\"667\"  \/>Piknikviltiti olivat suosittuja tapahtumassa. T\u00e4ll\u00e4 viltill\u00e4 ev\u00e4stauolla olivat \u00e4iti Stiina Vuori, iso\u00e4iti Sari Vuori ja t\u00e4ti Alisa Vuori sek\u00e4 edess\u00e4 pojat Onni ja Veeti S\u00e4teri sek\u00e4 t\u00e4din miesyst\u00e4v\u00e4 Juuso Paakkunainen. SSS\/ANNA KORPIAHO<\/p>\n<p>Ennen konsertin alkua l\u00e4helle esiintymislavaa oli kertynyt runsaasti perheit\u00e4 istuskelemaan vilteilleen.<\/p>\n<p>Joukosta l\u00f6ytyi kaarinalaisporukka, jonka nuorukaiset <b>Veeti<\/b> ja <b>Onni S\u00e4teri<\/b> olivat osallistuneet vastaavaan tapahtumaan jo aiempinakin vuosina. Aiemmin he olivat olleet Uudessakaupungissa vuonna 2023 sek\u00e4 Turun Kupittaanpuistossa vuonna 2025.<\/p>\n<p>\u2013 T\u00e4m\u00e4 on mukava ilmaistapahtuma, heid\u00e4n \u00e4itins\u00e4 kaarinalainen <b>Stiina Vuori<\/b> kommentoi.<\/p>\n<p>Tapahtuma esitet\u00e4\u00e4n j\u00e4lkik\u00e4teen Yle Areenassa sek\u00e4 televisiossa, josta perhe on tapahtumia seurannutkin.<\/p>\n<p><img loading=\"lazy\" decoding=\"async\" class=\"wp-image-1049118 size-full\" src=\"https:\/\/www.europesays.com\/fi\/wp-content\/uploads\/2026\/06\/11847045.jpg\" alt=\"Tapahtuma taltioitiin televisioon ja Yle Areenaan. SSS\/ANNA KORPIAHO\" width=\"1000\" height=\"667\"  \/>Tapahtuma taltioitiin televisioon ja Yle Areenaan. SSS\/ANNA KORPIAHO<\/p>\n<p>Kun kello l\u00f6i viisi, alkoi Pikku Kakkonen -teemalla koristellulla lavalla konsertti. Esiintym\u00e4ss\u00e4 oli lapsien tuntema Leikkiorkesteri.<\/p>\n<p>Ensimm\u00e4iseksi luvassa oli Jos sun lysti on -laululeikki.<\/p>\n<p>Pian tuhannet k\u00e4det l\u00f6iv\u00e4t yhteen ja tunnelma oli katossa. Iloiset ja rytmikk\u00e4\u00e4t kappaleet saivat vanhemmatkin fiilistelem\u00e4\u00e4n musiikkia.<\/p>\n<p>Aivan l\u00e4helle esiintymislavaa p\u00e4\u00e4siv\u00e4t tosin vain perheen pienimm\u00e4t, sill\u00e4 n\u00e4in oli haluttu taata kaikille hyv\u00e4 n\u00e4kyvyys esiintymislavalle.<\/p>\n<p><img loading=\"lazy\" decoding=\"async\" class=\"size-large wp-image-1049111\" src=\"https:\/\/www.europesays.com\/fi\/wp-content\/uploads\/2026\/06\/11847047-683x1024.jpg\" alt=\"Frida Nuutinen sai tapahtumassa tarratatuoinnin Varsinais-Suomen mielenterveysaseman pisteell\u00e4. Samalla pisteell\u00e4 jokainen p\u00e4\u00e4si my\u00f6s selvitt\u00e4m\u00e4\u00e4n oman supervoimansa nostamalla hatusta. SSS\/ANNA KORPIAHO\" width=\"683\" height=\"1024\"  \/>Frida Nuutinen sai tapahtumassa tarratatuoinnin Varsinais-Suomen mielenterveysaseman pisteell\u00e4. Samalla pisteell\u00e4 jokainen p\u00e4\u00e4si my\u00f6s selvitt\u00e4m\u00e4\u00e4n oman supervoimansa nostamalla hatusta. SSS\/ANNA KORPIAHO<\/p>\n<p>Yle oli j\u00e4rjest\u00e4nyt tapahtuma-alueelle my\u00f6s erillisen pisteen, johon eksyneet lapset saattoivat tulla.<\/p>\n<p>Vanhempia oli etuk\u00e4teen ohjeistettu kirjoittamaan lapulle heid\u00e4n nimens\u00e4 sek\u00e4 puhelinnumeronsa ja kiinnitt\u00e4m\u00e4\u00e4n laput lapsiin, mik\u00e4li lapsi tapahtumassa eksyisi.<\/p>\n<p>Eksyneiden lapsien vanhempia voitiin kuulutella my\u00f6s esiintymislavalta, mik\u00e4li vanhempia ei tavoitettu puhelimitse.<\/p>\n<p>Pisteelle oli j\u00e4rjestetty lapsille my\u00f6s pient\u00e4 ohjelmaa, kuten v\u00e4rityskuvia ja saippuakuplia. Lapsia vastaanottamassa oli paikallisten Mannerheimin lastensuojeluyhdistysten vapaaehtoisia.<\/p>\n<p>\u2013 Lapset rauhoittuvat, kun he p\u00e4\u00e4sev\u00e4t piirt\u00e4m\u00e4\u00e4n, pisteell\u00e4 vapaaehtoisena ollut <b>Annika L\u00f6nnfors<\/b> kertoi.<\/p>\n<p>Toisaalta v\u00e4rityskuvat aiheuttavat toisen ongelman: kun vanhemmat ovat jo l\u00f6ytyneet, ei pisteelt\u00e4 voi l\u00e4hte\u00e4, sill\u00e4 v\u00e4rityskuva on viel\u00e4 kesken.<\/p>\n<p><img loading=\"lazy\" decoding=\"async\" class=\"wp-image-1049112 size-full\" src=\"https:\/\/www.europesays.com\/fi\/wp-content\/uploads\/2026\/06\/11847051.jpg\" alt=\"Satu Palviainen, Annika L\u00f6nnfors ja Anna Ahokas olivat auttamassa eksyneit\u00e4 lapsia. SSS\/ANNA KORPIAHO\" width=\"1000\" height=\"667\"  \/>Satu Palviainen, Annika L\u00f6nnfors ja Anna Ahokas olivat auttamassa eksyneit\u00e4 lapsia. SSS\/ANNA KORPIAHO<\/p>\n<p>Varsinaisen konsertin lis\u00e4ksi urheilupuistosta l\u00f6ytyi my\u00f6s paljon muuta n\u00e4ht\u00e4v\u00e4\u00e4 varsinkin perheen pienimpi\u00e4 ajatellen. Paikalla oli muun muassa traktoreita, poliisiauto ja useampikin paloauto.<\/p>\n<p>Salolainen <b>Esko Rajala<\/b> oli l\u00f6yt\u00e4nyt vapaapalokunnan tapahtumapisteen, jossa p\u00e4\u00e4si kaatamaan letkulla erilaisia puukappaleita ja pulloja.<\/p>\n<p>Rajala oli kiert\u00e4nyt <b>Tiina Immosen<\/b> kanssa jo pidemp\u00e4\u00e4n eri pisteit\u00e4 ja suosikeiksi mieleen olivat j\u00e4\u00e4neet toiminnallisemmat pisteet: jalkapallo ja keilaaminen. Tapahtumassa he olivat ensi kertaa.<\/p>\n<p>\u2013 Tultiin t\u00e4nne katsomaan, kun ei olla aiemmin k\u00e4yty, Immonen perusteli.<\/p>\n<p>Tapahtuman suosio oli yll\u00e4tt\u00e4nyt positiivisesti sammutusleikkipisteell\u00e4 olevan <b>Emmi Peipon.<\/b><\/p>\n<p>\u2013 Ihan jonoksi asti on porukkaa riitt\u00e4nyt pisteell\u00e4.<\/p>\n<p><img loading=\"lazy\" decoding=\"async\" class=\"wp-image-1049119 size-full\" src=\"https:\/\/www.europesays.com\/fi\/wp-content\/uploads\/2026\/06\/11847039.jpg\" alt=\"Esko Rajala ja Tiina Immonen olivat sammutust\u00f6iss\u00e4. Vapaapalokuntalainen Emmi Peippo pumppasi painetta letkuun. SSS\/ANNA KORPIAHO\" width=\"1000\" height=\"667\"  \/>Esko Rajala ja Tiina Immonen olivat sammutust\u00f6iss\u00e4. Vapaapalokuntalainen Emmi Peippo pumppasi painetta letkuun. SSS\/ANNA KORPIAHO<\/p>\n<p>Yksi erikoisempi rasti alueella oli maitoauto. Alunperin autoa esittelev\u00e4t <b>Janne<\/b> ja <b>Nico Numminen<\/b> olivat etuk\u00e4teen miettineet, kiinnostaako maitoauto lapsia tapahtumassa.<\/p>\n<p>Aluksi kaksikko oli ajatellut, ettei ket\u00e4\u00e4n p\u00e4\u00e4stett\u00e4isi auton kyytiin, mutta innokas yleis\u00f6 sai linjauksen muuttumaan.<\/p>\n<p>\u2013 Kaikilla oli kova hinku kyytiin, Janne Numminen kertoi.<\/p>\n<p>Vaikkei autossa ollutkaan mit\u00e4\u00e4n sis\u00e4ll\u00e4, oli se lapsista silti valtavan mielenkiintoinen. Lieneek\u00f6 paras osuus ollut kaiku, vaiko auton v\u00e4ri.<\/p>\n<p>\u2013 Ajattelimme, ett\u00e4 vaaleanpunainen auto olisi lapsille tosi kiva, Nico Numminen pohti.<\/p>\n<p><img loading=\"lazy\" decoding=\"async\" class=\"wp-image-1049120 size-full\" src=\"https:\/\/www.europesays.com\/fi\/wp-content\/uploads\/2026\/06\/11847040.jpg\" alt=\"Jooa Haavisto p\u00e4\u00e4si kirjastoautoon mammansa, Sari Haaviston kanssa. SSS\/ANNA KORPIAHO\" width=\"1000\" height=\"667\"  \/>Jooa Haavisto p\u00e4\u00e4si kirjastoautoon mammansa, Sari Haaviston kanssa. SSS\/ANNA KORPIAHO<\/p>\n<p>My\u00f6s Salon kirjastoauto oli kurvannut urheilupuiston parkkipaikalle.<\/p>\n<p>Kirjastonhoitaja <b>Jukka Nortunen<\/b> kertoo, ett\u00e4 useat asiakkaat, joilla oli kirjastokortti mukana, lainasivat tapahtumassa kotiin viemisi\u00e4.<\/p>\n<p>Kirjastoautossa oli saatavilla my\u00f6s ilmaisia poistokirjoja, mik\u00e4li kortti oli unohtunut.<\/p>\n<p>\u2013 Ei tarvitse pahoilla mielin l\u00e4hte\u00e4 pois, Nortunen perusteli.<\/p>\n<p>Kirjastoautosta asteli alas <b>Jooa Haavisto<\/b> yhdess\u00e4 iso\u00e4itins\u00e4 <b>Sari Haaviston<\/b> kanssa.<\/p>\n<p>Jooa Haavistolle kirjastoauto oli tuttu kotikaupungista Tampereelta, mutta salolainen Sari Haavisto p\u00e4\u00e4si kirjastoautoon nyt ensimm\u00e4ist\u00e4 kertaa.<\/p>\n<p><img loading=\"lazy\" decoding=\"async\" class=\"wp-image-1049115 size-full\" src=\"https:\/\/www.europesays.com\/fi\/wp-content\/uploads\/2026\/06\/11847053.jpg\" alt=\"Aamu Paston mieleen tapahtumasta j\u00e4i erityisesti se, kun h\u00e4n p\u00e4\u00e4si ottamaan yhteiskuvia juontajien kanssa. SSS\/ANNA KORPIAHO\" width=\"1000\" height=\"667\"  \/>Aamu Paston mieleen tapahtumasta j\u00e4i erityisesti se, kun h\u00e4n p\u00e4\u00e4si ottamaan yhteiskuvia juontajien kanssa. SSS\/ANNA KORPIAHO<\/p>\n<p>Erityisen pitk\u00e4 jono tapahtumassa oli Pikku Kakkosen ja Galaxin pisteille, joissa p\u00e4\u00e4si tapaamaan my\u00f6s televisiosta tuttuja kasvoja.<\/p>\n<p>Tapahtumaan saapuneen auralaisen <b>Aamu Paston<\/b> mielest\u00e4 parasta tapahtumassa oli yhteiskuvien saaminen juontajien kanssa.<\/p>\n<p>Pasto sai yhteiskuvan jo toistamiseen <b>Susanna Volannon<\/b> kanssa. Toiseen yhteiskuvaan taltioitui puolestaan hauskoista kappaleistaan tunnettu <b>Tuomo Rannankari<\/b> .<\/p>\n<p>Urheilupuiston pys\u00e4k\u00f6intipaikat olivat tapahtuman aikaan niin t\u00e4ynn\u00e4, ett\u00e4 perhe ei ehtinyt kunnolla seuraamaan itse konserttia, mutta onneksi tapahtuma-alueelta l\u00f6ytyi kaikkea muutakin kivaa.<\/p>\n<p>\u2013 Mukavaa, kun salolaiset yhdistykset ovat niin vahvasti mukana, Aamun is\u00e4 <b>Tommi Pasto<\/b> kehui.<\/p>\n<p><img loading=\"lazy\" decoding=\"async\" class=\"wp-image-1049117 size-full\" src=\"https:\/\/www.europesays.com\/fi\/wp-content\/uploads\/2026\/06\/11847049.jpg\" alt=\"Tarja Rapala-Virtasella oli paljon iloisia asiakkaita RC Reach Salon onnenpy\u00f6r\u00e4ll\u00e4. Minea Palom\u00e4ki py\u00f6r\u00e4ytt\u00e4\u00e4 py\u00f6r\u00e4\u00e4 ja Sandra Knaapi sek\u00e4 Emmi Palom\u00e4ki j\u00e4nnitt\u00e4v\u00e4t takana. SSS\/ANNA KORPIAHO\" width=\"1000\" height=\"667\"  \/>Tarja Rapala-Virtasella oli paljon iloisia asiakkaita RC Reach Salon onnenpy\u00f6r\u00e4ll\u00e4. Minea Palom\u00e4ki py\u00f6r\u00e4ytt\u00e4\u00e4 py\u00f6r\u00e4\u00e4 ja Sandra Knaapi sek\u00e4 Emmi Palom\u00e4ki j\u00e4nnitt\u00e4v\u00e4t takana. SSS\/ANNA KORPIAHO<\/p>\n<p>Tapahtuman alkaessa s\u00e4\u00e4 oli otollinen: aurinko paistoi ja l\u00e4mp\u00f6tila oli koko perheelle miellytt\u00e4v\u00e4.<\/p>\n<p>Puoli kuuden aikaan saderintama kuitenkin saavutti Salon ja osa sateeseen varautumattomista alkoi poistua paikalta.<\/p>\n<p>Kaikkia sade ei kuitenkaan haitannut. Onnenpy\u00f6r\u00e4\u00e4n jonotti edelleen <b>Emmi Palom\u00e4ki<\/b> yhdess\u00e4 <b>Minea<\/b> -tytt\u00e4rens\u00e4 ja sein\u00e4jokelaisen kummitytt\u00e4rens\u00e4 <b>Sandra Knaapin<\/b> kanssa.<\/p>\n<p>\u2013 Kes\u00e4sade on l\u00e4hinn\u00e4 ihan hauska, Palom\u00e4ki totesi.<\/p>\n<p>Knaapi ja Palom\u00e4ki olivat kumpikin saaneet lastenl\u00e4\u00e4k\u00e4ripisteelt\u00e4 yll\u00e4tyskassin, jossa oli esimerkiksi puuhakirja. Yksi asia oli kuitenkin yli muiden:<\/p>\n<p>\u2013 P\u00e4\u00e4sin ottamaan kuvia galaxilaisten kanssa, Knaapi hehkutti.<\/p>\n<p><img loading=\"lazy\" decoding=\"async\" class=\"wp-image-1049116 size-full\" src=\"https:\/\/www.europesays.com\/fi\/wp-content\/uploads\/2026\/06\/11847048.jpg\" alt=\"Ep\u00e4vakaisesta s\u00e4\u00e4st\u00e4 huolimatta paikalle l\u00f6ysi tuhansia ihmisi\u00e4. SSS\/ANNA KORPIAHO\" width=\"1000\" height=\"667\"  \/>Ep\u00e4vakaisesta s\u00e4\u00e4st\u00e4 huolimatta paikalle l\u00f6ysi tuhansia ihmisi\u00e4. SSS\/ANNA KORPIAHO<\/p>\n","protected":false},"excerpt":{"rendered":"Sauli Niinist\u00f6n Urheilupuistoon ker\u00e4\u00e4ntyi tuhansia ihmisi\u00e4 koko Varsinais-Suomesta ja sen ulkopuolelta perjantai-iltap\u00e4iv\u00e4n\u00e4, kun Salossa j\u00e4rjestettiin ensimm\u00e4ist\u00e4 kertaa Leikit\u00e4\u00e4n&hellip;\n","protected":false},"author":2,"featured_media":286832,"comment_status":"","ping_status":"","sticky":false,"template":"","format":"standard","meta":{"footnotes":"","_share_on_mastodon":"0"},"categories":[130],"tags":[137,33,31,30,99,8737,11644,32,1667,38213,109,1149],"class_list":["post-286831","post","type-post","status-publish","format-standard","has-post-thumbnail","category-viihde","tag-entertainment","tag-fi","tag-finland","tag-finnish","tag-lapset","tag-lapsiperheet","tag-salon-keskusta","tag-suomi","tag-tapahtumat","tag-urheilupuisto","tag-viihde","tag-yle"],"share_on_mastodon":{"url":"https:\/\/pubeurope.com\/@fi\/116818194954579098","error":""},"_links":{"self":[{"href":"https:\/\/www.europesays.com\/fi\/wp-json\/wp\/v2\/posts\/286831","targetHints":{"allow":["GET"]}}],"collection":[{"href":"https:\/\/www.europesays.com\/fi\/wp-json\/wp\/v2\/posts"}],"about":[{"href":"https:\/\/www.europesays.com\/fi\/wp-json\/wp\/v2\/types\/post"}],"author":[{"embeddable":true,"href":"https:\/\/www.europesays.com\/fi\/wp-json\/wp\/v2\/users\/2"}],"replies":[{"embeddable":true,"href":"https:\/\/www.europesays.com\/fi\/wp-json\/wp\/v2\/comments?post=286831"}],"version-history":[{"count":0,"href":"https:\/\/www.europesays.com\/fi\/wp-json\/wp\/v2\/posts\/286831\/revisions"}],"wp:featuredmedia":[{"embeddable":true,"href":"https:\/\/www.europesays.com\/fi\/wp-json\/wp\/v2\/media\/286832"}],"wp:attachment":[{"href":"https:\/\/www.europesays.com\/fi\/wp-json\/wp\/v2\/media?parent=286831"}],"wp:term":[{"taxonomy":"category","embeddable":true,"href":"https:\/\/www.europesays.com\/fi\/wp-json\/wp\/v2\/categories?post=286831"},{"taxonomy":"post_tag","embeddable":true,"href":"https:\/\/www.europesays.com\/fi\/wp-json\/wp\/v2\/tags?post=286831"}],"curies":[{"name":"wp","href":"https:\/\/api.w.org\/{rel}","templated":true}]}}