{"id":28717,"date":"2025-09-08T06:05:07","date_gmt":"2025-09-08T06:05:07","guid":{"rendered":"https:\/\/www.europesays.com\/fi\/28717\/"},"modified":"2025-09-08T06:05:07","modified_gmt":"2025-09-08T06:05:07","slug":"hikinen-saa-jatkuu-lammin-ja-kostea-ilma-ei-paasta-suomea-otteestaan-kotimaa","status":"publish","type":"post","link":"https:\/\/www.europesays.com\/fi\/28717\/","title":{"rendered":"Hikinen s\u00e4\u00e4 jatkuu \u2013 l\u00e4mmin ja kostea ilma ei p\u00e4\u00e4st\u00e4 Suomea otteestaan | Kotimaa"},"content":{"rendered":"<p class=\"sc-jYczwO sc-dNFkOE frIBdZ edVjwg yle__article__paragraph\">Helteet ovat mahdollisia viel\u00e4 maanantaina ja tiistaina. Syysaurinko kuitenkin menett\u00e4\u00e4 jo tehoaan, ja alkuviikon helteet todenn\u00e4k\u00f6isesti j\u00e4\u00e4v\u00e4t t\u00e4m\u00e4n vuoden viimeisiksi.<\/p>\n<p>7.9. 19:48\u2022P\u00e4ivitetty 7.9. 19:52<\/p>\n<p class=\"sc-jYczwO sc-ciCoXh frIBdZ cPdSqu yle__article__paragraph\">Viikko py\u00f6r\u00e4ht\u00e4\u00e4 k\u00e4yntiin kes\u00e4isiss\u00e4 tunnelmissa, kun Suomen yll\u00e4 on yh\u00e4 l\u00e4mmint\u00e4 ja kosteaa ilmaa.<\/p>\n<p class=\"sc-jYczwO sc-ciCoXh frIBdZ cPdSqu yle__article__paragraph\">S\u00e4\u00e4 on nyt niin leppe\u00e4, ett\u00e4 Etel\u00e4-Suomessa hellep\u00e4iv\u00e4t ovat viel\u00e4 maanantaina ja tiistainakin t\u00e4ysin mahdollisia.<\/p>\n<p class=\"sc-jYczwO sc-ciCoXh frIBdZ cPdSqu yle__article__paragraph\">P\u00e4iv\u00e4n ylimm\u00e4t l\u00e4mp\u00f6tilat kohoavat <strong class=\"sc-eEHciv kkmMDs yle__article__strong\">maanantaina<\/strong> laajasti Etel\u00e4- ja It\u00e4-Suomessa 22\u201323 asteeseen.<\/p>\n<p class=\"sc-jYczwO sc-ciCoXh frIBdZ cPdSqu yle__article__paragraph\">\u2013 Hellelukemat ovat todenn\u00e4k\u00f6isimpi\u00e4 L\u00e4nsi-Uudenmaan seudulla, kertoo Ylen meteorologi <strong class=\"sc-eEHciv kkmMDs yle__article__strong\">Aleksi Lohtander<\/strong>.<\/p>\n<p class=\"sc-jYczwO sc-ciCoXh frIBdZ cPdSqu yle__article__paragraph\">Vaan ei kylm\u00e4\u00e4 ole muuallakaan \u2013 Lapissa l\u00e4mp\u00f6tilat huitelevat Suomi-neidon p\u00e4\u00e4lakea my\u00f6ten jopa 18 asteessa, ja muuallakin maassa liikutaan 20 asteen molemmin puolin.<\/p>\n<p class=\"sc-jYczwO sc-ciCoXh frIBdZ cPdSqu yle__article__paragraph\">Aurinko pilkahtelee paikoin pilvien lomasta, mutta Pohjois-Pohjanmaalla ja Kainuussa sade ja ukkoset voivat yll\u00e4tt\u00e4\u00e4 \u2013 vett\u00e4 voi kerty\u00e4 vuorokaudessa jopa 40 millimetri\u00e4.<\/p>\n<p class=\"sc-jYczwO sc-ciCoXh frIBdZ cPdSqu yle__article__paragraph\">Kes\u00e4inen s\u00e4\u00e4 jatkuu <strong class=\"sc-eEHciv kkmMDs yle__article__strong\">tiistainakin<\/strong>, ja hellerajaa h\u00e4tyytell\u00e4\u00e4n viel\u00e4 etel\u00e4isess\u00e4 Suomessa. Sadekuurot kuivuvat <strong class=\"sc-eEHciv kkmMDs yle__article__strong\">keskiviikkoon<\/strong> menness\u00e4, mutta viikonloppua kohti Euroopasta voi saapua kuitenkin uusia, yhten\u00e4isempi\u00e4 sadealueita.<\/p>\n<p>S\u00e4\u00e4 jatkuu l\u00e4mpim\u00e4n\u00e4 koko viikon, mutta loppuviikosta Suomeen valuu yhten\u00e4isempi\u00e4 sadealueita.Helteet tyss\u00e4\u00e4v\u00e4t tulevaan viikkoon<\/p>\n<p class=\"sc-jYczwO sc-ciCoXh frIBdZ cPdSqu yle__article__paragraph\">Meteorologi Lohtander arvioi, ett\u00e4 tuleva viikko pysyy kauttaaltaan l\u00e4mpim\u00e4n\u00e4, mutta alkuviikon j\u00e4lkeen helteet j\u00e4\u00e4v\u00e4t taakse.<\/p>\n<p class=\"sc-jYczwO sc-ciCoXh frIBdZ cPdSqu yle__article__paragraph\">Syksy etenee v\u00e4\u00e4j\u00e4\u00e4m\u00e4tt\u00e4.<\/p>\n<p class=\"sc-jYczwO sc-ciCoXh frIBdZ cPdSqu yle__article__paragraph\">\u2013 Vuodenaika alkaa tulla vastaan, eik\u00e4 syysauringon teho en\u00e4\u00e4 riit\u00e4 l\u00e4mmitt\u00e4m\u00e4\u00e4n ilmaa hellelukemiin, Lohtander sanoo.<\/p>\n<p class=\"sc-jYczwO sc-ciCoXh frIBdZ cPdSqu yle__article__paragraph\">Helteiset syyskuun p\u00e4iv\u00e4t eiv\u00e4t Suomessa toki ole tavanomaisia, mutta eiv\u00e4t poikkeuksellisiakaan.<\/p>\n<p class=\"sc-jYczwO sc-ciCoXh frIBdZ cPdSqu yle__article__paragraph\">2000-luvulla syyskuussa on mitattu hellett\u00e4 kolmena vuotena \u2013 nyt elet\u00e4\u00e4n nelj\u00e4tt\u00e4.<\/p>\n<p class=\"sc-jYczwO sc-ciCoXh frIBdZ cPdSqu yle__article__paragraph\">Viime vuonna syyskuun hellep\u00e4ivi\u00e4 kertyi enn\u00e4tykselliset kahdeksan. T\u00e4n\u00e4 vuonna niit\u00e4 on toistaiseksi ollut kaksi.<\/p>\n<p class=\"sc-jYczwO sc-ciCoXh frIBdZ cPdSqu yle__article__paragraph\"><a class=\"sc-jDJeIs gotUgl yle__article__link\" href=\"https:\/\/yle.fi\/saa\" role=\"link\" rel=\"nofollow noopener\" target=\"_blank\">Lue lis\u00e4\u00e4 s\u00e4\u00e4st\u00e4 Ylen s\u00e4\u00e4sivuilta.<\/a><\/p>\n","protected":false},"excerpt":{"rendered":"Helteet ovat mahdollisia viel\u00e4 maanantaina ja tiistaina. Syysaurinko kuitenkin menett\u00e4\u00e4 jo tehoaan, ja alkuviikon helteet todenn\u00e4k\u00f6isesti j\u00e4\u00e4v\u00e4t t\u00e4m\u00e4n&hellip;\n","protected":false},"author":2,"featured_media":28718,"comment_status":"","ping_status":"","sticky":false,"template":"","format":"standard","meta":{"footnotes":""},"categories":[12],"tags":[22,23,26,27,33,31,30,17,71,24,25,28,29,5233,15,18,21,710,1424,32,19,20,16],"class_list":{"0":"post-28717","1":"post","2":"type-post","3":"status-publish","4":"format-standard","5":"has-post-thumbnail","7":"category-suomi","8":"tag-breaking-news","9":"tag-breakingnews","10":"tag-featured-news","11":"tag-featurednews","12":"tag-fi","13":"tag-finland","14":"tag-finnish","15":"tag-headlines","16":"tag-kotimaa","17":"tag-latest-news","18":"tag-latestnews","19":"tag-main-news","20":"tag-mainnews","21":"tag-meteorologit","22":"tag-news","23":"tag-otsikot","24":"tag-paauutiset","25":"tag-saa","26":"tag-saaennusteet","27":"tag-suomi","28":"tag-top-stories","29":"tag-topstories","30":"tag-uutiset"},"share_on_mastodon":{"url":"","error":""},"_links":{"self":[{"href":"https:\/\/www.europesays.com\/fi\/wp-json\/wp\/v2\/posts\/28717","targetHints":{"allow":["GET"]}}],"collection":[{"href":"https:\/\/www.europesays.com\/fi\/wp-json\/wp\/v2\/posts"}],"about":[{"href":"https:\/\/www.europesays.com\/fi\/wp-json\/wp\/v2\/types\/post"}],"author":[{"embeddable":true,"href":"https:\/\/www.europesays.com\/fi\/wp-json\/wp\/v2\/users\/2"}],"replies":[{"embeddable":true,"href":"https:\/\/www.europesays.com\/fi\/wp-json\/wp\/v2\/comments?post=28717"}],"version-history":[{"count":0,"href":"https:\/\/www.europesays.com\/fi\/wp-json\/wp\/v2\/posts\/28717\/revisions"}],"wp:featuredmedia":[{"embeddable":true,"href":"https:\/\/www.europesays.com\/fi\/wp-json\/wp\/v2\/media\/28718"}],"wp:attachment":[{"href":"https:\/\/www.europesays.com\/fi\/wp-json\/wp\/v2\/media?parent=28717"}],"wp:term":[{"taxonomy":"category","embeddable":true,"href":"https:\/\/www.europesays.com\/fi\/wp-json\/wp\/v2\/categories?post=28717"},{"taxonomy":"post_tag","embeddable":true,"href":"https:\/\/www.europesays.com\/fi\/wp-json\/wp\/v2\/tags?post=28717"}],"curies":[{"name":"wp","href":"https:\/\/api.w.org\/{rel}","templated":true}]}}