{"id":28721,"date":"2025-09-08T06:18:13","date_gmt":"2025-09-08T06:18:13","guid":{"rendered":"https:\/\/www.europesays.com\/fi\/28721\/"},"modified":"2025-09-08T06:18:13","modified_gmt":"2025-09-08T06:18:13","slug":"taiteilija-katariina-lahti-kodista-avautuu-upea-saaristonakyma","status":"publish","type":"post","link":"https:\/\/www.europesays.com\/fi\/28721\/","title":{"rendered":"Taiteilija Katariina Lahti kodista avautuu upea saariston\u00e4kym\u00e4"},"content":{"rendered":"<p class=\"sc-e683d47a-0 kZdJxS is-block has-drop-cap is-body-m\">Hessundin salmelta puhaltaa lempe\u00e4 merituuli <strong>Katariina Lahden <\/strong>avaralle terassille. Paraisten saaristoluonto maisemineen on vahvasti l\u00e4sn\u00e4 my\u00f6s kodissa sis\u00e4ll\u00e4: sein\u00e4n kokoisista ikkunoista avautuu n\u00e4kym\u00e4 korkeille rantakallioille ja salmelle.<\/p>\n<p class=\"sc-e683d47a-0 kZdJxS is-block is-body-m\">\u201dAina kun palaan maailmalta kotiin, aistin luonnon voiman\u201d, pitk\u00e4n, kansainv\u00e4lisen uran teatteri-, elokuva- ja oopperaohjaajana tehnyt Katariina kertoo.<\/p>\n<p class=\"sc-e683d47a-0 kZdJxS is-block is-body-m\">Kolme paritaloa suunniteltiin 50 vuotta sitten niin, ett\u00e4 luonto ja rakennukset muodostavat yhden kokonaisuuden. Taloyhti\u00f6n tontti on seitsem\u00e4n hehtaarin suuruinen.<\/p>\n<p class=\"sc-e683d47a-0 kZdJxS is-block is-body-m\">Katariinan paritalon puolikkaassa on 275 neli\u00f6t\u00e4. Yl\u00e4kerrassa keitti\u00f6, olohuone, ateljee ja uima-allas ovat yht\u00e4 avaraa, parinsadan neli\u00f6n suuruista tilaa. Katariina poistatti osan seinist\u00e4 ostettuaan asunnon 2009. <\/p>\n<p class=\"sc-e683d47a-0 kZdJxS is-block is-body-m\">Yl\u00e4kerrassa ovat my\u00f6s sauna, makuuhuone ja ty\u00f6huone. Alakerrassa sijaitsevat vierashuone ja tv-huone. <\/p>\n<p class=\"sc-e683d47a-0 kZdJxS is-block is-body-m\">Katariina asuu suuressa kodissaan yksin, mutta siell\u00e4 k\u00e4y sukulaisia ja yst\u00e4vi\u00e4. Kyl\u00e4ilij\u00f6it\u00e4 on tullut Beninist\u00e4 saakka, sill\u00e4 ohjaaja asuu talvet L\u00e4nsi-Afrikassa.<\/p>\n<p class=\"sc-e683d47a-0 kZdJxS is-block is-body-m\">\u201dVieraiden kanssa tykk\u00e4\u00e4n kokata, seurustella ja k\u00e4yd\u00e4 luontoretkill\u00e4 pitkin kallioita ja rantoja.\u201d<\/p>\n<p><img alt=\"Katariina Lahti pit\u00e4\u00e4 uimisesta ja pulahtaa joka aamu yl\u00e4kerran uima-altaan viile\u00e4\u00e4n veteen.\" loading=\"lazy\" width=\"1024\" height=\"1024\" decoding=\"async\" data-nimg=\"1\" class=\"sc-5d414073-2 lejuXq\" style=\"color:transparent\"   src=\"https:\/\/www.europesays.com\/fi\/wp-content\/uploads\/2025\/09\/2526579_MtTco.jpg\"\/><\/p>\n<p>Katariina Lahti pit\u00e4\u00e4 uimisesta ja pulahtaa joka aamu yl\u00e4kerran uima-altaan viile\u00e4\u00e4n veteen.<\/p>\n<p><img alt=\"Yl\u00e4kerran ty\u00f6tilassa Katariina maalaa. Taustalla olevan freskon on tehnyt lavastaja, pukusuunnittelija Pekka Ojamaa.\" loading=\"lazy\" width=\"1024\" height=\"1024\" decoding=\"async\" data-nimg=\"1\" class=\"sc-5d414073-2 lejuXq\" style=\"color:transparent\"   src=\"https:\/\/www.europesays.com\/fi\/wp-content\/uploads\/2025\/09\/2526573_5jlf4.jpg\"\/><\/p>\n<p>Yl\u00e4kerran ty\u00f6tilassa Katariina maalaa. Taustalla olevan freskon on tehnyt lavastaja, pukusuunnittelija Pekka Ojamaa.<\/p>\n<p><img alt=\"Keitti\u00f6n sein\u00e4lle ripustetussa kananpes\u00e4ss\u00e4 on astioita Egyptist\u00e4, Sisiliasta ja Japanista.\" loading=\"lazy\" width=\"1024\" height=\"1024\" decoding=\"async\" data-nimg=\"1\" class=\"sc-5d414073-2 lejuXq\" style=\"color:transparent\"   src=\"https:\/\/www.europesays.com\/fi\/wp-content\/uploads\/2025\/09\/2526590_PP9cL.jpg\"\/><\/p>\n<p>Keitti\u00f6n sein\u00e4lle ripustetussa kananpes\u00e4ss\u00e4 on astioita Egyptist\u00e4, Sisiliasta ja Japanista.<\/p>\n<p><img alt=\"Olohuoneen sohvankulma on yksi Katariinan lempipaikoista. Sohvap\u00f6yd\u00e4n jalat on tehty Ylen entisen johtajan Eino S. Revon kirjastoa varten teetetyist\u00e4 muuttolaatikoista. P\u00f6yt\u00e4 on seurannut Katariinan mukana kaikki el\u00e4m\u00e4nvaiheet.\" loading=\"lazy\" width=\"1024\" height=\"1024\" decoding=\"async\" data-nimg=\"1\" class=\"sc-5d414073-2 lejuXq\" style=\"color:transparent\"   src=\"https:\/\/www.europesays.com\/fi\/wp-content\/uploads\/2025\/09\/2526588_mhFNd.jpg\"\/><\/p>\n<p>Olohuoneen sohvankulma on yksi Katariinan lempipaikoista. Sohvap\u00f6yd\u00e4n jalat on tehty Ylen entisen johtajan Eino S. Revon kirjastoa varten teetetyist\u00e4 muuttolaatikoista. P\u00f6yt\u00e4 on seurannut Katariinan mukana kaikki el\u00e4m\u00e4nvaiheet.<\/p>\n<p class=\"sc-e683d47a-0 kZdJxS is-block is-body-m\">Uteliaisuus, luovuus ja rakkaus draamaan n\u00e4kyv\u00e4t kodissa. Uima-altaan reunalla ja ateljeessa on runsaasti Katariinan tekemi\u00e4 veistoksia. Moni sisustuselementti on syntynyt luovasta oivalluksesta tai p\u00e4\u00e4h\u00e4npistosta.<\/p>\n<p class=\"sc-e683d47a-0 kZdJxS is-block is-body-m\">\u201dSisustusfilosofiani on se, ett\u00e4 otetaan, mit\u00e4 on. Minulla on paljon maailmalta mukaan tarttunutta, kuten tuoleja Balilta ja Beirutista, tekstiileit\u00e4 Afrikasta.\u201d<\/p>\n<p class=\"sc-e683d47a-0 kZdJxS is-block is-body-m\">Katariinan tekem\u00e4t veistokset, maalaukset ja piirrokset kertovat h\u00e4nen kokemuksistaan ja intiimeist\u00e4kin asioista. Siksi h\u00e4n ei halunnut myyd\u00e4 ainuttakaan teosta viime vuoden kev\u00e4\u00e4n\u00e4 Kaarina-talossa Kaarinassa pit\u00e4m\u00e4ss\u00e4\u00e4n taiden\u00e4yttelyss\u00e4.<\/p>\n<p class=\"sc-e683d47a-0 kZdJxS is-block is-body-m\">Kuvataide on Katariinalle t\u00e4rke\u00e4\u00e4 kirjoittamisen ja n\u00e4ytt\u00e4m\u00f6taiteen ohella.<\/p>\n<p class=\"sc-e683d47a-0 kZdJxS is-block is-body-m\">\u201dTeatterista tutut teemat n\u00e4kyv\u00e4t veistoksissani ja kuvissani: ihmisen alastomuus ja haavoittuvuus, rakkauden repivyys ja j\u00e4rjett\u00f6myys, huuma, kipu, kaipaus ja ikuinen menett\u00e4misen uhka.\u201d<\/p>\n<p class=\"sc-e683d47a-0 kZdJxS is-block is-body-m\">Katariina kuvailee olevansa puuhastelija. H\u00e4nell\u00e4 on kotona aina jokin projekti meneill\u00e4\u00e4n.<\/p>\n<p class=\"sc-e683d47a-0 kZdJxS is-block is-body-m\">\u201dTeen joka p\u00e4iv\u00e4 jotain luovaa: luon taidetta, kirjoitan tai puuhaan jonkin talon korjaushomman kimpussa. Muuten tunnen oloni levottomaksi.\u201d<\/p>\n<p class=\"sc-e683d47a-0 kZdJxS is-block is-body-m\">Katariina istuu usein l\u00e4pp\u00e4rin kanssa pitk\u00e4n ruokap\u00f6yd\u00e4n \u00e4\u00e4ress\u00e4 ja katsoo ison ikkunan l\u00e4pi rantakallioille. P\u00f6yd\u00e4n h\u00e4n on tuunannut itse. Katariina yhdisti vanhan ruokap\u00f6yt\u00e4ns\u00e4 jalat vesivanerilevyyn, joka suojasi uima-allasta katon maalauksen ajan. N\u00e4in h\u00e4n toteutti haaveensa entist\u00e4 suuremmasta ruokap\u00f6yd\u00e4st\u00e4.<\/p>\n<p><img alt=\"\u201dOnpa sinulla ollut ihmeellinen el\u00e4m\u00e4\u201d, Katariinan kaveri sanoi n\u00e4hty\u00e4\u00e4n alakerran valokuvakollaasin h\u00e4nen suvustaan, matkoistaan, kodeistaan ja ensi-illoistaan. Alakerran ryijy ja kirstu ovat 1700-luvulta ja Katariinan \u00e4idin\u00e4idin peruja Nojamaan kartanosta Savonlinnasta. Ryijy on ilmeisesti ollut alun perin rekipeitto. Beirutista hankitussa puutuolissa voi mietti\u00e4 menneit\u00e4 ja tulevia. \" loading=\"lazy\" width=\"1024\" height=\"1024\" decoding=\"async\" data-nimg=\"1\" class=\"sc-5d414073-2 lejuXq\" style=\"color:transparent\"   src=\"https:\/\/www.europesays.com\/fi\/wp-content\/uploads\/2025\/09\/2526585_9rm1t.jpg\"\/><\/p>\n<p>\u201dOnpa sinulla ollut ihmeellinen el\u00e4m\u00e4\u201d, Katariinan kaveri sanoi n\u00e4hty\u00e4\u00e4n alakerran valokuvakollaasin h\u00e4nen suvustaan, matkoistaan, kodeistaan ja ensi-illoistaan. Alakerran ryijy ja kirstu ovat 1700-luvulta ja Katariinan \u00e4idin\u00e4idin peruja Nojamaan kartanosta Savonlinnasta. Ryijy on ilmeisesti ollut alun perin rekipeitto. Beirutista hankitussa puutuolissa voi mietti\u00e4 menneit\u00e4 ja tulevia. <\/p>\n<p><img alt=\"Yl\u00e4kerran kotitoimiston seinill\u00e4 on teatterijulisteita. Liitutaulun piirros Ptolemaioksen ja Kopernikuksen maailmankuvista muistuttaa Bertolt Brechtin Galileo Galilei -n\u00e4ytelm\u00e4st\u00e4, jonka Katariina ohjasi 2010 Kansallisteatteriin.\" loading=\"lazy\" width=\"1024\" height=\"1024\" decoding=\"async\" data-nimg=\"1\" class=\"sc-5d414073-2 lejuXq\" style=\"color:transparent\"   src=\"https:\/\/www.europesays.com\/fi\/wp-content\/uploads\/2025\/09\/2528981_DAzrs.jpg\"\/><\/p>\n<p>Yl\u00e4kerran kotitoimiston seinill\u00e4 on teatterijulisteita. Liitutaulun piirros Ptolemaioksen ja Kopernikuksen maailmankuvista muistuttaa Bertolt Brechtin Galileo Galilei -n\u00e4ytelm\u00e4st\u00e4, jonka Katariina ohjasi 2010 Kansallisteatteriin.<\/p>\n<p><img alt=\"Katariina seuraa jatkuvasti saksalaista mediaa ja viett\u00e4\u00e4 joka vuosi kuukausia Berliiniss\u00e4. Keitti\u00f6n astiakaapin ovessa lukee saksaksi: kaikki kupit ovat kaapissa. Sanaleikki viittaa t\u00e4ysp\u00e4isyyteen.\" loading=\"lazy\" width=\"1024\" height=\"1024\" decoding=\"async\" data-nimg=\"1\" class=\"sc-5d414073-2 lejuXq\" style=\"color:transparent\"   src=\"https:\/\/www.europesays.com\/fi\/wp-content\/uploads\/2025\/09\/2526584_sJWOL.jpg\"\/><\/p>\n<p>Katariina seuraa jatkuvasti saksalaista mediaa ja viett\u00e4\u00e4 joka vuosi kuukausia Berliiniss\u00e4. Keitti\u00f6n astiakaapin ovessa lukee saksaksi: kaikki kupit ovat kaapissa. Sanaleikki viittaa t\u00e4ysp\u00e4isyyteen.<\/p>\n<p class=\"sc-e683d47a-0 kZdJxS is-block is-body-m\">Yksi luovuuden purkaus kohdistui ruokap\u00f6yd\u00e4n p\u00e4\u00e4dyss\u00e4 olevaan sein\u00e4\u00e4n. Katariina repi \u00e4killisen impulssin vallassa sein\u00e4n tekstiilitapetit irti tarkoituksenaan tehd\u00e4 uusi p\u00e4\u00e4llyste. Tapetin alta paljastui kuitenkin niin kiinnostava pinta, ett\u00e4 sein\u00e4 sai j\u00e4\u00e4d\u00e4 juuri sellaiseksi: ep\u00e4tasaiseksi ja ikivanhan n\u00e4k\u00f6iseksi.<\/p>\n<p class=\"sc-e683d47a-0 kZdJxS is-block is-body-m\">Paraisten-koti on yksi monista paikoista, joissa Katariina viett\u00e4\u00e4 vuoden mittaan aikaansa. Se on h\u00e4nen kiinnekohtansa, muuten h\u00e4n on vaeltaja.<\/p>\n<p class=\"sc-e683d47a-0 kZdJxS is-block is-body-m\">Katariina on ohjannut freelancerina teatteria ja oopperaa vuosikymmenien ajan eri puolilla Suomea ja Eurooppaa. Osan vuodesta h\u00e4n viett\u00e4\u00e4 Berliiniss\u00e4, vanhassa opiskelu- ja yst\u00e4v\u00e4kaupungissaan.<\/p>\n<p class=\"sc-e683d47a-0 kZdJxS is-block is-body-m\">Keskikes\u00e4 on omistettu Savonlinnan- m\u00f6kille, jonka Katariina peri \u00e4idilt\u00e4\u00e4n. \u00c4iti asui aikoinaan Nojamaan kartanossa, ja sielt\u00e4 on per\u00e4isen my\u00f6s tytt\u00e4ren kodin vanhaa esineist\u00f6\u00e4. <\/p>\n<p class=\"sc-e683d47a-0 kZdJxS is-block is-body-m\">Afrikassa Katariina kirjoittaa. Siell\u00e4 h\u00e4n my\u00f6s luki muutama vuosi sitten uudestaan etel\u00e4afrikkalaisen <strong>Andr\u00e9 Brinkin<\/strong> teokset. Romaanista Katson pime\u00e4\u00e4n h\u00e4n l\u00f6ysi itselleen moton, joka alkaa n\u00e4in: Min\u00e4 olen valinnut, olen luopunut pysyvyydest\u00e4, turvallisuudesta, noista yhteiselon rauhallisista ja intiimeist\u00e4 onnen muodoista. Sen sijaan min\u00e4 olen valinnut teatterin, t\u00e4n\u00e4 iltana t\u00e4\u00e4ll\u00e4, huomenna tuolla&#8230; <\/p>\n<p class=\"sc-e683d47a-0 kZdJxS is-block is-body-m\">Haastattelu on julkaistu Eeva-lehdess\u00e4 8\/2025.<\/p>\n","protected":false},"excerpt":{"rendered":"Hessundin salmelta puhaltaa lempe\u00e4 merituuli Katariina Lahden avaralle terassille. Paraisten saaristoluonto maisemineen on vahvasti l\u00e4sn\u00e4 my\u00f6s kodissa sis\u00e4ll\u00e4:&hellip;\n","protected":false},"author":2,"featured_media":28722,"comment_status":"","ping_status":"","sticky":false,"template":"","format":"standard","meta":{"footnotes":""},"categories":[136],"tags":[407,137,33,31,30,408,1233,32,109],"class_list":{"0":"post-28721","1":"post","2":"type-post","3":"status-publish","4":"format-standard","5":"has-post-thumbnail","7":"category-julkkikset","8":"tag-celebrities","9":"tag-entertainment","10":"tag-fi","11":"tag-finland","12":"tag-finnish","13":"tag-julkkikset","14":"tag-koti","15":"tag-suomi","16":"tag-viihde"},"share_on_mastodon":{"url":"","error":""},"_links":{"self":[{"href":"https:\/\/www.europesays.com\/fi\/wp-json\/wp\/v2\/posts\/28721","targetHints":{"allow":["GET"]}}],"collection":[{"href":"https:\/\/www.europesays.com\/fi\/wp-json\/wp\/v2\/posts"}],"about":[{"href":"https:\/\/www.europesays.com\/fi\/wp-json\/wp\/v2\/types\/post"}],"author":[{"embeddable":true,"href":"https:\/\/www.europesays.com\/fi\/wp-json\/wp\/v2\/users\/2"}],"replies":[{"embeddable":true,"href":"https:\/\/www.europesays.com\/fi\/wp-json\/wp\/v2\/comments?post=28721"}],"version-history":[{"count":0,"href":"https:\/\/www.europesays.com\/fi\/wp-json\/wp\/v2\/posts\/28721\/revisions"}],"wp:featuredmedia":[{"embeddable":true,"href":"https:\/\/www.europesays.com\/fi\/wp-json\/wp\/v2\/media\/28722"}],"wp:attachment":[{"href":"https:\/\/www.europesays.com\/fi\/wp-json\/wp\/v2\/media?parent=28721"}],"wp:term":[{"taxonomy":"category","embeddable":true,"href":"https:\/\/www.europesays.com\/fi\/wp-json\/wp\/v2\/categories?post=28721"},{"taxonomy":"post_tag","embeddable":true,"href":"https:\/\/www.europesays.com\/fi\/wp-json\/wp\/v2\/tags?post=28721"}],"curies":[{"name":"wp","href":"https:\/\/api.w.org\/{rel}","templated":true}]}}