{"id":28723,"date":"2025-09-08T06:20:16","date_gmt":"2025-09-08T06:20:16","guid":{"rendered":"https:\/\/www.europesays.com\/fi\/28723\/"},"modified":"2025-09-08T06:20:16","modified_gmt":"2025-09-08T06:20:16","slug":"mika-hentusen-ja-kristiina-heleniuksen-tietokirja-kiinan-tulevaisuudesta-ja-tavoitteista-ilmestyy-kevaalla-2025","status":"publish","type":"post","link":"https:\/\/www.europesays.com\/fi\/28723\/","title":{"rendered":"Mika Hentusen ja Kristiina Heleniuksen tietokirja Kiinan tulevaisuudesta ja tavoitteista ilmestyy kev\u00e4\u00e4ll\u00e4 2025"},"content":{"rendered":"<p><strong><\/p>\n<p>Kiinan maailma \u2013 Tulevaisuuden supervalta ja sen tavoitteet -kirja ilmestyy toukokuussa 2025. Kirjan kustantaja on Tammi.<\/p>\n<p><\/strong><\/p>\n<p>L\u00e4nsimaat haluavat purkaa Kiinaan liittyvi\u00e4 poliittisia ja taloudellisia riskej\u00e4. Silti yli puolet maailman 500 suurimmasta yrityksest\u00e4 k\u00e4ytt\u00e4\u00e4 vakoilusta syytetyn Huawein tuotteita. Mist\u00e4 se kertoo? <strong>Mika Hentusen<\/strong> ja <strong>Kristiina Heleniuksen<\/strong> tietokirja Kiinan maailma \u2013 Tulevaisuuden supervalta ja sen tavoitteet avaa keskin\u00e4isriippuvuuksien monimutkaista maailmaa.<\/p>\n<p>Kiinan tavoite on nousta maailman suurimmaksi taloudeksi, mutta se olisi vasta alkua. Maa tavoittelee my\u00f6s poliittista ja sotilaallista johtoasemaa. Usko sosialismiin kiinalaisilla erityispiirteill\u00e4 on kuitenkin alkanut horjua, eik\u00e4 Kiinan vaurastuva ja ik\u00e4\u00e4ntyv\u00e4 kansa en\u00e4\u00e4 halua raataa sen takia. Vai onko t\u00e4m\u00e4 pelkk\u00e4\u00e4 Yhdysvaltojen toiveajattelua? Ent\u00e4 mihin Nato-Suomi t\u00e4ss\u00e4 kokonaisuudessa asettuu?<\/p>\n<p>Pekingiss\u00e4 ja Washingtonissa kirjoitettu tietokirja hakee vastauksia vaikeisiin kysymyksiin pelipaikoilla liikkuen ja sis\u00e4piiril\u00e4isi\u00e4 haastatellen.<\/p>\n<p>\u201dMonessa asiassa Kiina mittaa menestyst\u00e4 eri tavalla kuin L\u00e4nsi, mutta maailman johtoaseman suhteen mittarit ovat selv\u00e4t. Voittajalla on kilpailijaa parempi talous, teknologia, asevoimat, vaikutusvalta ja kansan itsetunto\u201d, Mika Hentunen sanoo.<\/p>\n<p>Ylen Aasian-kirjeenvaihtaja Mika Hentunen ja Kansainv\u00e4lisen pakote- ja vientivalvontaj\u00e4rjest\u00f6n toimitusjohtaja Kristiina Helenius ovat seuranneet suurvaltapolitiikkaa yli 20 vuotta. Hentunen toimi aiemmin kirjeenvaihtajana Washingtonissa. Helenius on ty\u00f6skennellyt Brysselin kirjeenvaihtajana, diplomaattina ja Suomen amerikkalaisen kauppakamarin toimitusjohtajana.<\/p>\n<p>\u201dKesti hetken l\u00f6yt\u00e4\u00e4 hyv\u00e4 ty\u00f6skentelytapa, kun toinen on Washingtonissa ja toinen Pekingiss\u00e4, mutta nyt tuntuu, ett\u00e4 hy\u00f6ty kahdesta n\u00e4k\u00f6kulmasta alkaa toteutua. Viikoittaisten suunnittelupuheluiden aikana oivaltaa aina jotain uutta. Toivomme, ett\u00e4 kirja antaa lukijalle ty\u00f6kaluja ymm\u00e4rt\u00e4\u00e4 Kiinan tavoitteita ja niiden vaikutuksia maailmanpolitiikkaan sek\u00e4 Suomen asemaan muuttuvassa kansainv\u00e4lisess\u00e4 j\u00e4rjestyksess\u00e4\u201d, Kristiina Helenius sanoo.<\/p>\n<p><strong><br \/><\/strong>Kirjan kustantaja Tammi on osa Werner S\u00f6derstr\u00f6m Osakeyhti\u00f6t\u00e4.<\/p>\n","protected":false},"excerpt":{"rendered":"Kiinan maailma \u2013 Tulevaisuuden supervalta ja sen tavoitteet -kirja ilmestyy toukokuussa 2025. Kirjan kustantaja on Tammi. L\u00e4nsimaat haluavat&hellip;\n","protected":false},"author":2,"featured_media":28724,"comment_status":"","ping_status":"","sticky":false,"template":"","format":"standard","meta":{"footnotes":""},"categories":[134],"tags":[377,137,33,31,30,378,32,109],"class_list":{"0":"post-28723","1":"post","2":"type-post","3":"status-publish","4":"format-standard","5":"has-post-thumbnail","7":"category-kirjat","8":"tag-books","9":"tag-entertainment","10":"tag-fi","11":"tag-finland","12":"tag-finnish","13":"tag-kirjat","14":"tag-suomi","15":"tag-viihde"},"share_on_mastodon":{"url":"","error":""},"_links":{"self":[{"href":"https:\/\/www.europesays.com\/fi\/wp-json\/wp\/v2\/posts\/28723","targetHints":{"allow":["GET"]}}],"collection":[{"href":"https:\/\/www.europesays.com\/fi\/wp-json\/wp\/v2\/posts"}],"about":[{"href":"https:\/\/www.europesays.com\/fi\/wp-json\/wp\/v2\/types\/post"}],"author":[{"embeddable":true,"href":"https:\/\/www.europesays.com\/fi\/wp-json\/wp\/v2\/users\/2"}],"replies":[{"embeddable":true,"href":"https:\/\/www.europesays.com\/fi\/wp-json\/wp\/v2\/comments?post=28723"}],"version-history":[{"count":0,"href":"https:\/\/www.europesays.com\/fi\/wp-json\/wp\/v2\/posts\/28723\/revisions"}],"wp:featuredmedia":[{"embeddable":true,"href":"https:\/\/www.europesays.com\/fi\/wp-json\/wp\/v2\/media\/28724"}],"wp:attachment":[{"href":"https:\/\/www.europesays.com\/fi\/wp-json\/wp\/v2\/media?parent=28723"}],"wp:term":[{"taxonomy":"category","embeddable":true,"href":"https:\/\/www.europesays.com\/fi\/wp-json\/wp\/v2\/categories?post=28723"},{"taxonomy":"post_tag","embeddable":true,"href":"https:\/\/www.europesays.com\/fi\/wp-json\/wp\/v2\/tags?post=28723"}],"curies":[{"name":"wp","href":"https:\/\/api.w.org\/{rel}","templated":true}]}}