{"id":287242,"date":"2026-06-27T08:53:14","date_gmt":"2026-06-27T08:53:14","guid":{"rendered":"https:\/\/www.europesays.com\/fi\/287242\/"},"modified":"2026-06-27T08:53:14","modified_gmt":"2026-06-27T08:53:14","slug":"myos-keskusta-vaatii-selvyytta-helsinki-garden-sotkuun-paikalliset","status":"publish","type":"post","link":"https:\/\/www.europesays.com\/fi\/287242\/","title":{"rendered":"My\u00f6s keskusta vaatii selvyytt\u00e4 Helsinki Garden -sotkuun | Paikalliset"},"content":{"rendered":"<p>Keskustan varapuheenjohtaja, kansanedustaja <strong>Markku Siponen<\/strong> vaatii p\u00e4\u00e4ministeri <strong>Petteri Orpon<\/strong> (kok.) selvityst\u00e4 Helsinki Gardenin avustussotkusta.<\/p>\n<p>\u2013 Orpon hallitus on leikannut liikuntapaikkarakentamisen avustukset puoleen (noin 30 miljoonasta eurosta 15 miljoonaan) koko maassa, mutta Helsinki Gardeniin l\u00f6ydet\u00e4\u00e4n samaan aikaan 35 miljoonaa euroa ilman hakemusta ja ilman, ett\u00e4 kukaan kantaa vastuuta asiasta, Siponen kirjoittaa lauantaina aamulla julkaistussa tiedotteessaan.<\/p>\n<p>Siponen vaatii, ett\u00e4 p\u00e4\u00e4ministeri Orpon on annettava selvitys Helsinki Gardenin avustussotkusta.<\/p>\n<p>\t\t\t\t\t<img class=\"diks-card__image\" src=\"https:\/\/www.europesays.com\/fi\/wp-content\/uploads\/2026\/06\/11521401.jpg\"   loading=\"lazy\" decoding=\"sync\" alt=\"\"\/><\/p>\n<p><strong class=\"diks-storyline__impact\">Siponen<\/strong> on itse j\u00e4senen\u00e4 sek\u00e4 eduskunnan sivistysvaliokunnassa ett\u00e4 varaj\u00e4senen\u00e4 valtion liikuntaneuvostossa, jotka normaalisti k\u00e4sittelev\u00e4t liikuntabudjetin ja liikuntapaikkarakentamisen valtionavustukset.<\/p>\n<p>\u2013\u2009Helsinki Garden -hankkeen j\u00e4ttiavustus on viety p\u00e4\u00e4t\u00f6kseen muita reittej\u00e4, joista kukaan ei tunnu tiet\u00e4v\u00e4n mit\u00e4\u00e4n. P\u00e4\u00e4ministeri Orpon on syyt\u00e4 antaa pikaisesti selvitys avustussotkusta, Siponen vaatii.<\/p>\n<p>\u2013\u2009Jokainen voi kuvitella, mit\u00e4 muiden t\u00e4rkeiden liikuntapaikkahankkeiden vet\u00e4j\u00e4t p\u00e4\u00e4kaupunkiseudulla tai muualla Suomessa tilanteesta miettiv\u00e4t, Siponen h\u00e4mm\u00e4stelee tiedotteessaan.<\/p>\n<p>\t\t\t\t\t<img class=\"diks-card__image\" src=\"https:\/\/www.europesays.com\/fi\/wp-content\/uploads\/2026\/06\/11516257.jpg\"   loading=\"lazy\" decoding=\"sync\" alt=\"\"\/><\/p>\n<p><strong class=\"diks-storyline__impact\">Perjantaina <\/strong>kansanedustaja <strong>Hjallis Harkimo<\/strong> (Liike Nyt) teki kirjallisen kysymyksen Helsinki Gardenin rahoituskysymyksist\u00e4, joista Helsingin Uutiset ja Vantaan Sanomat olivat uutisoineet alkuviikosta. My\u00f6s vihreiden kansanedustaja <strong>Saara Hyrkk\u00f6<\/strong> on tehnyt kirjallisen kysymyksen asiasta.<\/p>\n<p>\t\t\t\t\t<img class=\"diks-card__image\" src=\"https:\/\/www.europesays.com\/fi\/wp-content\/uploads\/2026\/06\/11505423.jpg\"   loading=\"lazy\" decoding=\"sync\" alt=\"\"\/><\/p>\n","protected":false},"excerpt":{"rendered":"Keskustan varapuheenjohtaja, kansanedustaja Markku Siponen vaatii p\u00e4\u00e4ministeri Petteri Orpon (kok.) selvityst\u00e4 Helsinki Gardenin avustussotkusta. \u2013 Orpon hallitus on&hellip;\n","protected":false},"author":2,"featured_media":269862,"comment_status":"","ping_status":"","sticky":false,"template":"","format":"standard","meta":{"footnotes":"","_share_on_mastodon":"0"},"categories":[12],"tags":[22,23,26,27,33,31,30,17,104,37165,24,25,28,29,15,18,21,637,888,885,887,32,19,20,16,2360],"class_list":["post-287242","post","type-post","status-publish","format-standard","has-post-thumbnail","category-suomi","tag-breaking-news","tag-breakingnews","tag-featured-news","tag-featurednews","tag-fi","tag-finland","tag-finnish","tag-headlines","tag-helsinki","tag-helsinki-garden","tag-latest-news","tag-latestnews","tag-main-news","tag-mainnews","tag-news","tag-otsikot","tag-paauutiset","tag-politiikka","tag-suomalaiset-poliitikot","tag-suomen-poliittiset-puolueet","tag-suomen-politiikka","tag-suomi","tag-top-stories","tag-topstories","tag-uutiset","tag-vantaan-sanomat"],"share_on_mastodon":{"url":"https:\/\/pubeurope.com\/@fi\/116821229762739612","error":""},"_links":{"self":[{"href":"https:\/\/www.europesays.com\/fi\/wp-json\/wp\/v2\/posts\/287242","targetHints":{"allow":["GET"]}}],"collection":[{"href":"https:\/\/www.europesays.com\/fi\/wp-json\/wp\/v2\/posts"}],"about":[{"href":"https:\/\/www.europesays.com\/fi\/wp-json\/wp\/v2\/types\/post"}],"author":[{"embeddable":true,"href":"https:\/\/www.europesays.com\/fi\/wp-json\/wp\/v2\/users\/2"}],"replies":[{"embeddable":true,"href":"https:\/\/www.europesays.com\/fi\/wp-json\/wp\/v2\/comments?post=287242"}],"version-history":[{"count":0,"href":"https:\/\/www.europesays.com\/fi\/wp-json\/wp\/v2\/posts\/287242\/revisions"}],"wp:featuredmedia":[{"embeddable":true,"href":"https:\/\/www.europesays.com\/fi\/wp-json\/wp\/v2\/media\/269862"}],"wp:attachment":[{"href":"https:\/\/www.europesays.com\/fi\/wp-json\/wp\/v2\/media?parent=287242"}],"wp:term":[{"taxonomy":"category","embeddable":true,"href":"https:\/\/www.europesays.com\/fi\/wp-json\/wp\/v2\/categories?post=287242"},{"taxonomy":"post_tag","embeddable":true,"href":"https:\/\/www.europesays.com\/fi\/wp-json\/wp\/v2\/tags?post=287242"}],"curies":[{"name":"wp","href":"https:\/\/api.w.org\/{rel}","templated":true}]}}