{"id":28725,"date":"2025-09-08T06:21:07","date_gmt":"2025-09-08T06:21:07","guid":{"rendered":"https:\/\/www.europesays.com\/fi\/28725\/"},"modified":"2025-09-08T06:21:07","modified_gmt":"2025-09-08T06:21:07","slug":"illalla-tvssa-leonardo-dicaprio-nayttelee-yhdessa-lapsuudenystavansa-kanssa-loppu-on-jarkyttavien-ja-vakivaltaisten-kaanteiden-suma","status":"publish","type":"post","link":"https:\/\/www.europesays.com\/fi\/28725\/","title":{"rendered":"Illalla tv:ss\u00e4: Leonardo DiCaprio n\u00e4yttelee yhdess\u00e4 lapsuudenyst\u00e4v\u00e4ns\u00e4 kanssa \u2013 &#8221;loppu on j\u00e4rkytt\u00e4vien ja v\u00e4kivaltaisten k\u00e4\u00e4nteiden suma&#8221;"},"content":{"rendered":"<p>Illan tv-tarjonnassa on elokuva The Great Gatsby \u2013 Kultahattu (2013).<\/p>\n<p>Tarina seuraa Wall Streetin meklaria Nick Carrawayta, joka tempautuu mukaan ylt\u00e4kyll\u00e4isyyden ja salaisuuksien maailmaan tutustuessaan salaper\u00e4iseen miljon\u00e4\u00e4riin Jay Gatsbyyn. H\u00e4n on kuuluisa ylellisist\u00e4 juhlistaan Long Islandin loisteliaissa \u00f6iss\u00e4. Nickin l\u00e4sn\u00e4olo saa pinnan alla kyteneet menneisyyden varjot, kielletyt rakkaudet ja loiston s\u00e4r\u00f6t v\u00e4hitellen paljastumaan.<\/p>\n<p>Ohjauksesta vastaa <strong>Baz Luhrmann<\/strong>. N\u00e4yttelij\u00f6in\u00e4 <strong>Leonardo DiCaprio, Tobey Maguire, Carey Mulligan, Joel Edgerton, Elizabeth Debicki, <a href=\"https:\/\/www.episodi.fi\/uutiset\/suuri-puhallus-elokuviin-palaava-isla-fisher-taytti-49-talta-nuorekas-tahti-nayttaa-nyt\/\" rel=\"nofollow noopener\" target=\"_blank\">Isla Fisher<\/a><\/strong> sek\u00e4 <strong>Jason Clarke<\/strong>. DiCaprio ja Maguire ovat tunteneet toisensa lapsuudesta saakka. T\u00e4ss\u00e4 elokuvassa he ovat ensimm\u00e4ist\u00e4 kertaa yhdess\u00e4 Don\u2019s Plum (2001) -leffan j\u00e4lkeen.<\/p>\n<p>Episodi antoi <a href=\"https:\/\/www.episodi.fi\/elokuvat\/the-great-gatsby-kultahattu\/\" rel=\"nofollow noopener\" target=\"_blank\">arvostelussa<\/a> elokuvalle kaksi t\u00e4hte\u00e4:<\/p>\n<p>\u201dKultahattu\u00a0on tragedia, ja sen loppu on j\u00e4rkytt\u00e4vien ja v\u00e4kivaltaisten k\u00e4\u00e4nteiden suma. Luhrmannin elokuvassa hurjimmatkin tapahtumat kuvataan vahvasti estetisoiden. Kaunis pinta et\u00e4\u00e4nnytt\u00e4\u00e4 niin, ettei mik\u00e4\u00e4n lopulta tunnu milt\u00e4\u00e4n.\u201d<\/p>\n<p>Leffa sai kaiken kaikkiaan vaihtelevia arvosteluja. Kriitikkomittari Rotten Tomatoesissa on luvussa 48 ja yleis\u00f6mittari luvussa 67. Huolimatta kriitikoiden melko heikoista arvosteluista, Kultahattu\u00a0on Luhrmannin tuottoisin elokuva, ja se ker\u00e4si maailmanlaajuisesti mukavat 353 miljoonaa dollaria. Oscar-gaalassa elokuva voitti parhaan lavastuksen ja parhaan pukusuunnittelun palkinnot.<\/p>\n<p>Triviana kerrottakoon, ett\u00e4 ensimm\u00e4isen\u00e4 kuvausp\u00e4iv\u00e4n\u00e4 ohjaaja Luhrmann kuvasi kohtauksen, jossa Jay, Nick ja Daisy juovat teet\u00e4 rankkasateisena p\u00e4iv\u00e4n\u00e4. Koska oli kaunis kev\u00e4tp\u00e4iv\u00e4, Luhrmann joutui k\u00e4ytt\u00e4m\u00e4\u00e4n 100 000 litraa vett\u00e4 elokuvassa n\u00e4ht\u00e4v\u00e4n kaatosateen aikaansaamiseksi. Heti sen j\u00e4lkeen satoi seuraavat kolme p\u00e4iv\u00e4\u00e4.<\/p>\n<p>Elokuva on my\u00f6s Prime Videossa. Alla traileri.<\/p>\n<ul class=\"wp-block-list\">\n<li>Ma 8.9.2025 klo 23.20, TV5<\/li>\n<\/ul>\n<p>Lue my\u00f6s: <a href=\"https:\/\/www.episodi.fi\/uutiset\/giorgo-armani-on-kuollut-tiesitko-etta-muoti-ikonin-pukuja-kaytettiin-yon-ritarissa-ja-tarantinon-sotaelokuvassa\/\" title=\"Giorgo Armani on kuollut \u2013 Tiesitk\u00f6 ett\u00e4 muoti-ikonin pukuja k\u00e4ytettiin Y\u00f6n ritarissa ja Tarantinon sotaelokuvassa?\" class=\"underline-custom !font-montserrat !font-bold !underline-offset-4 !decoration-4 !decoration-episodi-blue !text-md\" rel=\"nofollow noopener\" target=\"_blank\">Giorgo Armani on kuollut \u2013 Tiesitk\u00f6 ett\u00e4 muoti-ikonin pukuja k\u00e4ytettiin Y\u00f6n ritarissa ja Tarantinon sotaelokuvassa?<\/a><\/p>\n<p>Lue my\u00f6s: <a href=\"https:\/\/www.episodi.fi\/uutiset\/nyt-netflixissa-kulttiohjaajan-ruudinkaryinen-lankkari-tahtikaarti-on-paata-huimaava\/\" title=\"Nyt Netflixiss\u00e4: Kulttiohjaajan ruudink\u00e4ryinen l\u00e4nkk\u00e4ri \u2013 t\u00e4htikaarti on p\u00e4\u00e4t\u00e4 huimaava!\" class=\"underline-custom !font-montserrat !font-bold !underline-offset-4 !decoration-4 !decoration-episodi-blue !text-md\" rel=\"nofollow noopener\" target=\"_blank\">Nyt Netflixiss\u00e4: Kulttiohjaajan ruudink\u00e4ryinen l\u00e4nkk\u00e4ri \u2013 t\u00e4htikaarti on p\u00e4\u00e4t\u00e4 huimaava!<\/a><\/p>\n<p>Lue my\u00f6s: <a href=\"https:\/\/www.episodi.fi\/uutiset\/quentin-tarantino-paljasti-miksi-ei-ohjaa-menestyselokuvansa-jatko-osaa-itse\/\" title=\"Quentin Tarantino paljasti miksi ei ohjaa menestyselokuvansa jatko-osaa\" class=\"underline-custom !font-montserrat !font-bold !underline-offset-4 !decoration-4 !decoration-episodi-blue !text-md\" rel=\"nofollow noopener\" target=\"_blank\">Quentin Tarantino paljasti miksi ei ohjaa menestyselokuvansa jatko-osaa<\/a><\/p>\n<p>Lue my\u00f6s: <a href=\"https:\/\/www.episodi.fi\/uutiset\/hollywood-legenda-halusi-esittaa-pornotahtea-kasittamaton-vaarinymmarrys-vesitti-yhteistyon-mestariohjaajan-kanssa\/\" title=\"Hollywood-legenda halusi esitt\u00e4\u00e4 pornot\u00e4hte\u00e4 \u2013 k\u00e4sitt\u00e4m\u00e4t\u00f6n v\u00e4\u00e4rinymm\u00e4rrys vesitti yhteisty\u00f6n mestariohjaajan kanssa\" class=\"underline-custom !font-montserrat !font-bold !underline-offset-4 !decoration-4 !decoration-episodi-blue !text-md\" rel=\"nofollow noopener\" target=\"_blank\">Hollywood-legenda halusi esitt\u00e4\u00e4 pornot\u00e4hte\u00e4 \u2013 k\u00e4sitt\u00e4m\u00e4t\u00f6n v\u00e4\u00e4rinymm\u00e4rrys vesitti yhteisty\u00f6n mestariohjaajan kanssa<\/a><\/p>\n<p><img loading=\"lazy\" decoding=\"async\" alt=\"YouTube video\" width=\"480\" height=\"360\" data-pin-nopin=\"true\" nopin=\"nopin\" class=\"perfmatters-lazy\" src=\"https:\/\/www.europesays.com\/fi\/wp-content\/uploads\/2025\/09\/1757312467_865_hqdefault.jpg\"\/><\/p>\n<p>L\u00e4hde: <a href=\"https:\/\/www.imdb.com\/title\/tt1343092\/trivia\/?ref_=tt_ql_3\" target=\"_blank\" rel=\"noopener nofollow\">IMDb<\/a><\/p>\n<p>Lue my\u00f6s: <a href=\"https:\/\/www.episodi.fi\/uutiskirje\/?uutiskirjemainos=tekstilinkkimainos\" title=\"Tilaa Episodin uutiskirje ja voit voittaa leffalippuja! Nappaa tv-vinkit suoraan s\u00e4hk\u00f6postiin t\u00e4st\u00e4.\" class=\"underline-custom !font-montserrat !font-bold !underline-offset-4 !decoration-4 !decoration-episodi-blue !text-md\" rel=\"nofollow noopener\" target=\"_blank\">Tilaa Episodin uutiskirje ja voit voittaa leffalippuja! Nappaa katseluvinkit suoraan s\u00e4hk\u00f6postiin t\u00e4st\u00e4.<\/a><\/p>\n","protected":false},"excerpt":{"rendered":"Illan tv-tarjonnassa on elokuva The Great Gatsby \u2013 Kultahattu (2013). Tarina seuraa Wall Streetin meklaria Nick Carrawayta, joka&hellip;\n","protected":false},"author":2,"featured_media":28726,"comment_status":"","ping_status":"","sticky":false,"template":"","format":"standard","meta":{"footnotes":""},"categories":[133],"tags":[137,33,31,30,32,206,139,156,109],"class_list":{"0":"post-28725","1":"post","2":"type-post","3":"status-publish","4":"format-standard","5":"has-post-thumbnail","7":"category-televisiot","8":"tag-entertainment","9":"tag-fi","10":"tag-finland","11":"tag-finnish","12":"tag-suomi","13":"tag-televisiot","14":"tag-tv-ohjelmat","15":"tag-tv","16":"tag-viihde"},"share_on_mastodon":{"url":"","error":""},"_links":{"self":[{"href":"https:\/\/www.europesays.com\/fi\/wp-json\/wp\/v2\/posts\/28725","targetHints":{"allow":["GET"]}}],"collection":[{"href":"https:\/\/www.europesays.com\/fi\/wp-json\/wp\/v2\/posts"}],"about":[{"href":"https:\/\/www.europesays.com\/fi\/wp-json\/wp\/v2\/types\/post"}],"author":[{"embeddable":true,"href":"https:\/\/www.europesays.com\/fi\/wp-json\/wp\/v2\/users\/2"}],"replies":[{"embeddable":true,"href":"https:\/\/www.europesays.com\/fi\/wp-json\/wp\/v2\/comments?post=28725"}],"version-history":[{"count":0,"href":"https:\/\/www.europesays.com\/fi\/wp-json\/wp\/v2\/posts\/28725\/revisions"}],"wp:featuredmedia":[{"embeddable":true,"href":"https:\/\/www.europesays.com\/fi\/wp-json\/wp\/v2\/media\/28726"}],"wp:attachment":[{"href":"https:\/\/www.europesays.com\/fi\/wp-json\/wp\/v2\/media?parent=28725"}],"wp:term":[{"taxonomy":"category","embeddable":true,"href":"https:\/\/www.europesays.com\/fi\/wp-json\/wp\/v2\/categories?post=28725"},{"taxonomy":"post_tag","embeddable":true,"href":"https:\/\/www.europesays.com\/fi\/wp-json\/wp\/v2\/tags?post=28725"}],"curies":[{"name":"wp","href":"https:\/\/api.w.org\/{rel}","templated":true}]}}