{"id":287671,"date":"2026-06-27T21:19:14","date_gmt":"2026-06-27T21:19:14","guid":{"rendered":"https:\/\/www.europesays.com\/fi\/287671\/"},"modified":"2026-06-27T21:19:14","modified_gmt":"2026-06-27T21:19:14","slug":"hizbollahin-johtaja-tuomitsee-libanonin-israelin-ja-yhdysvaltojen-solmiman-aiesopimuksen","status":"publish","type":"post","link":"https:\/\/www.europesays.com\/fi\/287671\/","title":{"rendered":"Hizbollahin johtaja tuomitsee Libanonin, Israelin ja Yhdysvaltojen solmiman aiesopimuksen"},"content":{"rendered":"<p>\n\tSTT\t27.6.2026 16:45, muokattu<br \/>\n\t27.6.2026 17:09\n<\/p>\n<p>\t\t\t\t\t\t\t\t\tL\u00e4hi-it\u00e4<\/p>\n<p class=\"wp-block-paragraph\">\u00c4\u00e4rij\u00e4rjest\u00f6 Hizbollahin johtaja <strong>Naim Qassem<\/strong> tuomitsee Libanonin, Israelin ja Yhdysvaltojen solmiman kolmikantaisen aiesopimuksen, jonka on m\u00e4\u00e4r\u00e4 toimia pohjana varsinaiselle rauhansopimukselle. Yhdysvaltojen ulkoministeri Marco Rubio ilmoitti sopimuksen solmimisesta my\u00f6h\u00e4\u00e4n eilen Suomen aikaa.<\/p>\n<p class=\"wp-block-paragraph\">Qassem kutsuu aiesopimusta n\u00f6yryytt\u00e4v\u00e4ksi ja h\u00e4pe\u00e4lliseksi. H\u00e4nen mukaansa sopimus on mit\u00e4t\u00f6n.<\/p>\n<p class=\"wp-block-paragraph\">Hizbollah-johtaja syytt\u00e4\u00e4 lausunnossaan Libanonin viranomaisia Israelin miehityksen laillistamisesta aiesopimuksella, jota h\u00e4n kutsuu vakavaksi virheeksi.<\/p>\n","protected":false},"excerpt":{"rendered":"STT 27.6.2026 16:45, muokattu 27.6.2026 17:09 L\u00e4hi-it\u00e4 \u00c4\u00e4rij\u00e4rjest\u00f6 Hizbollahin johtaja Naim Qassem tuomitsee Libanonin, Israelin ja Yhdysvaltojen solmiman&hellip;\n","protected":false},"author":2,"featured_media":287672,"comment_status":"","ping_status":"","sticky":false,"template":"","format":"standard","meta":{"footnotes":"","_share_on_mastodon":"0"},"categories":[5],"tags":[22,23,26,27,33,31,30,17,3574,993,992,24,25,3572,28,29,15,18,21,32,19,20,56,16,619],"class_list":["post-287671","post","type-post","status-publish","format-standard","has-post-thumbnail","category-otsikot","tag-breaking-news","tag-breakingnews","tag-featured-news","tag-featurednews","tag-fi","tag-finland","tag-finnish","tag-headlines","tag-hizbollah","tag-israel","tag-lahi-ita","tag-latest-news","tag-latestnews","tag-libanon","tag-main-news","tag-mainnews","tag-news","tag-otsikot","tag-paauutiset","tag-suomi","tag-top-stories","tag-topstories","tag-ulkomaat","tag-uutiset","tag-yhdysvallat"],"share_on_mastodon":{"url":"https:\/\/pubeurope.com\/@fi\/116824163366516572","error":""},"_links":{"self":[{"href":"https:\/\/www.europesays.com\/fi\/wp-json\/wp\/v2\/posts\/287671","targetHints":{"allow":["GET"]}}],"collection":[{"href":"https:\/\/www.europesays.com\/fi\/wp-json\/wp\/v2\/posts"}],"about":[{"href":"https:\/\/www.europesays.com\/fi\/wp-json\/wp\/v2\/types\/post"}],"author":[{"embeddable":true,"href":"https:\/\/www.europesays.com\/fi\/wp-json\/wp\/v2\/users\/2"}],"replies":[{"embeddable":true,"href":"https:\/\/www.europesays.com\/fi\/wp-json\/wp\/v2\/comments?post=287671"}],"version-history":[{"count":0,"href":"https:\/\/www.europesays.com\/fi\/wp-json\/wp\/v2\/posts\/287671\/revisions"}],"wp:featuredmedia":[{"embeddable":true,"href":"https:\/\/www.europesays.com\/fi\/wp-json\/wp\/v2\/media\/287672"}],"wp:attachment":[{"href":"https:\/\/www.europesays.com\/fi\/wp-json\/wp\/v2\/media?parent=287671"}],"wp:term":[{"taxonomy":"category","embeddable":true,"href":"https:\/\/www.europesays.com\/fi\/wp-json\/wp\/v2\/categories?post=287671"},{"taxonomy":"post_tag","embeddable":true,"href":"https:\/\/www.europesays.com\/fi\/wp-json\/wp\/v2\/tags?post=287671"}],"curies":[{"name":"wp","href":"https:\/\/api.w.org\/{rel}","templated":true}]}}