{"id":287815,"date":"2026-06-28T02:34:16","date_gmt":"2026-06-28T02:34:16","guid":{"rendered":"https:\/\/www.europesays.com\/fi\/287815\/"},"modified":"2026-06-28T02:34:16","modified_gmt":"2026-06-28T02:34:16","slug":"lauantain-lukuvinkit-tahko-mtbn-tunnelmia-jattikuvasarjassa-kups-murskasi-hjkn-ja-nain-puretaan-huoltoasema-maan-tasalle-savo","status":"publish","type":"post","link":"https:\/\/www.europesays.com\/fi\/287815\/","title":{"rendered":"Lauantain lukuvinkit | Tahko MTB:n tunnelmia j\u00e4ttikuvasarjassa, KuPS murskasi HJK:n ja N\u00e4in puretaan huoltoasema maan tasalle | Savo"},"content":{"rendered":"<p>Savon Sanomat julkaisee iltaisin koosteen p\u00e4iv\u00e4n kiinnostavimmista artikkeleista.<\/p>\n<p>Lue ainakin n\u00e4m\u00e4 jutut lauantailta.<\/p>\n<p>\t\t\t\tTahko MTB:n tunnelmia j\u00e4ttikuvasarjassa<\/p>\n<p>Tahko MTB ker\u00e4si maastopy\u00f6r\u00e4ilyn yst\u00e4v\u00e4t j\u00e4lleen t\u00e4n\u00e4kin vuonna tuttuihin vaativiin maisemiin..<\/p>\n<p>\t\t\t\t\t<img class=\"diks-card__image\" src=\"https:\/\/www.europesays.com\/fi\/wp-content\/uploads\/2026\/06\/11527720.jpg\"   loading=\"lazy\" decoding=\"sync\" alt=\"\"\/><\/p>\n<p>\t\t\t\tN\u00e4in puretaan huoltoasema maan tasalle<\/p>\n<p>Seurasimme k\u00e4ynniss\u00e4 olevia purkut\u00f6it\u00e4 Siilinj\u00e4rven Abc:ll\u00e4.<\/p>\n<p>\t\t\t\t\t<img class=\"diks-card__image\" src=\"https:\/\/www.europesays.com\/fi\/wp-content\/uploads\/2026\/06\/11516687.jpg\"   loading=\"lazy\" decoding=\"sync\" alt=\"\"\/><\/p>\n<p>\t\t\t\tToimittaja kohtasi saalistajan Kuopion y\u00f6ss\u00e4<\/p>\n<p>Savon Sanomien toimittaja bongasi my\u00f6h\u00e4\u00e4n perjantai-iltana juuri saalista saaneen ketun.<\/p>\n<p>\t\t\t\t\t<img class=\"diks-card__image\" src=\"https:\/\/www.europesays.com\/fi\/wp-content\/uploads\/2026\/06\/11527776.jpg\"   loading=\"lazy\" decoding=\"sync\" alt=\"\"\/><\/p>\n<p>\t\t\t\tKuPS murskasi HJK:n<\/p>\n<p>Savolaiset hakivat Helsingist\u00e4 vierasry\u00f6st\u00f6n per\u00e4ti maalein 4\u20130 (1\u20130)<\/p>\n<p>\t\t\t\t\t<img class=\"diks-card__image\" src=\"https:\/\/www.europesays.com\/fi\/wp-content\/uploads\/2026\/06\/1782614055_819_11528579.jpg\"   loading=\"lazy\" decoding=\"sync\" alt=\"\"\/><\/p>\n<p>\t\t\t\tNylon Beat sai ys\u00e4rihitit raikaamaan Kuopion y\u00f6ss\u00e4<\/p>\n<p>Nylon Beat avasi 30-vuotisjuhlakiertueensa komeasti Kuopion Viinijuhlilla perjantaina. Yleis\u00f6ss\u00e4 vilkkuivat pinkit ja vihre\u00e4t neonv\u00e4rit kun ys\u00e4rinuoret ja monet muut hullaantuivat nostalgiasta.<\/p>\n<p>\t\t\t\t\t<img class=\"diks-card__image\" src=\"https:\/\/www.europesays.com\/fi\/wp-content\/uploads\/2026\/06\/11527591.jpg\"   loading=\"lazy\" decoding=\"sync\" alt=\"\"\/><\/p>\n","protected":false},"excerpt":{"rendered":"Savon Sanomat julkaisee iltaisin koosteen p\u00e4iv\u00e4n kiinnostavimmista artikkeleista. Lue ainakin n\u00e4m\u00e4 jutut lauantailta. Tahko MTB:n tunnelmia j\u00e4ttikuvasarjassa Tahko&hellip;\n","protected":false},"author":2,"featured_media":287816,"comment_status":"","ping_status":"","sticky":false,"template":"","format":"standard","meta":{"footnotes":"","_share_on_mastodon":"0"},"categories":[158],"tags":[33,31,30,20333,4892,1132,121,990,837,159,32,160],"class_list":["post-287815","post","type-post","status-publish","format-standard","has-post-thumbnail","category-urheilu","tag-fi","tag-finland","tag-finnish","tag-iisalmen-kaupunki","tag-iisalmi","tag-kuopio","tag-liikenne-ja-kuljetus","tag-liikenneonnettomuudet","tag-onnettomuudet","tag-sports","tag-suomi","tag-urheilu"],"share_on_mastodon":{"url":"https:\/\/pubeurope.com\/@fi\/116825402599334798","error":""},"_links":{"self":[{"href":"https:\/\/www.europesays.com\/fi\/wp-json\/wp\/v2\/posts\/287815","targetHints":{"allow":["GET"]}}],"collection":[{"href":"https:\/\/www.europesays.com\/fi\/wp-json\/wp\/v2\/posts"}],"about":[{"href":"https:\/\/www.europesays.com\/fi\/wp-json\/wp\/v2\/types\/post"}],"author":[{"embeddable":true,"href":"https:\/\/www.europesays.com\/fi\/wp-json\/wp\/v2\/users\/2"}],"replies":[{"embeddable":true,"href":"https:\/\/www.europesays.com\/fi\/wp-json\/wp\/v2\/comments?post=287815"}],"version-history":[{"count":0,"href":"https:\/\/www.europesays.com\/fi\/wp-json\/wp\/v2\/posts\/287815\/revisions"}],"wp:featuredmedia":[{"embeddable":true,"href":"https:\/\/www.europesays.com\/fi\/wp-json\/wp\/v2\/media\/287816"}],"wp:attachment":[{"href":"https:\/\/www.europesays.com\/fi\/wp-json\/wp\/v2\/media?parent=287815"}],"wp:term":[{"taxonomy":"category","embeddable":true,"href":"https:\/\/www.europesays.com\/fi\/wp-json\/wp\/v2\/categories?post=287815"},{"taxonomy":"post_tag","embeddable":true,"href":"https:\/\/www.europesays.com\/fi\/wp-json\/wp\/v2\/tags?post=287815"}],"curies":[{"name":"wp","href":"https:\/\/api.w.org\/{rel}","templated":true}]}}