{"id":287852,"date":"2026-06-28T03:36:15","date_gmt":"2026-06-28T03:36:15","guid":{"rendered":"https:\/\/www.europesays.com\/fi\/287852\/"},"modified":"2026-06-28T03:36:15","modified_gmt":"2026-06-28T03:36:15","slug":"hizbollah-aiesopimuksen-paneminen-toimeen-johtaa-sisallissotaan","status":"publish","type":"post","link":"https:\/\/www.europesays.com\/fi\/287852\/","title":{"rendered":"Hizbollah: Aiesopimuksen paneminen toimeen johtaa sis\u00e4llissotaan"},"content":{"rendered":"<p>\n\tSTT\t27.6.2026 7:51, muokattu<br \/>\n\t27.6.2026 10:26\n<\/p>\n<p>\t\t\t\t\t\t\t\t\tL\u00e4hi-it\u00e4<\/p>\n<p class=\"wp-block-paragraph\">\u00c4\u00e4rij\u00e4rjest\u00f6 Hizbollahin edustajan mukaan Libanon ei pysty panemaan toimeen Yhdysvalloissa t\u00e4n\u00e4\u00e4n sovittua aiesopimusta muuten kuin aloittamalla sis\u00e4llissodan.<\/p>\n<p class=\"wp-block-paragraph\">Hizbollahin mukaan Yhdysvalloissa tehdyll\u00e4 sopimuksella pyrit\u00e4\u00e4n ainoastaan h\u00e4iritsem\u00e4\u00e4n Iranin ja Yhdysvaltojen neuvotteluprosessia, koska ilman Hizbollahin hyv\u00e4ksynt\u00e4\u00e4 aiesopimusta ei voida vied\u00e4 eteenp\u00e4in.<\/p>\n<p class=\"wp-block-paragraph\">Libanon, Israel ja Yhdysvallat solmivat t\u00e4n\u00e4\u00e4n Yhdysvalloissa kolmikantaisen aiesopimuksen, jonka on m\u00e4\u00e4r\u00e4 toimia pohjana varsinaiselle rauhansopimukselle.<\/p>\n<p class=\"wp-block-paragraph\">J\u00e4rjestyksess\u00e4\u00e4n viidennen neuvottelukierroksen oli m\u00e4\u00e4r\u00e4 p\u00e4\u00e4tty\u00e4 jo eilen Yhdysvaltain aikaa, mutta neuvotteluja jatkettiin t\u00e4n\u00e4\u00e4n.<\/p>\n","protected":false},"excerpt":{"rendered":"STT 27.6.2026 7:51, muokattu 27.6.2026 10:26 L\u00e4hi-it\u00e4 \u00c4\u00e4rij\u00e4rjest\u00f6 Hizbollahin edustajan mukaan Libanon ei pysty panemaan toimeen Yhdysvalloissa t\u00e4n\u00e4\u00e4n&hellip;\n","protected":false},"author":2,"featured_media":287853,"comment_status":"","ping_status":"","sticky":false,"template":"","format":"standard","meta":{"footnotes":"","_share_on_mastodon":"0"},"categories":[5],"tags":[22,23,26,27,33,31,30,17,3574,993,992,24,25,3572,28,29,15,18,21,32,19,20,56,16,619],"class_list":["post-287852","post","type-post","status-publish","format-standard","has-post-thumbnail","category-otsikot","tag-breaking-news","tag-breakingnews","tag-featured-news","tag-featurednews","tag-fi","tag-finland","tag-finnish","tag-headlines","tag-hizbollah","tag-israel","tag-lahi-ita","tag-latest-news","tag-latestnews","tag-libanon","tag-main-news","tag-mainnews","tag-news","tag-otsikot","tag-paauutiset","tag-suomi","tag-top-stories","tag-topstories","tag-ulkomaat","tag-uutiset","tag-yhdysvallat"],"share_on_mastodon":{"url":"https:\/\/pubeurope.com\/@fi\/116825645701422936","error":""},"_links":{"self":[{"href":"https:\/\/www.europesays.com\/fi\/wp-json\/wp\/v2\/posts\/287852","targetHints":{"allow":["GET"]}}],"collection":[{"href":"https:\/\/www.europesays.com\/fi\/wp-json\/wp\/v2\/posts"}],"about":[{"href":"https:\/\/www.europesays.com\/fi\/wp-json\/wp\/v2\/types\/post"}],"author":[{"embeddable":true,"href":"https:\/\/www.europesays.com\/fi\/wp-json\/wp\/v2\/users\/2"}],"replies":[{"embeddable":true,"href":"https:\/\/www.europesays.com\/fi\/wp-json\/wp\/v2\/comments?post=287852"}],"version-history":[{"count":0,"href":"https:\/\/www.europesays.com\/fi\/wp-json\/wp\/v2\/posts\/287852\/revisions"}],"wp:featuredmedia":[{"embeddable":true,"href":"https:\/\/www.europesays.com\/fi\/wp-json\/wp\/v2\/media\/287853"}],"wp:attachment":[{"href":"https:\/\/www.europesays.com\/fi\/wp-json\/wp\/v2\/media?parent=287852"}],"wp:term":[{"taxonomy":"category","embeddable":true,"href":"https:\/\/www.europesays.com\/fi\/wp-json\/wp\/v2\/categories?post=287852"},{"taxonomy":"post_tag","embeddable":true,"href":"https:\/\/www.europesays.com\/fi\/wp-json\/wp\/v2\/tags?post=287852"}],"curies":[{"name":"wp","href":"https:\/\/api.w.org\/{rel}","templated":true}]}}