{"id":288277,"date":"2026-06-28T17:27:11","date_gmt":"2026-06-28T17:27:11","guid":{"rendered":"https:\/\/www.europesays.com\/fi\/288277\/"},"modified":"2026-06-28T17:27:11","modified_gmt":"2026-06-28T17:27:11","slug":"kateissa-ollut-mies-loytyi-hukkuneena-kirkkonummella-uutisia-lyhyesti","status":"publish","type":"post","link":"https:\/\/www.europesays.com\/fi\/288277\/","title":{"rendered":"Kateissa ollut mies l\u00f6ytyi hukkuneena Kirkkonummella | Uutisia lyhyesti"},"content":{"rendered":"<p class=\"aw__sc-1qwuw0s-0 aw__sc-ngllmo-0 epAWpq fzYpjk yle__article__paragraph\">Kateissa ollut alle 30-vuotias mies l\u00f6ytyi hukkuneena sunnuntaina Kirkkonummella, <a class=\"aw__sc-ngllmo-1 bTDnwX yle__article__link\" href=\"https:\/\/poliisi.fi\/-\/kirkkonummen-vesietsinnoissa-loytyi-kuollut-henkilo\" role=\"link\" rel=\"nofollow noopener\" target=\"_blank\">tiedottaa L\u00e4nsi-Uudenmaan poliisi<\/a>.<\/p>\n<p class=\"aw__sc-1qwuw0s-0 aw__sc-ngllmo-0 epAWpq fzYpjk yle__article__paragraph\">Poliisi <a class=\"aw__sc-ngllmo-1 bTDnwX yle__article__link\" href=\"https:\/\/poliisi.fi\/-\/poliisi-tekee-vesietsintoja-kirkkonummen-morsfjardenissa\" role=\"link\" rel=\"nofollow noopener\" target=\"_blank\">tiedotti aiemmin vesietsinn\u00f6ist\u00e4<\/a> Morsfj\u00e4rdeniss\u00e4.<\/p>\n<p class=\"aw__sc-1qwuw0s-0 aw__sc-ngllmo-0 epAWpq fzYpjk yle__article__paragraph\">Mies oli ollut liikkeell\u00e4 soutuveneell\u00e4 lauantain ja sunnuntain v\u00e4lisen\u00e4 y\u00f6n\u00e4 ja soutuvene l\u00f6ytyi tyhj\u00e4n\u00e4 sunnuntaina aamup\u00e4iv\u00e4ll\u00e4.<\/p>\n<p class=\"aw__sc-1qwuw0s-0 aw__sc-ngllmo-0 epAWpq fzYpjk yle__article__paragraph\">Sunnuntaina etsint\u00f6jen alkamisen j\u00e4lkeen rajavartiolaitoksen helikopteri teki havainnon hukkuneesta henkil\u00f6st\u00e4<\/p>\n<p class=\"aw__sc-1qwuw0s-0 aw__sc-ngllmo-0 epAWpq fzYpjk yle__article__paragraph\">Poliisi kertoo tiedottavansa tapauksesta lis\u00e4\u00e4 tarvittaessa aikaisintaan maanantaina.<\/p>\n","protected":false},"excerpt":{"rendered":"Kateissa ollut alle 30-vuotias mies l\u00f6ytyi hukkuneena sunnuntaina Kirkkonummella, tiedottaa L\u00e4nsi-Uudenmaan poliisi. Poliisi tiedotti aiemmin vesietsinn\u00f6ist\u00e4 Morsfj\u00e4rdeniss\u00e4. Mies&hellip;\n","protected":false},"author":2,"featured_media":288278,"comment_status":"","ping_status":"","sticky":false,"template":"","format":"standard","meta":{"footnotes":"","_share_on_mastodon":"0"},"categories":[12],"tags":[22,23,26,27,33,31,30,17,840,3349,71,24,25,28,29,15,837,18,21,32,19,20,1168,16],"class_list":["post-288277","post","type-post","status-publish","format-standard","has-post-thumbnail","category-suomi","tag-breaking-news","tag-breakingnews","tag-featured-news","tag-featurednews","tag-fi","tag-finland","tag-finnish","tag-headlines","tag-hukkuminen","tag-kirkkonummi","tag-kotimaa","tag-latest-news","tag-latestnews","tag-main-news","tag-mainnews","tag-news","tag-onnettomuudet","tag-otsikot","tag-paauutiset","tag-suomi","tag-top-stories","tag-topstories","tag-uusimaa","tag-uutiset"],"share_on_mastodon":{"url":"https:\/\/pubeurope.com\/@fi\/116828913514503558","error":""},"_links":{"self":[{"href":"https:\/\/www.europesays.com\/fi\/wp-json\/wp\/v2\/posts\/288277","targetHints":{"allow":["GET"]}}],"collection":[{"href":"https:\/\/www.europesays.com\/fi\/wp-json\/wp\/v2\/posts"}],"about":[{"href":"https:\/\/www.europesays.com\/fi\/wp-json\/wp\/v2\/types\/post"}],"author":[{"embeddable":true,"href":"https:\/\/www.europesays.com\/fi\/wp-json\/wp\/v2\/users\/2"}],"replies":[{"embeddable":true,"href":"https:\/\/www.europesays.com\/fi\/wp-json\/wp\/v2\/comments?post=288277"}],"version-history":[{"count":0,"href":"https:\/\/www.europesays.com\/fi\/wp-json\/wp\/v2\/posts\/288277\/revisions"}],"wp:featuredmedia":[{"embeddable":true,"href":"https:\/\/www.europesays.com\/fi\/wp-json\/wp\/v2\/media\/288278"}],"wp:attachment":[{"href":"https:\/\/www.europesays.com\/fi\/wp-json\/wp\/v2\/media?parent=288277"}],"wp:term":[{"taxonomy":"category","embeddable":true,"href":"https:\/\/www.europesays.com\/fi\/wp-json\/wp\/v2\/categories?post=288277"},{"taxonomy":"post_tag","embeddable":true,"href":"https:\/\/www.europesays.com\/fi\/wp-json\/wp\/v2\/tags?post=288277"}],"curies":[{"name":"wp","href":"https:\/\/api.w.org\/{rel}","templated":true}]}}