{"id":288281,"date":"2026-06-28T17:42:15","date_gmt":"2026-06-28T17:42:15","guid":{"rendered":"https:\/\/www.europesays.com\/fi\/288281\/"},"modified":"2026-06-28T17:42:15","modified_gmt":"2026-06-28T17:42:15","slug":"tampereen-historiallinen-asuinalue-hautautuu-graffiteihin-asukkaat-kokeilevat-sinnikkaasti-eri-vaihtoehtoja-kotimaa","status":"publish","type":"post","link":"https:\/\/www.europesays.com\/fi\/288281\/","title":{"rendered":"Tampereen historiallinen asuinalue hautautuu graffiteihin \u2013 asukkaat kokeilevat sinnikk\u00e4\u00e4sti eri vaihtoehtoja | Kotimaa"},"content":{"rendered":"<p class=\"aw__sc-1qwuw0s-0 aw__sc-1vg2sqm-0 epAWpq ecELkD yle__article__paragraph\">Tampereen Pispalassa laitetaan uusi vaihde silm\u00e4\u00e4n: alueelle maalataan kes\u00e4n aikana useita katu\u00adtaideteoksia, joiden toivotaan v\u00e4hent\u00e4v\u00e4n luvattomia graffiteja.<\/p>\n<p><img decoding=\"async\" alt=\"Mies kurkistaa aidan yli.\" src=\"https:\/\/www.europesays.com\/fi\/wp-content\/uploads\/2026\/06\/1782130193.jpeg\" class=\"aw__sc-dklauk-0 LPzKX\"\/><\/p>\n<p>Avaa kuvien katselu<\/p>\n<p>Pispala Pispalassa. Alueella asuva Ville Erola seuraa, miten taideopiskelija Heidi Hallio maalaa harjumaisemaa esitt\u00e4v\u00e4\u00e4 pitk\u00e4\u00e4 muraalia aitaan. Kuva: Antti Eintola \/ Yle<\/p>\n<ul class=\"aw__sc-1yb43iq-0 gFXHv yle__article__list yle__article__list--ul\">\n<li class=\"aw__sc-1yb43iq-1 gVAzbt\">Tampereen Pispalassa kokeillaan luvallista katutaidetta ratkaisuna graffiti-t\u00f6hryihin. Asukkaat ovat v\u00e4syneet peittelem\u00e4\u00e4n tageja talojensa seinist\u00e4.<\/li>\n<li class=\"aw__sc-1yb43iq-1 gVAzbt\">Kes\u00e4n aikana alueelle syntyy useita teoksia. Ahjolan Setlementti -yhdistyksen sein\u00e4\u00e4n tulee vaihtuvia graffiteja joka kuukausi.<\/li>\n<li class=\"aw__sc-1yb43iq-1 gVAzbt\">Asunto-osakeyhti\u00f6n aitaan maalataan Pispalan maisemaa. Toiveena on, ett\u00e4 luvallinen taide s\u00e4\u00e4styy t\u00f6hryilt\u00e4.<\/li>\n<li class=\"aw__sc-1yb43iq-1 gVAzbt\">Viime vuonna Tampereelle tehdyist\u00e4 100 julkisesta katutaideteoksesta suurin osa on saanut olla rauhassa.<\/li>\n<\/ul>\n<p class=\"aw__sc-1qwuw0s-0 aw__sc-ngllmo-0 epAWpq fzYpjk yle__article__paragraph\">Tampereen Pispalassa kokeillaan luvallisen katutaiteen voimaa t\u00f6hryjen hillitsemiseksi.<\/p>\n<p class=\"aw__sc-1qwuw0s-0 aw__sc-ngllmo-0 epAWpq fzYpjk yle__article__paragraph\">Historiallisen ty\u00f6l\u00e4iskaupunginosan aitoja ja talojen seini\u00e4 on jo vuosia sotkettu erilaisilla tageilla. Tilanne on \u00e4itynyt niin pahaksi, ett\u00e4 sen n\u00e4hd\u00e4\u00e4n vaikuttavan jo negatiivisesti ainutlaatuisen asuinalueen <a class=\"aw__sc-ngllmo-1 bTDnwX yle__article__link\" href=\"https:\/\/yle.fi\/a\/74-20158838\" role=\"link\" rel=\"nofollow noopener\" target=\"_blank\">asuntokauppaan<\/a>.<\/p>\n<p class=\"aw__sc-1qwuw0s-0 aw__sc-ngllmo-0 epAWpq fzYpjk yle__article__paragraph\">My\u00f6s Pispalasta N\u00e4sij\u00e4rven rantaan viev\u00e4 ylikulkusilta on jouduttu <a class=\"aw__sc-ngllmo-1 bTDnwX yle__article__link\" href=\"https:\/\/yle.fi\/a\/74-20225751\" role=\"link\" rel=\"nofollow noopener\" target=\"_blank\">sulkemaan y\u00f6ajaksi<\/a> t\u00f6hrimisen ja ilkivallan takia.<\/p>\n<p class=\"aw__sc-1qwuw0s-0 aw__sc-ngllmo-0 epAWpq fzYpjk yle__article__paragraph\">Nyt asukkaat, taiteilijat ja katutaidetta v\u00e4litt\u00e4v\u00e4 yritys Next Level Street Art testaavat, josko t\u00e4m\u00e4n kes\u00e4n aikana Pispalaan syntyv\u00e4t useat katutaideteokset saisivat olla rauhassa tagien tekij\u00f6ilt\u00e4.<\/p>\n<p class=\"aw__sc-1qwuw0s-0 aw__sc-ngllmo-0 epAWpq fzYpjk yle__article__paragraph\"><strong class=\"aw__sc-ngllmo-2 gdRrun yle__article__strong\">Kuvagallerian kuvia klikkaamalla n\u00e4et, millaisia tageja Pispalan katukuvassa n\u00e4kee nyt.<\/strong><\/p>\n<p><img decoding=\"async\" alt=\"T\u00f6hryj\u00e4 puutalon kivijalassa.\" src=\"https:\/\/www.europesays.com\/fi\/wp-content\/uploads\/2026\/06\/1782130455.jpeg\" class=\"aw__sc-dklauk-0 LPzKX\"\/><\/p>\n<p>Avaa kuvien katselu<\/p>\n<p><img decoding=\"async\" alt=\"T\u00f6hritty alikulkutie junaradan alla.\" src=\"https:\/\/www.europesays.com\/fi\/wp-content\/uploads\/2026\/06\/1782130241.jpeg\" class=\"aw__sc-dklauk-0 LPzKX\"\/><\/p>\n<p>Avaa kuvien katselu<\/p>\n<p><img decoding=\"async\" alt=\"Kerrostalon sein\u00e4ss\u00e4 ja sokkelissa sek\u00e4 sy\u00f6ksytorvessa on useita eriv\u00e4risi\u00e4 graffititekstej\u00e4 ja tageja.\" src=\"https:\/\/www.europesays.com\/fi\/wp-content\/uploads\/2026\/06\/1782391347.jpeg\" class=\"aw__sc-dklauk-0 LPzKX\"\/><\/p>\n<p>Avaa kuvien katselu<\/p>\n<p><img decoding=\"async\" alt=\"T\u00f6hryj\u00e4 puutalon kivijalassa.\" src=\"https:\/\/www.europesays.com\/fi\/wp-content\/uploads\/2026\/06\/1782130407.jpeg\" class=\"aw__sc-dklauk-0 LPzKX\"\/><\/p>\n<p>Avaa kuvien katselu<\/p>\n<p>Pispala Pispalassa<\/p>\n<p class=\"aw__sc-1qwuw0s-0 aw__sc-ngllmo-0 epAWpq fzYpjk yle__article__paragraph\">Yksi t\u00f6hryille altis kohde on pitk\u00e4 puuaita vilkkaasti liikenn\u00f6idyn Pispalan valtatien varrella. Asunto-osakeyhti\u00f6 Maija-Kaisan aita on ollut vuosien ajan erilaisten tagien ja spreijauksien kohteena.<\/p>\n<p class=\"aw__sc-1qwuw0s-0 aw__sc-ngllmo-0 epAWpq fzYpjk yle__article__paragraph\">\u2013 Aloimme pohtia, ett\u00e4 kun aita on valkoinen, se houkuttelee n\u00e4it\u00e4 katutaiteilijoiden nimikirjaimia ja muita merkkej\u00e4, kertoo taloyhti\u00f6n hallituksen puheenjohtaja <strong class=\"aw__sc-ngllmo-2 gdRrun yle__article__strong\">Ville Erola<\/strong>.<\/p>\n<p class=\"aw__sc-1qwuw0s-0 aw__sc-ngllmo-0 epAWpq fzYpjk yle__article__paragraph\">Parhaillaan aitaan maalataan muraalia. Kuvataideopiskelija <strong class=\"aw__sc-ngllmo-2 gdRrun yle__article__strong\">Heidi Hallio<\/strong> luo Pispalan ja Pyynikin harjusiluettia kuvaavan maiseman, jossa n\u00e4kyv\u00e4t muun muassa haulitorni ja N\u00e4sinneula.<\/p>\n<p><img decoding=\"async\" alt=\"T\u00f6hryj\u00e4 valkoisessa aidassa, taustalla asuintaloja.\" src=\"https:\/\/www.europesays.com\/fi\/wp-content\/uploads\/2026\/06\/1745930614.jpeg\" class=\"aw__sc-dklauk-0 LPzKX\"\/><img decoding=\"async\" alt=\"Muraali puisella aidalla.\" src=\"https:\/\/www.europesays.com\/fi\/wp-content\/uploads\/2026\/06\/1782467709.jpeg\" class=\"aw__sc-dklauk-0 LPzKX\"\/>Asunto-osakeyhti\u00f6 Maija-Kaisan aita on saanut uuden ilmeen. Heidi Hallion ty\u00f6 on viel\u00e4 hieman kesken. Kuvat: Marko Melto \/ Yle (vasen), Antti Eintola \/ Yle (oikea)<\/p>\n<p class=\"aw__sc-1qwuw0s-0 aw__sc-ngllmo-0 epAWpq fzYpjk yle__article__paragraph\">Hallio kertoo olevansa katutaiteen yst\u00e4v\u00e4, mutta korostaa, ett\u00e4 sille on aikansa ja paikkansa.<\/p>\n<p class=\"aw__sc-1qwuw0s-0 aw__sc-ngllmo-0 epAWpq fzYpjk yle__article__paragraph\">\u2013 T\u00e4m\u00e4 on toivottua, luvallista ja maksettua katutaidetta. Graffititaide ja tagitkin voivat olla tosi hyv\u00e4nn\u00e4k\u00f6isi\u00e4 ja taiteellisia, kun niille antaa aikaa ja ne ovat sellaisissa paikoissa, mihin niit\u00e4 toivotaan, h\u00e4n sanoo.<\/p>\n<p><img decoding=\"async\" alt=\"Nainen maalaamassa puista aitaa.\" src=\"https:\/\/www.europesays.com\/fi\/wp-content\/uploads\/2026\/06\/1782130133.jpeg\" loading=\"lazy\" class=\"aw__sc-dklauk-0 LPzKX\"\/><\/p>\n<p>Avaa kuvien katselu<\/p>\n<p>Heidi Hallio kertoo, ett\u00e4 monet ohikulkijat ovat olleet kiinnostuneita h\u00e4nen ty\u00f6st\u00e4\u00e4n ja kyselleet syntyv\u00e4st\u00e4 muraalista.  Kuva: Antti Eintola \/ Yle<\/p>\n<p class=\"aw__sc-1qwuw0s-0 aw__sc-ngllmo-0 epAWpq fzYpjk yle__article__paragraph\">Hallio haluaisi, ett\u00e4 h\u00e4nen maalauksensa her\u00e4tt\u00e4\u00e4 ohikulkijoissa hyv\u00e4\u00e4 mielt\u00e4.<\/p>\n<p class=\"aw__sc-1qwuw0s-0 aw__sc-ngllmo-0 epAWpq fzYpjk yle__article__paragraph\">\u2013 Kunpa saisin muutettua ihmisen mielipiteit\u00e4 katutaiteesta, ett\u00e4 se voi olla my\u00f6s hyv\u00e4n mielen tuovaa taidetta.<\/p>\n<p class=\"aw__sc-1qwuw0s-0 aw__sc-ngllmo-0 epAWpq fzYpjk yle__article__paragraph\">Sek\u00e4 Erola ett\u00e4 Hallio toivovat, ett\u00e4 muraali saisi olla t\u00f6hryilt\u00e4 rauhassa.<\/p>\n<p><img decoding=\"async\" alt=\"Nainen istuu portailla.\" src=\"https:\/\/www.europesays.com\/fi\/wp-content\/uploads\/2026\/06\/1782130310.jpeg\" loading=\"lazy\" class=\"aw__sc-dklauk-0 LPzKX\"\/><\/p>\n<p>Avaa kuvien katselu<\/p>\n<p>Piritta Suomisen mielest\u00e4 Pispalassa luvallisenkin katutaiteen kannattaa olla graffitivoittoista, niin vahvasti graffitit ovat osana asuinalueen identiteetti\u00e4. Kuva: Antti Eintola \/ YleAhjolaan kuukausittain vaihtuvia graffiteja<\/p>\n<p class=\"aw__sc-1qwuw0s-0 aw__sc-ngllmo-0 epAWpq fzYpjk yle__article__paragraph\">Next Level Street Art toteutti yhteens\u00e4 sata julkisen taiteen teosta Tampereen katukuvaan viime vuonna. Yrityksen toimitusjohtajan <strong class=\"aw__sc-ngllmo-2 gdRrun yle__article__strong\">Piritta Suomisen<\/strong> mukaan isoin osa niist\u00e4 on saanut olla rauhassa.<\/p>\n<p class=\"aw__sc-1qwuw0s-0 aw__sc-ngllmo-0 epAWpq fzYpjk yle__article__paragraph\">\u2013 Mieluummin ohjataan taiteen tekemist\u00e4 sen sijaan, ett\u00e4 menn\u00e4\u00e4n kissahiirileikki\u00e4 taiteilijoiden kanssa, Suominen sanoo.<\/p>\n<p class=\"aw__sc-1qwuw0s-0 aw__sc-ngllmo-0 epAWpq fzYpjk yle__article__paragraph\">Yksi t\u00e4m\u00e4n kes\u00e4n keskeisimmist\u00e4 taidekohteista on Ahjolan Setlementti-yhdistyksen rakennuksen suuri sein\u00e4, jonne graffititaiteilijat saavat tehd\u00e4 t\u00f6it\u00e4\u00e4n luvallisesti.<\/p>\n<p class=\"aw__sc-1qwuw0s-0 aw__sc-ngllmo-0 epAWpq fzYpjk yle__article__paragraph\">\u2013 Teokset ovat sein\u00e4ss\u00e4 kuukauden kerrallaan, ja sitten vaihdetaan uudet, Suominen kertoo.<\/p>\n<p><img decoding=\"async\" alt=\"Graffiteja betonirakennuksen sein\u00e4ss\u00e4.\" src=\"https:\/\/www.europesays.com\/fi\/wp-content\/uploads\/2026\/06\/1782462778.jpeg\" loading=\"lazy\" class=\"aw__sc-dklauk-0 LPzKX\"\/><\/p>\n<p>Avaa kuvien katselu<\/p>\n<p>Ensimm\u00e4isi\u00e4 vaihtuvia graffitaideteoksia on maalattu Ahjolan N\u00e4sij\u00e4rven puoleiseen sein\u00e4\u00e4n t\u00e4ll\u00e4 viikolla. Kuva: Antti Eintola \/ Yle<\/p>\n<p class=\"aw__sc-1qwuw0s-0 aw__sc-ngllmo-0 epAWpq fzYpjk yle__article__paragraph\">Kohde sijaitsee Suomisen mukaan \u201dherkullisesti\u201d junaradan varressa, miss\u00e4 my\u00f6s junamatkustajat ehtiv\u00e4t toivottavasti n\u00e4hd\u00e4 teokset.<\/p>\n<p class=\"aw__sc-1qwuw0s-0 aw__sc-ngllmo-0 epAWpq fzYpjk yle__article__paragraph\">Ahjolan seiniin saavat maalata vain kutsutut taitelijat, mutta l\u00e4hell\u00e4 sijaitsevaan alikulkutunneliin saa tehd\u00e4 graffiteja kuka vain.<\/p>\n<p class=\"aw__sc-1qwuw0s-0 aw__sc-ngllmo-0 epAWpq fzYpjk yle__article__paragraph\"><strong class=\"aw__sc-ngllmo-2 gdRrun yle__article__strong\">Kuvagallerian kuvia klikkaamalla n\u00e4et, millaista taidetta alikulkutunnelissa on nyt.<\/strong><\/p>\n<p><img decoding=\"async\" alt=\"Luvallisia graffiteja alikulkutunnelissa.\" src=\"https:\/\/www.europesays.com\/fi\/wp-content\/uploads\/2026\/06\/1782130276.jpeg\" class=\"aw__sc-dklauk-0 LPzKX\"\/><\/p>\n<p>Avaa kuvien katselu<\/p>\n<p><img decoding=\"async\" alt=\"Luvallisia graffiteja alikulkutunnelissa.\" src=\"https:\/\/www.europesays.com\/fi\/wp-content\/uploads\/2026\/06\/1782130394.jpeg\" class=\"aw__sc-dklauk-0 LPzKX\"\/><\/p>\n<p>Avaa kuvien katselu<\/p>\n<p><img decoding=\"async\" alt=\"Nainen nojaa graffiteilla maalattuun sein\u00e4\u00e4n.\" src=\"https:\/\/www.europesays.com\/fi\/wp-content\/uploads\/2026\/06\/1782130331.jpeg\" class=\"aw__sc-dklauk-0 LPzKX\"\/><\/p>\n<p>Avaa kuvien katselu<\/p>\n<p><img decoding=\"async\" alt=\"Luvallisia graffiteja alikulkutunnelissa.\" src=\"https:\/\/www.europesays.com\/fi\/wp-content\/uploads\/2026\/06\/1782130386.jpeg\" class=\"aw__sc-dklauk-0 LPzKX\"\/><\/p>\n<p>Avaa kuvien katselu<\/p>\n<p class=\"aw__sc-1qwuw0s-0 aw__sc-ngllmo-0 epAWpq fzYpjk yle__article__paragraph\">Suomisen mukaan luvallisten maalauspaikkojen avaaminen on t\u00e4rke\u00e4\u00e4, sill\u00e4 graffitit eiv\u00e4t tule h\u00e4vi\u00e4m\u00e4\u00e4n minnek\u00e4\u00e4n.<\/p>\n<p class=\"aw__sc-1qwuw0s-0 aw__sc-ngllmo-0 epAWpq fzYpjk yle__article__paragraph\">\u2013 Kun katutaidetta ei saa pois, niin siit\u00e4 kannattaa ottaa mieluummin ilo irti, h\u00e4n sanoo.<\/p>\n<p class=\"aw__sc-1qwuw0s-0 aw__sc-ngllmo-0 epAWpq fzYpjk yle__article__paragraph\"><strong class=\"aw__sc-ngllmo-2 gdRrun yle__article__strong\">Katso videolta, miten Pispala muuttuu katutaiteen avulla.<\/strong><\/p>\n<p>Video: Antti Eintola \/ Yle<\/p>\n","protected":false},"excerpt":{"rendered":"Tampereen Pispalassa laitetaan uusi vaihde silm\u00e4\u00e4n: alueelle maalataan kes\u00e4n aikana useita katu\u00adtaideteoksia, joiden toivotaan v\u00e4hent\u00e4v\u00e4n luvattomia graffiteja. Avaa&hellip;\n","protected":false},"author":2,"featured_media":288282,"comment_status":"","ping_status":"","sticky":false,"template":"","format":"standard","meta":{"footnotes":"","_share_on_mastodon":"0"},"categories":[135],"tags":[389,387,388,390,137,33,31,30,8653,8810,71,5400,553,5437,32,394,397,393,391,392,551,109],"class_list":["post-288281","post","type-post","status-publish","format-standard","has-post-thumbnail","category-taiteet-ja-suunnittelu","tag-arts","tag-arts-and-design","tag-artsanddesign","tag-design","tag-entertainment","tag-fi","tag-finland","tag-finnish","tag-graffitit","tag-katutaide","tag-kotimaa","tag-muraalit","tag-pirkanmaa","tag-pispala","tag-suomi","tag-suunnittelu","tag-taide","tag-taiteet","tag-taiteet-ja-suunnittelu","tag-taiteetsuunnittelu","tag-tampere","tag-viihde"],"share_on_mastodon":{"url":"https:\/\/pubeurope.com\/@fi\/116828973043043288","error":""},"_links":{"self":[{"href":"https:\/\/www.europesays.com\/fi\/wp-json\/wp\/v2\/posts\/288281","targetHints":{"allow":["GET"]}}],"collection":[{"href":"https:\/\/www.europesays.com\/fi\/wp-json\/wp\/v2\/posts"}],"about":[{"href":"https:\/\/www.europesays.com\/fi\/wp-json\/wp\/v2\/types\/post"}],"author":[{"embeddable":true,"href":"https:\/\/www.europesays.com\/fi\/wp-json\/wp\/v2\/users\/2"}],"replies":[{"embeddable":true,"href":"https:\/\/www.europesays.com\/fi\/wp-json\/wp\/v2\/comments?post=288281"}],"version-history":[{"count":0,"href":"https:\/\/www.europesays.com\/fi\/wp-json\/wp\/v2\/posts\/288281\/revisions"}],"wp:featuredmedia":[{"embeddable":true,"href":"https:\/\/www.europesays.com\/fi\/wp-json\/wp\/v2\/media\/288282"}],"wp:attachment":[{"href":"https:\/\/www.europesays.com\/fi\/wp-json\/wp\/v2\/media?parent=288281"}],"wp:term":[{"taxonomy":"category","embeddable":true,"href":"https:\/\/www.europesays.com\/fi\/wp-json\/wp\/v2\/categories?post=288281"},{"taxonomy":"post_tag","embeddable":true,"href":"https:\/\/www.europesays.com\/fi\/wp-json\/wp\/v2\/tags?post=288281"}],"curies":[{"name":"wp","href":"https:\/\/api.w.org\/{rel}","templated":true}]}}