{"id":288776,"date":"2026-06-29T09:56:09","date_gmt":"2026-06-29T09:56:09","guid":{"rendered":"https:\/\/www.europesays.com\/fi\/288776\/"},"modified":"2026-06-29T09:56:09","modified_gmt":"2026-06-29T09:56:09","slug":"renny-ja-johanna-harlin-loistivat-maltan-elokuvafestivaaleilla-katso-upeat-kuvat","status":"publish","type":"post","link":"https:\/\/www.europesays.com\/fi\/288776\/","title":{"rendered":"Renny ja Johanna Harlin loistivat Maltan elokuvafestivaaleilla \u2013 katso upeat kuvat"},"content":{"rendered":"<p>\n            (210723) &#8212; Imatra, July 23, 2021 \u2013 Renny Harlin and Johanna Harlin poses for the camera during Luokkakokous 3 &#8211; premiere in Imatra, Finland, 23. July 2021. (Matti Matikainen\/Aller Media)<br \/>\n            Matti Matikainen\n        <\/p>\n<p class=\"subtitle \">Pariskunta k\u00e4vi Maltalla edustusteht\u00e4viss\u00e4 filmifestivaaleilla, eiv\u00e4tk\u00e4 heid\u00e4n asunsa j\u00e4\u00e4neet huomaamatta.<\/p>\n<p class=\"article-content article-content-width !bg-background\">Miamissa asuvat\u00a0ja\u00a0 viett\u00e4v\u00e4t t\u00e4ll\u00e4 hetkell\u00e4 niin sanottua &#8221;Euro summeria&#8221; eli Eurooppa-kes\u00e4\u00e4ns\u00e4 sek\u00e4 Tammion-residenssill\u00e4\u00e4n ett\u00e4 bisnesreissuilla V\u00e4limerell\u00e4. Nyt tie vei Maltalle Mediterrane Film<br \/>\nFestival -elokuvafestivaaleille, jossa\u00a0pariskunta oli esittelem\u00e4ss\u00e4 uusia elokuviaan \u2013 tyylikk\u00e4\u00e4n\u00e4 kuten aina.<\/p>\n<p class=\"font-weight-bold m-font-weight-bold article-content article-content-width !bg-background\">Video: N\u00e4m\u00e4 julkkikset ovat kuin ilmetyt vanhempansa<\/p>\n<p>V\u00e4limerensinist\u00e4 ja glamouria<\/p>\n<p class=\"article-content article-content-width !bg-background\"> Kuvien perusteella ohjelmassa oli niin festivaaliedustusta, illallisia kuin pieni\u00e4 heng\u00e4hdyshetki\u00e4 altaalla.\u00a0<\/p>\n<p class=\"article-content article-content-width !bg-background\">Johanna ja Renny luottivat Maltalla<br \/>\nraikkaaseen, merelliseen v\u00e4rimaailmaan.\u00a0<\/p>\n<p>        <a itemprop=\"url\" href=\"https:\/\/www.seiska.fi\/katso\/renny-harlinin-eksa-tayttaa-70-vuotta-talta-han-nayttaa-nyt\/2038160\" rel=\"nofollow noopener\" target=\"_blank\"><\/p>\n<p>\nRenny Harlinin eks\u00e4 t\u00e4ytt\u00e4\u00e4 70 vuotta\n<\/p>\n<p class=\"section-date\">\n        <strong class=\"article-section\" data-section=\"katso\"><br \/>\n            katso<br \/>\n        <\/strong><br \/>\n        6.1. 06:15\n    <\/p>\n<p>Renny Harlinin eks\u00e4 t\u00e4ytt\u00e4\u00e4 70 vuotta \u2013 t\u00e4lt\u00e4 h\u00e4n n\u00e4ytt\u00e4\u00e4 nyt\n    <\/p>\n<p itemprop=\"description\" class=\"subtitle \">\n    Geena Davisin suhde suomalaisohjaajaan kesti viisi vuotta.\n<\/p>\n<p>        <\/a><\/p>\n<p>                <img decoding=\"async\" src=\"https:\/\/www.europesays.com\/fi\/wp-content\/uploads\/2026\/06\/2193043.webp\" width=\"576\" height=\"322\" alt=\"Johanna poseerasi vaaleassa, rennosti laskeutuvassa maksimekossa, jonka leikkaus ja kevyt materiaali sopivat V\u00e4limeren l\u00e4mpim\u00e4\u00e4n ilmastoon. Renny komppasi puolisoaan vaaleansinisell\u00e4 kauluspaidalla, vaaleilla housuilla ja rennolla kes\u00e4lookilla.\" loading=\"lazy\" \/>            <\/p>\n<p>\n            Johanna poseerasi vaaleassa, rennosti laskeutuvassa maksimekossa, jonka leikkaus ja kevyt materiaali sopivat V\u00e4limeren l\u00e4mpim\u00e4\u00e4n ilmastoon. Renny komppasi puolisoaan vaaleansinisell\u00e4 kauluspaidalla, vaaleilla housuilla ja rennolla kes\u00e4lookilla.<br \/>\n            All Over Press\n        <\/p>\n<p>                <img decoding=\"async\" src=\"https:\/\/www.europesays.com\/fi\/wp-content\/uploads\/2026\/06\/2193048.webp\" width=\"576\" height=\"720\" alt=\"Iltatilaisuuksissa Johanna s\u00e4dehti kullanhohtoisessa, vartaloa my\u00f6t\u00e4ilev\u00e4ss\u00e4 mekossa, jossa vy\u00f6t\u00e4r\u00f6n solmuyksityiskohta toi asuun n\u00e4ytt\u00e4vyytt\u00e4. Renny puolestaan valitsi tummansinisen kukka- ja lehtikuosisen paidan sek\u00e4 vaaleat housut.\" loading=\"lazy\" \/>            <\/p>\n<p>\n            Iltatilaisuuksissa Johanna s\u00e4dehti kullanhohtoisessa, vartaloa my\u00f6t\u00e4ilev\u00e4ss\u00e4 mekossa, jossa vy\u00f6t\u00e4r\u00f6n solmuyksityiskohta toi asuun n\u00e4ytt\u00e4vyytt\u00e4. Renny puolestaan valitsi tummansinisen kukka- ja lehtikuosisen paidan sek\u00e4 vaaleat housut.<br \/>\n            All Over Press\n        <\/p>\n<p class=\"article-content article-content-width !bg-background\"> Renny palasi vanhoille kuvauspaikoille. H\u00e4n kuvasi saarella 30 vuotta sitten toimintaseikkailun\u00a0Kurkunleikkaajien saari.<\/p>\n<p>                <img decoding=\"async\" src=\"https:\/\/www.europesays.com\/fi\/wp-content\/uploads\/2026\/06\/2193050.webp\" width=\"576\" height=\"341\" alt=\"Harlinien Maltan-vierailun syy oli elokuva-alan edustusteht\u00e4v\u00e4t. Renny osallistui Mediterrane Film Festivalilla masterclass-keskusteluun, ja festivaaleilla esitettiin h\u00e4nen uusin elokuvansa Deep Water.\" loading=\"lazy\" \/>            <\/p>\n<p>\n            Harlinien Maltan-vierailun syy oli elokuva-alan edustusteht\u00e4v\u00e4t. Renny osallistui Mediterrane Film Festivalilla masterclass-keskusteluun, ja festivaaleilla esitettiin h\u00e4nen uusin elokuvansa Deep Water.<br \/>\n            All Over Press\n        <\/p>\n<p class=\"article-content article-content-width !bg-background\"> Lis\u00e4ksi puhetta riitti tulevasta\u00a0The Beast\u00a0-toimintaelokuvasta, jossa n\u00e4hd\u00e4\u00e4n muun muassa  ja . <\/p>\n<p>                <img decoding=\"async\" src=\"https:\/\/www.europesays.com\/fi\/wp-content\/uploads\/2026\/06\/2193045.webp\" width=\"576\" height=\"720\" alt=\"Johanna valitsi preppy-henkisen raidallisen neuleliivin, vaaleansiniset shortsit ja paksupohjaiset sandaalit. Rennyn tyyli oli yht\u00e4 huoleton: vaaleanlila lyhythihainen kauluspaita, valkoiset shortsit ja loaferit.\" loading=\"lazy\" \/>            <\/p>\n<p>\n            Johanna valitsi preppy-henkisen raidallisen neuleliivin, vaaleansiniset shortsit ja paksupohjaiset sandaalit. Rennyn tyyli oli yht\u00e4 huoleton: vaaleanlila lyhythihainen kauluspaita, valkoiset shortsit ja loaferit.<br \/>\n            All Over Press\n        <\/p>\n<p class=\"article-content article-content-width !bg-background\">Illallisella Gladiaattorin kuvauspaikalla Johanna ihastutti valkoisessa pitsisess\u00e4 housupuvussa, kun Renny<br \/>\ntoi v\u00e4ri\u00e4 kokonaisuuteen turkoosin ja persikan s\u00e4vyisell\u00e4 kukkapaidalla.<\/p>\n<p class=\"article-content article-content-width !bg-background\">Pariskunnan el\u00e4m\u00e4ss\u00e4 on riitt\u00e4nyt vauhtia my\u00f6s<br \/>\nkotirintamalla. Renny ja Johanna meniv\u00e4t naimisiin vuonna 2021. Pariskunnan matkassa Maltalla oli vastakastettu\u00a0-vauva.\u00a0Perheess\u00e4 on ennest\u00e4\u00e4n kaksi lasta,  ja .<\/p>\n<p>        <a itemprop=\"url\" href=\"https:\/\/www.seiska.fi\/ulkomaat\/oho-pirates-of-the-caribbean-tahtea-ei-ole-tunnistaa-tuoreista-kuvista\/2104684\" rel=\"nofollow noopener\" target=\"_blank\"><\/p>\n<p>\nKuvat!\n<\/p>\n<p class=\"section-date\">\n        <strong class=\"article-section\" data-section=\"ulkomaat\"><br \/>\n            ulkomaat<br \/>\n        <\/strong><br \/>\n        22.3. 13:00\n    <\/p>\n<p>Oho! Pirates of the Caribbean -t\u00e4hte\u00e4 ei ole tunnistaa tuoreista kuvista\n    <\/p>\n<p itemprop=\"description\" class=\"subtitle \">\n    Leffat\u00e4hti puistoili l\u00e4hes tunnistamattomana.\n<\/p>\n<p>        <\/a><\/p>\n<p>        <a itemprop=\"url\" href=\"https:\/\/www.seiska.fi\/kotimaa\/jonna-jarnefelt-lahes-tunnistamattomana-tassa-ovat-jussi-gaalan-nayttavimmat-asut\/2107775\" rel=\"nofollow noopener\" target=\"_blank\"><\/p>\n<p>\nJussi-gaalan n\u00e4ytt\u00e4vimm\u00e4t asut\n<\/p>\n<p class=\"section-date\">\n        <strong class=\"article-section\" data-section=\"kotimaa\"><br \/>\n            kotimaa<br \/>\n        <\/strong><br \/>\n        20.3. 20:35\n    <\/p>\n<p>Jonna J\u00e4rnefelt l\u00e4hes tunnistamattomana \u2013 t\u00e4ss\u00e4 ovat Jussi-gaalan n\u00e4ytt\u00e4vimm\u00e4t asut!\n    <\/p>\n<p itemprop=\"description\" class=\"subtitle \">\n    Jussi-gaalan punaisellamatolla n\u00e4htiin todellisia pukuyll\u00e4tyksi\u00e4.\n<\/p>\n<p>        <\/a><\/p>\n","protected":false},"excerpt":{"rendered":"(210723) &#8212; Imatra, July 23, 2021 \u2013 Renny Harlin and Johanna Harlin poses for the camera during Luokkakokous&hellip;\n","protected":false},"author":2,"featured_media":288777,"comment_status":"","ping_status":"","sticky":false,"template":"","format":"standard","meta":{"footnotes":"","_share_on_mastodon":"0"},"categories":[136],"tags":[2639,38374,407,27634,623,137,33,31,30,2623,408,23623,15588,38375,2304,32,37386,109],"class_list":["post-288776","post","type-post","status-publish","format-standard","has-post-thumbnail","category-julkkikset","tag-asu","tag-asut","tag-celebrities","tag-deep-water","tag-elokuva","tag-entertainment","tag-fi","tag-finland","tag-finnish","tag-johanna-harlin","tag-julkkikset","tag-kurkunleikkaajien-saari","tag-malta","tag-mediterrane-film-festival","tag-renny-harlin","tag-suomi","tag-the-beast","tag-viihde"],"share_on_mastodon":{"url":"https:\/\/pubeurope.com\/@fi\/116832802706331674","error":""},"_links":{"self":[{"href":"https:\/\/www.europesays.com\/fi\/wp-json\/wp\/v2\/posts\/288776","targetHints":{"allow":["GET"]}}],"collection":[{"href":"https:\/\/www.europesays.com\/fi\/wp-json\/wp\/v2\/posts"}],"about":[{"href":"https:\/\/www.europesays.com\/fi\/wp-json\/wp\/v2\/types\/post"}],"author":[{"embeddable":true,"href":"https:\/\/www.europesays.com\/fi\/wp-json\/wp\/v2\/users\/2"}],"replies":[{"embeddable":true,"href":"https:\/\/www.europesays.com\/fi\/wp-json\/wp\/v2\/comments?post=288776"}],"version-history":[{"count":0,"href":"https:\/\/www.europesays.com\/fi\/wp-json\/wp\/v2\/posts\/288776\/revisions"}],"wp:featuredmedia":[{"embeddable":true,"href":"https:\/\/www.europesays.com\/fi\/wp-json\/wp\/v2\/media\/288777"}],"wp:attachment":[{"href":"https:\/\/www.europesays.com\/fi\/wp-json\/wp\/v2\/media?parent=288776"}],"wp:term":[{"taxonomy":"category","embeddable":true,"href":"https:\/\/www.europesays.com\/fi\/wp-json\/wp\/v2\/categories?post=288776"},{"taxonomy":"post_tag","embeddable":true,"href":"https:\/\/www.europesays.com\/fi\/wp-json\/wp\/v2\/tags?post=288776"}],"curies":[{"name":"wp","href":"https:\/\/api.w.org\/{rel}","templated":true}]}}