{"id":288813,"date":"2026-06-29T11:14:12","date_gmt":"2026-06-29T11:14:12","guid":{"rendered":"https:\/\/www.europesays.com\/fi\/288813\/"},"modified":"2026-06-29T11:14:12","modified_gmt":"2026-06-29T11:14:12","slug":"mikko-kekalainen-villi-viikonloppu-moottoripyoran-ratissa-ja-rumpalina-popedassa","status":"publish","type":"post","link":"https:\/\/www.europesays.com\/fi\/288813\/","title":{"rendered":"Mikko Kek\u00e4l\u00e4inen: Villi viikonloppu moottoripy\u00f6r\u00e4n ratissa ja rumpalina Popedassa"},"content":{"rendered":"<p>\n            20260306 HELSINKI. Juontaja Mikko Kek\u00e4l\u00e4inen.<br \/>\n            Atte Kajova\n        <\/p>\n<p class=\"subtitle \">Mikko Kek\u00e4l\u00e4isell\u00e4 ja h\u00e4nen vaimollaan Kristiina Kek\u00e4l\u00e4isell\u00e4 oli viikonloppuna vauhti p\u00e4\u00e4ll\u00e4.<\/p>\n<p class=\"article-content article-content-width !bg-background\">Puoli seitsem\u00e4n -ohjelmasta tuttu  on totuttu n\u00e4kem\u00e4\u00e4n arki-iltoina televisioruudussa, mutta<br \/>\nvapaa-ajalla juontaja-toimittaja ehtii my\u00f6s tien p\u00e4\u00e4lle. <\/p>\n<p class=\"font-weight-bold m-font-weight-bold article-content article-content-width !bg-background\">Video: Mikko Kek\u00e4l\u00e4inen avautuu pitk\u00e4st\u00e4 avioliitosta<\/p>\n<p class=\"article-content article-content-width !bg-background\"> Erikoisjoukot-ohjelmassakin kilpaillut Mikko julkaisi Instagramissa 26.6. kuvan, jossa h\u00e4nell\u00e4 on allaan varsin n\u00e4ytt\u00e4v\u00e4 ja tehokas menopeli. Kuvassa on my\u00f6s Ylen urheilutoimituksesta tuttu vaimo\u00a0.\u00a0<\/p>\n<p>        <a itemprop=\"url\" href=\"https:\/\/www.seiska.fi\/katso\/mikko-kekalainen-harvinainen-avautuminen-perhe-elamasta\/2063736\" rel=\"nofollow noopener\" target=\"_blank\"><\/p>\n<p>\nMikko Kek\u00e4l\u00e4inen\n<\/p>\n<p class=\"section-date\">\n        <strong class=\"article-section\" data-section=\"katso\"><br \/>\n            katso<br \/>\n        <\/strong><br \/>\n        3.2. 09:15\n    <\/p>\n<p>Mikko Kek\u00e4l\u00e4inen: Harvinainen avautuminen perhe-el\u00e4m\u00e4st\u00e4\n    <\/p>\n<p itemprop=\"description\" class=\"subtitle \">\n    N\u00e4ist\u00e4 levyist\u00e4 en luovu -ohjelmassa vieraillut Mikko Kek\u00e4l\u00e4inen kertoo h\u00e4nen ja Kristiina-vaimonsa uudesta tilanteesta kotona.\n<\/p>\n<p>        <\/a><\/p>\n<p>Tyylill\u00e4 kylille<\/p>\n<p class=\"article-content article-content-width !bg-background\">Kuvassa oleva moottoripy\u00f6r\u00e4 ei ole aivan mik\u00e4 tahansa sunnuntaiajelun kulkupeli, vaan\u00a0n\u00e4ytt\u00e4v\u00e4 BMW:n sporttouring- tai matkapy\u00f6r\u00e4, K 1600 GT- tai<br \/>\nGTL-mallisarjaan kuuluva pr\u00e4tk\u00e4. <\/p>\n<p class=\"article-content article-content-width !bg-background\">Varustelu kertoo siit\u00e4, ett\u00e4 py\u00f6r\u00e4 on tehty<br \/>\nnimenomaan pidempi\u00e4 matkoja varten. Sivulaukut ja takalaukku helpottavat esim. festarivarusteiden kuljettamista.<\/p>\n<p class=\"article-content article-content-width !bg-background\"> \u2013 T\u00e4n\u00e4 iltana ei tuu pakkeja, Mikko on kirjoittanut.\u00a0<\/p>\n<p class=\"article-content article-content-width !bg-background\">Otoksessa h\u00e4n katsoo vaimoaan merkitsev\u00e4sti.<\/p>\n<p class=\"article-content article-content-width !bg-background\">Kuvatekstill\u00e4 viitataan Martti Vainaa &amp; Sallitut aineet -b\u00e4ndin tunnettuun\u00a0Pelimies-hittiin. Mikko soittaa kyseisess\u00e4 yhtyeess\u00e4 rumpuja. T\u00e4n\u00e4 kes\u00e4n\u00e4 b\u00e4ndi tekee keikkoja 12 vuoden tauon j\u00e4lkeen.<\/p>\n<p>Festarimatka Joroisiin<\/p>\n<p class=\"article-content article-content-width !bg-background\">Martti Vainaa &amp; Sallitut aineet esiintyi kyseisen\u00e4 iltana Joroisten H\u00e4rk\u00e4festill\u00e4.\u00a0<\/p>\n<p class=\"article-content article-content-width !bg-background\"> &#8221;Maailma ei lopu Joroisiin&#8221;,  aikoinaan lotkautti.\u00a0Alueelta l\u00f6ytyy motoristien suosimia, mutkittelevia reittej\u00e4.\u00a0My\u00f6s Kek\u00e4l\u00e4isten kes\u00e4m\u00f6kki sijaitsee l\u00e4hist\u00f6ll\u00e4. <\/p>\n<p class=\"article-content article-content-width !bg-background\">Samoissa bakkanaaleissa lauantai-iltana lavalle k\u00f6nysi Popeda, jonka rumpujen taakse yll\u00e4tt\u00e4en Mikko p\u00e4\u00e4tyi. Sunnuntaina 28.6. h\u00e4n julkaisi liikuttuneen tekstin keikasta.<\/p>\n<p class=\"article-content article-content-width !bg-background\"> \u2013\u00a0M\u00e4 olen miettinyt p\u00e4\u00e4ni puhki, millaisella tekstill\u00e4 t\u00e4llaisen p\u00e4ivityksen voi jakaa, mutta ei t\u00e4h\u00e4n ole oikein muita sanoja kuin: M\u00e4 soitin eilen Popedassa. T\u00e4ss\u00e4 lajissa ei t\u00e4ss\u00e4 maassa voi en\u00e4\u00e4 oikein korkeammalle p\u00e4\u00e4st\u00e4. M\u00e4 en ikin\u00e4 ikin\u00e4 ikin\u00e4 unohda t\u00e4t\u00e4, h\u00e4n tunnelmoi Instagramissa.<\/p>\n<p>        <a itemprop=\"url\" href=\"https:\/\/www.seiska.fi\/katso\/mikko-kekalainen-paljastaa-nain-puoli-seitseman-ohjelmaa-todellisuudessa-tehdaan\/2104033\" rel=\"nofollow noopener\" target=\"_blank\"><\/p>\n<p>\nMikko Kek\u00e4l\u00e4inen\n<\/p>\n<p class=\"section-date\">\n        <strong class=\"article-section\" data-section=\"katso\"><br \/>\n            katso<br \/>\n        <\/strong><br \/>\n        13.4. 13:15\n    <\/p>\n<p>Mikko Kek\u00e4l\u00e4inen paljastaa: N\u00e4in Puoli seitsem\u00e4n -ohjelmaa todellisuudessa tehd\u00e4\u00e4n\n    <\/p>\n<p itemprop=\"description\" class=\"subtitle \">\n    Mikko Kek\u00e4l\u00e4inen paljastaa h\u00e4pe\u00e4v\u00e4ns\u00e4 joskus silm\u00e4t p\u00e4\u00e4st\u00e4\u00e4n omia edesottamuksiaan tv-ruudussa.\n<\/p>\n<p>        <\/a><\/p>\n<p>Airfryerista moottoripy\u00f6r\u00e4\u00e4n<\/p>\n<p class=\"article-content article-content-width !bg-background\">Yht\u00e4 kaikki moottoripy\u00f6r\u00e4t tunnetaan toisinaan keski-i\u00e4n kriisin keulakuvina, mutta yht\u00e4 hyvin kyse voi olla my\u00f6s matkailusta ja kes\u00e4p\u00e4ivist\u00e4 parhaimmillaan.<\/p>\n<p class=\"article-content article-content-width !bg-background\">\u2013 Matka airfryerista moottoripy\u00f6r\u00e4\u00e4n ei sit ollut kovin pitk\u00e4, kommentoi er\u00e4s Instagram-k\u00e4ytt\u00e4j\u00e4 Mikon kuvaan.<\/p>\n<p class=\"article-content article-content-width !bg-background\"> \u2013 No nyt! Nuoripari Kek\u00e4l\u00e4inen tien p\u00e4\u00e4ll\u00e4, kommentoi toinen henkil\u00f6 kuvaa liekkiemojein.\u00a0<\/p>\n<p class=\"article-content article-content-width !bg-background\">Kek\u00e4l\u00e4iset ovat olleet yhdess\u00e4 jo 22 vuotta, joista yli 20 naimisissa.\u00a0 Heill\u00e4 on kaksi lasta.\u00a0<\/p>\n<p>        <a itemprop=\"url\" href=\"https:\/\/www.seiska.fi\/katso\/mikko-kekalainen-lahti-naisen-perassa-ulkomaille\/2099295\" rel=\"nofollow noopener\" target=\"_blank\"><\/p>\n<p>\nMikko Kek\u00e4l\u00e4isen nuoruusmuistot:\n<\/p>\n<p class=\"section-date\">\n        <strong class=\"article-section\" data-section=\"katso\"><br \/>\n            katso<br \/>\n        <\/strong><br \/>\n        7.4. 07:15\n    <\/p>\n<p>Mikko Kek\u00e4l\u00e4inen l\u00e4hti naisen per\u00e4ss\u00e4 ulkomaille\n    <\/p>\n<p itemprop=\"description\" class=\"subtitle \">\n    Puoli seitsem\u00e4n -juontaja Mikko Kek\u00e4l\u00e4inen paljastaa, millainen savolainen h\u00e4n on.\n<\/p>\n<p>        <\/a><\/p>\n<p>                <img loading=\"lazy\" decoding=\"async\" src=\"https:\/\/www.europesays.com\/fi\/wp-content\/uploads\/2026\/06\/2063803.webp\" width=\"576\" height=\"274\" title=\"Mikko on tullut tunnetuksi Puoli seitsem\u00e4n juontajana. Kuvassa juontajapari Ella Kanninen.\" alt=\"Ella Kanninen, Mikko Kek\u00e4l\u00e4inen, Kultainen Venla Gaala 2025.\" \/>            <\/p>\n<p>\n            Mikko on tullut tunnetuksi Puoli seitsem\u00e4n juontajana. Kuvassa juontajapari Ella Kanninen.<br \/>\n            Timo Korhonen\n        <\/p>\n","protected":false},"excerpt":{"rendered":"20260306 HELSINKI. Juontaja Mikko Kek\u00e4l\u00e4inen. Atte Kajova Mikko Kek\u00e4l\u00e4isell\u00e4 ja h\u00e4nen vaimollaan Kristiina Kek\u00e4l\u00e4isell\u00e4 oli viikonloppuna vauhti p\u00e4\u00e4ll\u00e4.&hellip;\n","protected":false},"author":2,"featured_media":288814,"comment_status":"","ping_status":"","sticky":false,"template":"","format":"standard","meta":{"footnotes":"","_share_on_mastodon":"0"},"categories":[136],"tags":[13613,407,137,2159,4812,33,31,30,16628,408,20661,5314,12576,5853,32,109],"class_list":["post-288813","post","type-post","status-publish","format-standard","has-post-thumbnail","category-julkkikset","tag-bmw","tag-celebrities","tag-entertainment","tag-erikoisjoukot","tag-festarit","tag-fi","tag-finland","tag-finnish","tag-joroinen","tag-julkkikset","tag-kristiina-kekalainen","tag-mikko-kekalainen","tag-moottoripyora","tag-puoli-seitseman","tag-suomi","tag-viihde"],"share_on_mastodon":{"url":"https:\/\/pubeurope.com\/@fi\/116833109424080707","error":""},"_links":{"self":[{"href":"https:\/\/www.europesays.com\/fi\/wp-json\/wp\/v2\/posts\/288813","targetHints":{"allow":["GET"]}}],"collection":[{"href":"https:\/\/www.europesays.com\/fi\/wp-json\/wp\/v2\/posts"}],"about":[{"href":"https:\/\/www.europesays.com\/fi\/wp-json\/wp\/v2\/types\/post"}],"author":[{"embeddable":true,"href":"https:\/\/www.europesays.com\/fi\/wp-json\/wp\/v2\/users\/2"}],"replies":[{"embeddable":true,"href":"https:\/\/www.europesays.com\/fi\/wp-json\/wp\/v2\/comments?post=288813"}],"version-history":[{"count":0,"href":"https:\/\/www.europesays.com\/fi\/wp-json\/wp\/v2\/posts\/288813\/revisions"}],"wp:featuredmedia":[{"embeddable":true,"href":"https:\/\/www.europesays.com\/fi\/wp-json\/wp\/v2\/media\/288814"}],"wp:attachment":[{"href":"https:\/\/www.europesays.com\/fi\/wp-json\/wp\/v2\/media?parent=288813"}],"wp:term":[{"taxonomy":"category","embeddable":true,"href":"https:\/\/www.europesays.com\/fi\/wp-json\/wp\/v2\/categories?post=288813"},{"taxonomy":"post_tag","embeddable":true,"href":"https:\/\/www.europesays.com\/fi\/wp-json\/wp\/v2\/tags?post=288813"}],"curies":[{"name":"wp","href":"https:\/\/api.w.org\/{rel}","templated":true}]}}