{"id":288860,"date":"2026-06-29T12:21:22","date_gmt":"2026-06-29T12:21:22","guid":{"rendered":"https:\/\/www.europesays.com\/fi\/288860\/"},"modified":"2026-06-29T12:21:22","modified_gmt":"2026-06-29T12:21:22","slug":"kun-hautakukat-vaihtaa-monivuotisiin-saastaa-rahaa-ja-luontoa-puutarhuri-neuvoo-mita-haudalle-kannattaa-istuttaa-keski-suomi","status":"publish","type":"post","link":"https:\/\/www.europesays.com\/fi\/288860\/","title":{"rendered":"Kun hautakukat vaihtaa monivuotisiin, s\u00e4\u00e4st\u00e4\u00e4 rahaa ja luontoa \u2013 puutarhuri neuvoo, mit\u00e4 haudalle kannattaa istuttaa | Keski-Suomi"},"content":{"rendered":"<p class=\"aw__sc-1qwuw0s-0 aw__sc-1vg2sqm-0 epAWpq ecELkD yle__article__paragraph\">Perennat eli monivuotiset koristekasvit ovat helppohoitoisia ja s\u00e4\u00e4st\u00e4v\u00e4t ymp\u00e4rist\u00f6\u00e4. Esimerkiksi kastelun tarve on pienempi kuin kes\u00e4kukilla.<\/p>\n<p><img decoding=\"async\" alt=\"Puutarhuri Kati Kivel\u00e4 esittelee haudoille sopivia perennakasveja.\" src=\"https:\/\/www.europesays.com\/fi\/wp-content\/uploads\/2026\/06\/1782307555.jpeg\" class=\"aw__sc-dklauk-0 LPzKX\"\/><\/p>\n<p>Avaa kuvien katselu<\/p>\n<p>Jyv\u00e4skyl\u00e4l\u00e4isen puutarhuri Kati Kivel\u00e4n mukaan perennaistutuksilla voi s\u00e4\u00e4st\u00e4\u00e4 haudanhoitokuluissa pitk\u00e4n pennin. Kuva: Jarkko Riikonen \/ Yle<\/p>\n<p>28.6. 14:05\u2022P\u00e4ivitetty 9:48<\/p>\n<ul class=\"aw__sc-1yb43iq-0 gFXHv yle__article__list yle__article__list--ul\">\n<li class=\"aw__sc-1yb43iq-1 gVAzbt\">Seurakunnat vaihtavat hautakukkia perennoihin eli monivuotisiin ruohovartisiin koristekasveihin.<\/li>\n<li class=\"aw__sc-1yb43iq-1 gVAzbt\">Perennat tarvitsevat v\u00e4hemm\u00e4n vett\u00e4 ja lannoitteita. Ne s\u00e4\u00e4st\u00e4v\u00e4t rahaa ja ty\u00f6aikaa. Kirkon ymp\u00e4rist\u00f6diplomi suosittaa niit\u00e4.<\/li>\n<li class=\"aw__sc-1yb43iq-1 gVAzbt\">Jyv\u00e4skyl\u00e4n seurakunta vaihtoi sankarihautojensa kukat perennoihin kev\u00e4\u00e4ll\u00e4 2024. Somero ja Lahti ovat luopuneet kes\u00e4kukista my\u00f6s seurakunnan hoitamilla haudoilla.<\/li>\n<li class=\"aw__sc-1yb43iq-1 gVAzbt\">Puutarhuri antaa vinkkej\u00e4 siihen, miten kuka tahansa voi vaihtaa l\u00e4heisens\u00e4 haudalla kes\u00e4kukat perennoihin.<\/li>\n<\/ul>\n<p class=\"aw__sc-1qwuw0s-0 aw__sc-ngllmo-0 epAWpq fzYpjk yle__article__paragraph\">Yh\u00e4 useampi seurakunta suosii hautakukkina monivuotisia ruohovartisia koristekasveja eli perennoja yksivuotisten kes\u00e4kukkien sijaan.<\/p>\n<p class=\"aw__sc-1qwuw0s-0 aw__sc-ngllmo-0 epAWpq fzYpjk yle__article__paragraph\">Vaihtamalla perennoihin seurakunnat s\u00e4\u00e4st\u00e4v\u00e4t ymp\u00e4rist\u00f6\u00e4, ty\u00f6aikaa ja rahaa. Saman tempun voi tehd\u00e4 oman l\u00e4heisen haudalla kuka tahansa.<\/p>\n<p class=\"aw__sc-1qwuw0s-0 aw__sc-ngllmo-0 epAWpq fzYpjk yle__article__paragraph\">Jyv\u00e4skyl\u00e4n seurakunta vaihtoi hautausmaidensa <a class=\"aw__sc-ngllmo-1 bTDnwX yle__article__link\" href=\"https:\/\/yle.fi\/a\/74-20224587\" role=\"link\" rel=\"nofollow noopener\" target=\"_blank\">sankarihautojen ja -muistomerkkien kukkaistutukset perennoihin t\u00e4n\u00e4 kev\u00e4\u00e4n\u00e4<\/a>.<\/p>\n<p class=\"aw__sc-1qwuw0s-0 aw__sc-ngllmo-0 epAWpq fzYpjk yle__article__paragraph\">Jyv\u00e4skyl\u00e4n seurakunnan hautaus- ja puistopalveluiden ty\u00f6njohtaja <strong class=\"aw__sc-ngllmo-2 gdRrun yle__article__strong\">Liisa Kontunen<\/strong> kertoo, ett\u00e4 Kirkon ymp\u00e4rist\u00f6diplomi suosittaa, ett\u00e4 seurakunnat k\u00e4ytt\u00e4isiv\u00e4t monivuotisia kasveja vuosittain uusittavien kes\u00e4kukkien sijaan.<\/p>\n<p class=\"aw__sc-1qwuw0s-0 aw__sc-ngllmo-0 epAWpq fzYpjk yle__article__paragraph\">Jyv\u00e4skyl\u00e4n seurakunnalla on ollut Kirkon ymp\u00e4rist\u00f6diplomi vuodesta 2011.<\/p>\n<p><img decoding=\"async\" alt=\"Lahjaharjun hautausmaan sankarivainajien muistomerkki, jonka \u00e4\u00e4relle on istutettu perennoja.\" src=\"https:\/\/www.europesays.com\/fi\/wp-content\/uploads\/2026\/06\/1782307640.jpeg\" loading=\"lazy\" class=\"aw__sc-dklauk-0 LPzKX\"\/><\/p>\n<p>Avaa kuvien katselu<\/p>\n<p>Jyv\u00e4skyl\u00e4ss\u00e4 Lahjaharjun hautausmaalla, sankarivainajien muistomerkin juurella kasvaa nyt loistosalviaa.  Kuva: Jarkko Riikonen \/ Yle<\/p>\n<p class=\"aw__sc-1qwuw0s-0 aw__sc-ngllmo-0 epAWpq fzYpjk yle__article__paragraph\">Perennojen kastelun tarve on pienempi eli hoitoon kuluu v\u00e4hemm\u00e4n vett\u00e4 ja lannoitteita kuin kes\u00e4kukilla. My\u00f6s kasvij\u00e4tett\u00e4 syntyy v\u00e4hemm\u00e4n.<\/p>\n<p class=\"aw__sc-1qwuw0s-0 aw__sc-ngllmo-0 epAWpq fzYpjk yle__article__paragraph\">Ymp\u00e4rist\u00f6vaikutusten lis\u00e4ksi perennojen hankinta- ja hoitokustannukset ovat pienemm\u00e4t ja hoitoon uppoaa v\u00e4hemm\u00e4n ty\u00f6tunteja kuin kes\u00e4kukilla.<\/p>\n<p class=\"aw__sc-1qwuw0s-0 aw__sc-ngllmo-0 epAWpq fzYpjk yle__article__paragraph\">Kontunen toivoo, ett\u00e4 tulevaisuudessa kaikilla Jyv\u00e4skyl\u00e4n seurakunnan hoitamilla haudoilla kasvaisi nykyist\u00e4 enemm\u00e4n perennoja. Toistaiseksi seurakunta ei kuitenkaan luovu kes\u00e4kukista kokonaan.<\/p>\n<p class=\"aw__sc-1qwuw0s-0 aw__sc-ngllmo-0 epAWpq fzYpjk yle__article__paragraph\">Niin ovat tehneet esimerkiksi Someron seurakunta ja Lahden seurakuntayhtym\u00e4. Someron seurakunta siirtyi perennahoitoon kaikilla hoitamillaan haudoilla t\u00e4n\u00e4 kev\u00e4\u00e4n\u00e4. Lahdessa perennahoito on ollut k\u00e4yt\u00f6ss\u00e4 vuodesta 2024.<\/p>\n<p>Puutarhuri antaa vinkit hautaperennojen valintaan<\/p>\n<p class=\"aw__sc-1qwuw0s-0 aw__sc-ngllmo-0 epAWpq fzYpjk yle__article__paragraph\">Puutarhuri <strong class=\"aw__sc-ngllmo-2 gdRrun yle__article__strong\">Kati Kivel\u00e4n<\/strong> mukaan perennat ovat oiva valinta hautakukaksi etenkin silloin, jos hautaa ei p\u00e4\u00e4se hoitamaan usein. Kivel\u00e4 ty\u00f6skentelee Jyv\u00e4skyl\u00e4ss\u00e4 puutarhakeskus Viherlandiassa.<\/p>\n<p class=\"aw__sc-1qwuw0s-0 aw__sc-ngllmo-0 epAWpq fzYpjk yle__article__paragraph\">\u2013 Perennalle riitt\u00e4\u00e4 periaatteessa se, ett\u00e4 kasvualusta pidet\u00e4\u00e4n puhtaana rikkaruohoista ja kasvi lannoitetaan kev\u00e4isin, Kivel\u00e4 sanoo.<\/p>\n<p class=\"aw__sc-1qwuw0s-0 aw__sc-ngllmo-0 epAWpq fzYpjk yle__article__paragraph\"><strong class=\"aw__sc-ngllmo-2 gdRrun yle__article__strong\">Puutarhuri Kati Kivel\u00e4 esittelee perennoja, jotka sopivat haudalle:<\/strong><\/p>\n<p>Video: Jarkko Riikonen \/ Yle<\/p>\n<p class=\"aw__sc-1qwuw0s-0 aw__sc-ngllmo-0 epAWpq fzYpjk yle__article__paragraph\">Kivel\u00e4 ohjeistaa valitsemaan hautaperennat haudan valo-olosuhteiden ja kasvualustan perusteella.<\/p>\n<p class=\"aw__sc-1qwuw0s-0 aw__sc-ngllmo-0 epAWpq fzYpjk yle__article__paragraph\">Kasvin sopiva korkeus riippuu hautakivest\u00e4. Nyrkkis\u00e4\u00e4nt\u00f6n\u00e4 noin 20\u201330 sentti\u00e4 korkea kasvi on sopiva. Jos hautakiven teksti tulee matalalle, kasvien ja hautakiven v\u00e4liin voi j\u00e4tt\u00e4\u00e4 tyhj\u00e4\u00e4 tilaa. Silloin tekstit voi lukea kasveista huolimatta.<\/p>\n<p class=\"aw__sc-1qwuw0s-0 aw__sc-ngllmo-0 epAWpq fzYpjk yle__article__paragraph\">My\u00f6s kasvin lehteen kannattaa kiinnitt\u00e4\u00e4 huomiota, koska perennojen kukinta-aika on usein lyhyempi kuin kes\u00e4kukilla. N\u00e4ytt\u00e4v\u00e4 lehti on kaunis ilman kukkaakin.<\/p>\n","protected":false},"excerpt":{"rendered":"Perennat eli monivuotiset koristekasvit ovat helppohoitoisia ja s\u00e4\u00e4st\u00e4v\u00e4t ymp\u00e4rist\u00f6\u00e4. Esimerkiksi kastelun tarve on pienempi kuin kes\u00e4kukilla. Avaa kuvien&hellip;\n","protected":false},"author":2,"featured_media":288861,"comment_status":"","ping_status":"","sticky":false,"template":"","format":"standard","meta":{"footnotes":"","_share_on_mastodon":"0"},"categories":[117],"tags":[33,31,30,6298,425,2749,474,71,13350,72,476,38380,118,32,119,477,447],"class_list":["post-288860","post","type-post","status-publish","format-standard","has-post-thumbnail","category-luonto","tag-fi","tag-finland","tag-finnish","tag-hautausmaat","tag-jyvaskyla","tag-jyvaskylan-seutukunta","tag-keski-suomi","tag-kotimaa","tag-kukat","tag-luonto","tag-nature","tag-perennat","tag-science","tag-suomi","tag-tiede","tag-wildlife","tag-ymparisto"],"share_on_mastodon":{"url":"https:\/\/pubeurope.com\/@fi\/116833372901319039","error":""},"_links":{"self":[{"href":"https:\/\/www.europesays.com\/fi\/wp-json\/wp\/v2\/posts\/288860","targetHints":{"allow":["GET"]}}],"collection":[{"href":"https:\/\/www.europesays.com\/fi\/wp-json\/wp\/v2\/posts"}],"about":[{"href":"https:\/\/www.europesays.com\/fi\/wp-json\/wp\/v2\/types\/post"}],"author":[{"embeddable":true,"href":"https:\/\/www.europesays.com\/fi\/wp-json\/wp\/v2\/users\/2"}],"replies":[{"embeddable":true,"href":"https:\/\/www.europesays.com\/fi\/wp-json\/wp\/v2\/comments?post=288860"}],"version-history":[{"count":0,"href":"https:\/\/www.europesays.com\/fi\/wp-json\/wp\/v2\/posts\/288860\/revisions"}],"wp:featuredmedia":[{"embeddable":true,"href":"https:\/\/www.europesays.com\/fi\/wp-json\/wp\/v2\/media\/288861"}],"wp:attachment":[{"href":"https:\/\/www.europesays.com\/fi\/wp-json\/wp\/v2\/media?parent=288860"}],"wp:term":[{"taxonomy":"category","embeddable":true,"href":"https:\/\/www.europesays.com\/fi\/wp-json\/wp\/v2\/categories?post=288860"},{"taxonomy":"post_tag","embeddable":true,"href":"https:\/\/www.europesays.com\/fi\/wp-json\/wp\/v2\/tags?post=288860"}],"curies":[{"name":"wp","href":"https:\/\/api.w.org\/{rel}","templated":true}]}}