{"id":289166,"date":"2026-06-29T21:39:14","date_gmt":"2026-06-29T21:39:14","guid":{"rendered":"https:\/\/www.europesays.com\/fi\/289166\/"},"modified":"2026-06-29T21:39:14","modified_gmt":"2026-06-29T21:39:14","slug":"metallica-soitti-walesin-keikallaan-kappaleen-jonka-esittaminen-on-virallisesti-kielletty","status":"publish","type":"post","link":"https:\/\/www.europesays.com\/fi\/289166\/","title":{"rendered":"Metallica soitti Walesin-keikallaan kappaleen, jonka esitt\u00e4minen on virallisesti kielletty"},"content":{"rendered":"<p><strong>Metallica<\/strong> esiintyi sunnuntaina 28. kes\u00e4kuuta Walesin Cardiffissa Principality-stadionilla. Tuttuun tapaan keikalla n\u00e4htiin ohjelmanumero, jossa basisti <strong>Robert Trujillo<\/strong> ja kitaristi <strong>Kirk Hammett<\/strong> jammailevat hetken kahdestaan jotain kyseiseen keikkapaikkaan vahvasti liittyv\u00e4\u00e4 kappaletta. T\u00e4ll\u00e4 kertaa Trujillo ja Hammett <a href=\"https:\/\/loudwire.com\/metallica-banned-song-delilah-cardiff-2026\/\" target=\"_blank\" rel=\"noreferrer noopener nofollow\">valitsivat esityslistalle<\/a> \u201dWalesin tiikerin\u201d eli <strong>Tom Jonesin<\/strong> ikivihre\u00e4n Delilah-kappaleen.<\/p>\n<p>Vaan mahtoivatko Trujillo ja Hammett tiet\u00e4\u00e4, ett\u00e4 kyseisen kappaleen esitt\u00e4minen Principality-stadionilla <a href=\"https:\/\/www.theguardian.com\/sport\/2023\/feb\/01\/delilah-welsh-rugby-union-choirs-banned-from-singing-tom-jones-hit\" target=\"_blank\" rel=\"noreferrer noopener nofollow\">on ollut virallisesti kielletty\u00e4<\/a> vuodesta 2023 asti.<\/p>\n<p>Delilah on pitk\u00e4\u00e4n ollut rugby-otteluiden ep\u00e4virallinen tunnuslaulu, jota kuorot ovat esitt\u00e4neet v\u00e4liajalla katsojien laulaessa mukana. Kappaleen sanoitukset alkoivat kuitenkin vuosien varrella saada osakseen kritiikki\u00e4, koska laulussa mies surmaa toisen miehen kanssa pelehtineen naisyst\u00e4v\u00e4ns\u00e4. Esimerkiksi vuonna 2003 Walesin parlamentin j\u00e4sen <strong>Helen Mary Jones<\/strong> kritisoi kappaleen \u201dglorifioivan naisiin kohdistuvaa v\u00e4kivaltaa\u201d.<\/p>\n<p>Walesin rugbyliitto vastasi kritiikkiin vuonna 2015 poistamalla kappaleen kansainv\u00e4listen ottelujen v\u00e4liaikaohjelmista ja kuoron esityslistoilta. Helmikuussa 2023 kielto laajeni koskemaan kaikkia otteluja Principality-stadionilla ja my\u00f6s vierailevia kuoroja.<\/p>\n<p>Alla yleis\u00f6st\u00e4 k\u00e4sin kuvattu video Trujillon ja Hammettin Delilah-tulkinnasta.<\/p>\n<p><img loading=\"lazy\" decoding=\"async\" alt=\"Youtube video\" width=\"480\" height=\"360\" data-pin-nopin=\"true\" nopin=\"nopin\" class=\"perfmatters-lazy\" src=\"https:\/\/www.europesays.com\/fi\/wp-content\/uploads\/2026\/06\/1782769154_171_hqdefault.jpg\"\/><\/p>\n<p>Lue my\u00f6s: <a href=\"https:\/\/www.inferno.fi\/uutiset\/kirk-hammettilla-kavi-haaveri-metallican-keikalla-kuittasi-huumorilla-ja-jakoi-videon-some-kanavissaan\/\" title=\"Kirk Hammettilla k\u00e4vi haaveri Metallican keikalla \u2013 kuittasi huumorilla ja jakoi videon some-kanavissaan\" class=\"underline-custom !font-montserrat !font-bold !underline-offset-4 !decoration-4 !decoration-red-600 !text-md\" rel=\"nofollow noopener\" target=\"_blank\">Kirk Hammettilla k\u00e4vi haaveri Metallican keikalla \u2013 kuittasi huumorilla ja jakoi videon some-kanavissaan<\/a><\/p>\n<p>Lue my\u00f6s: <a href=\"https:\/\/www.inferno.fi\/uutiset\/metallica-muusikot-jammailivat-rammstein-klassikkoa-berliinissa-videoita-julki\/\" title=\"Metallica-muusikot jammailivat Rammstein-klassikkoa Berliiniss\u00e4 \u2013 videoita julki\" class=\"underline-custom !font-montserrat !font-bold !underline-offset-4 !decoration-4 !decoration-red-600 !text-md\" rel=\"nofollow noopener\" target=\"_blank\">Metallica-muusikot jammailivat Rammstein-klassikkoa Berliiniss\u00e4 \u2013 videoita julki<\/a><\/p>\n","protected":false},"excerpt":{"rendered":"Metallica esiintyi sunnuntaina 28. kes\u00e4kuuta Walesin Cardiffissa Principality-stadionilla. Tuttuun tapaan keikalla n\u00e4htiin ohjelmanumero, jossa basisti Robert Trujillo ja&hellip;\n","protected":false},"author":2,"featured_media":289167,"comment_status":"","ping_status":"","sticky":false,"template":"","format":"standard","meta":{"footnotes":"","_share_on_mastodon":"0"},"categories":[130],"tags":[806,137,33,31,30,6140,32,109],"class_list":["post-289166","post","type-post","status-publish","format-standard","has-post-thumbnail","category-viihde","tag-cover","tag-entertainment","tag-fi","tag-finland","tag-finnish","tag-livevideo","tag-suomi","tag-viihde"],"share_on_mastodon":{"url":"https:\/\/pubeurope.com\/@fi\/116835566974374178","error":""},"_links":{"self":[{"href":"https:\/\/www.europesays.com\/fi\/wp-json\/wp\/v2\/posts\/289166","targetHints":{"allow":["GET"]}}],"collection":[{"href":"https:\/\/www.europesays.com\/fi\/wp-json\/wp\/v2\/posts"}],"about":[{"href":"https:\/\/www.europesays.com\/fi\/wp-json\/wp\/v2\/types\/post"}],"author":[{"embeddable":true,"href":"https:\/\/www.europesays.com\/fi\/wp-json\/wp\/v2\/users\/2"}],"replies":[{"embeddable":true,"href":"https:\/\/www.europesays.com\/fi\/wp-json\/wp\/v2\/comments?post=289166"}],"version-history":[{"count":0,"href":"https:\/\/www.europesays.com\/fi\/wp-json\/wp\/v2\/posts\/289166\/revisions"}],"wp:featuredmedia":[{"embeddable":true,"href":"https:\/\/www.europesays.com\/fi\/wp-json\/wp\/v2\/media\/289167"}],"wp:attachment":[{"href":"https:\/\/www.europesays.com\/fi\/wp-json\/wp\/v2\/media?parent=289166"}],"wp:term":[{"taxonomy":"category","embeddable":true,"href":"https:\/\/www.europesays.com\/fi\/wp-json\/wp\/v2\/categories?post=289166"},{"taxonomy":"post_tag","embeddable":true,"href":"https:\/\/www.europesays.com\/fi\/wp-json\/wp\/v2\/tags?post=289166"}],"curies":[{"name":"wp","href":"https:\/\/api.w.org\/{rel}","templated":true}]}}