{"id":289298,"date":"2026-06-30T02:32:17","date_gmt":"2026-06-30T02:32:17","guid":{"rendered":"https:\/\/www.europesays.com\/fi\/289298\/"},"modified":"2026-06-30T02:32:17","modified_gmt":"2026-06-30T02:32:17","slug":"ylihuomenna-on-lahes-90-000-ihmisen-matkyjen-erapaiva","status":"publish","type":"post","link":"https:\/\/www.europesays.com\/fi\/289298\/","title":{"rendered":"Ylihuomenna on l\u00e4hes 90\u2009000 ihmisen m\u00e4tkyjen er\u00e4p\u00e4iv\u00e4"},"content":{"rendered":"<p>\n\tSTT\t29.6.2026 9:14, muokattu<br \/>\n\t29.6.2026 11:18\n<\/p>\n<p>\t\t\t\t\t\t\t\t\tTalous<\/p>\n<p class=\"wp-block-paragraph\">Keskiviikkona on vuoden ensimm\u00e4isten j\u00e4\u00e4nn\u00f6sverojen eli m\u00e4tkyjen er\u00e4p\u00e4iv\u00e4. L\u00e4hes 90\u2009000 ihmisen tulee maksaa veroa yhteens\u00e4 noin 85 miljoonan euron edest\u00e4. Asiasta <a href=\"https:\/\/www.epressi.com\/tiedotteet\/kotimaa\/noin-89-000-ihmisella-on-matkyjen-erapaiva-ylihuomenna.html\" rel=\"nofollow noopener\" target=\"_blank\">kertoo<\/a> Verohallinto.<\/p>\n<p class=\"wp-block-paragraph\">J\u00e4\u00e4nn\u00f6sveroa pit\u00e4\u00e4 maksaa, jos ei ole maksanut viime verovuodelta tarpeeksi veroja.<\/p>\n<p class=\"wp-block-paragraph\">Hein\u00e4kuun er\u00e4p\u00e4iv\u00e4 koskee p\u00e4\u00e4s\u00e4\u00e4nt\u00f6isesti toiminimiyritt\u00e4ji\u00e4 sek\u00e4 maa- ja mets\u00e4taloudenharjoittajia ja heid\u00e4n puolisoitaan. Suurimmalla osalla j\u00e4\u00e4nn\u00f6sveroa maksavista henkil\u00f6asiakkaista er\u00e4p\u00e4iv\u00e4 on vasta kes\u00e4n lopulla tai syksyll\u00e4.<\/p>\n<p class=\"wp-block-paragraph\">Er\u00e4p\u00e4iv\u00e4n j\u00e4lkeisest\u00e4 p\u00e4iv\u00e4st\u00e4 l\u00e4htien j\u00e4\u00e4nn\u00f6sverosta alkaa kerty\u00e4 viiv\u00e4styskorkoa, joka on t\u00e4n\u00e4 vuonna 9,5 prosenttia. Viime vuonna noin 700\u2009000 ihmist\u00e4 maksoi veroa my\u00f6h\u00e4ss\u00e4, mist\u00e4 kertyi valtion kassaan yhteens\u00e4 14 miljoonaa euroa.<\/p>\n<p class=\"wp-block-paragraph\">Suurin osa suomalaisista saa tiedon maksettavista veroistaan vain s\u00e4hk\u00f6isesti Omavero-palveluun.<\/p>\n","protected":false},"excerpt":{"rendered":"STT 29.6.2026 9:14, muokattu 29.6.2026 11:18 Talous Keskiviikkona on vuoden ensimm\u00e4isten j\u00e4\u00e4nn\u00f6sverojen eli m\u00e4tkyjen er\u00e4p\u00e4iv\u00e4. L\u00e4hes 90\u2009000 ihmisen&hellip;\n","protected":false},"author":2,"featured_media":289299,"comment_status":"","ping_status":"","sticky":false,"template":"","format":"standard","meta":{"footnotes":"","_share_on_mastodon":"0"},"categories":[76],"tags":[79,77,33,31,30,71,38403,32,78,13528,2186],"class_list":["post-289298","post","type-post","status-publish","format-standard","has-post-thumbnail","category-talous","tag-business","tag-economy","tag-fi","tag-finland","tag-finnish","tag-kotimaa","tag-matky","tag-suomi","tag-talous","tag-verot","tag-verotus"],"share_on_mastodon":{"url":"https:\/\/pubeurope.com\/@fi\/116836718543850198","error":""},"_links":{"self":[{"href":"https:\/\/www.europesays.com\/fi\/wp-json\/wp\/v2\/posts\/289298","targetHints":{"allow":["GET"]}}],"collection":[{"href":"https:\/\/www.europesays.com\/fi\/wp-json\/wp\/v2\/posts"}],"about":[{"href":"https:\/\/www.europesays.com\/fi\/wp-json\/wp\/v2\/types\/post"}],"author":[{"embeddable":true,"href":"https:\/\/www.europesays.com\/fi\/wp-json\/wp\/v2\/users\/2"}],"replies":[{"embeddable":true,"href":"https:\/\/www.europesays.com\/fi\/wp-json\/wp\/v2\/comments?post=289298"}],"version-history":[{"count":0,"href":"https:\/\/www.europesays.com\/fi\/wp-json\/wp\/v2\/posts\/289298\/revisions"}],"wp:featuredmedia":[{"embeddable":true,"href":"https:\/\/www.europesays.com\/fi\/wp-json\/wp\/v2\/media\/289299"}],"wp:attachment":[{"href":"https:\/\/www.europesays.com\/fi\/wp-json\/wp\/v2\/media?parent=289298"}],"wp:term":[{"taxonomy":"category","embeddable":true,"href":"https:\/\/www.europesays.com\/fi\/wp-json\/wp\/v2\/categories?post=289298"},{"taxonomy":"post_tag","embeddable":true,"href":"https:\/\/www.europesays.com\/fi\/wp-json\/wp\/v2\/tags?post=289298"}],"curies":[{"name":"wp","href":"https:\/\/api.w.org\/{rel}","templated":true}]}}