{"id":28954,"date":"2025-09-08T13:48:16","date_gmt":"2025-09-08T13:48:16","guid":{"rendered":"https:\/\/www.europesays.com\/fi\/28954\/"},"modified":"2025-09-08T13:48:16","modified_gmt":"2025-09-08T13:48:16","slug":"charlie-sheen-salasi-vuosien-ajan-yhden-asian-seksuaalisuudestaan-nyt-han-on-valmis-puhumaan","status":"publish","type":"post","link":"https:\/\/www.europesays.com\/fi\/28954\/","title":{"rendered":"Charlie Sheen salasi vuosien ajan yhden asian seksuaalisuudestaan \u2013 Nyt h\u00e4n on valmis puhumaan"},"content":{"rendered":"<p>Charlie Sheen puhuu avoimesti seksist\u00e4 uudessa el\u00e4m\u00e4kerrassaan.<\/p>\n<p><img decoding=\"async\" class=\"image image-show image-preview\" src=\"https:\/\/www.europesays.com\/fi\/wp-content\/uploads\/2025\/09\/3f296fa85a5d582ac699381867ebfe943e024159aa06ed2945287064e54c8442.jpg\" alt=\"\"\/><img decoding=\"async\" class=\"image image-show\" src=\"https:\/\/www.europesays.com\/fi\/wp-content\/uploads\/2025\/09\/1757339296_392_3f296fa85a5d582ac699381867ebfe943e024159aa06ed2945287064e54c8442.jpg\" alt=\"\"\/><\/p>\n<p>Charlie Sheen ei aio paeta menneisyytt\u00e4\u00e4n. imago sport<\/p>\n<p class=\"paragraph\">N\u00e4yttelij\u00e4 <a href=\"https:\/\/www.iltalehti.fi\/henkilot\/Charlie Sheen\" class=\"article-link-person-page\" rel=\"nofollow noopener\" target=\"_blank\">Charlie Sheen<\/a> kertoo syyskuussa julkaistavassa el\u00e4m\u00e4kerrassaan avoimesti seksiel\u00e4m\u00e4st\u00e4\u00e4n.<\/p>\n<p class=\"paragraph\">Sheen puhui kirjan teemoista my\u00f6s Good Morning America -ohjelmassa, jossa h\u00e4n teki paljastuksen seksiel\u00e4m\u00e4st\u00e4\u00e4n ensimm\u00e4ist\u00e4 kertaa. N\u00e4yttelij\u00e4 kertoi <a href=\"https:\/\/people.com\/charlie-sheen-opens-up-about-sexual-encounters-with-men-in-new-memoir-and-documentary-11801842\" rel=\"noopener nofollow\" target=\"_blank\">People-lehden<\/a> mukaan harrastaneensa seksi\u00e4 my\u00f6s miesten kanssa.<\/p>\n<p class=\"paragraph\">Aiemmin Sheen koki asiasta h\u00e4pe\u00e4\u00e4, mutta ei en\u00e4\u00e4. Asiasta puhuminen tuntuu h\u00e4nest\u00e4 nyt vapauttavalta.<\/p>\n<p class=\"paragraph\">\u2013 En aio paeta menneisyytt\u00e4ni enk\u00e4 anna sen hallita minua, Sheen kertoo People-lehdelle.<\/p>\n<p class=\"paragraph\">Sheen kertoo, ett\u00e4 ensimm\u00e4iset seksisuhteet miesten kanssa osuivat samoihin aikoihin, kun h\u00e4nell\u00e4 oli p\u00e4ihdeongelmia. Toisin kuin aiemmin, Sheen ei en\u00e4\u00e4 koe asiasta h\u00e4pe\u00e4\u00e4.<\/p>\n<p class=\"paragraph\">\u2013 Oli aikoja, kun olin poissa tolaltani, yritin k\u00e4sitell\u00e4 ja hyv\u00e4ksy\u00e4 asiaa. Ett\u00e4 mist\u00e4 t\u00e4m\u00e4 kumpuaa ja miksi se tapahtui. Lopulta ajattelin, ett\u00e4 mit\u00e4 sitten, ihan sama, Sheen sanoo.<\/p>\n<p class=\"paragraph\">Kokemuksia Sheenill\u00e4 oli erilaisia.<\/p>\n<p class=\"paragraph\">\u2013 Jotkut kokemukset olivat outoja, mutta toiset taas hiton hauskoja. Ja el\u00e4m\u00e4 jatkuu, Sheen kiteytt\u00e4\u00e4.<\/p>\n<p class=\"paragraph\">Sheenin p\u00e4ihdevuosiin ajoittuu my\u00f6s h\u00e4nen HIV-tartuntansa. Sheen halusi pit\u00e4\u00e4 asian yksityisen\u00e4, mutta osa h\u00e4nen petikumppaneistaan yritti uhkailla Sheeni\u00e4 yritt\u00e4m\u00e4ll\u00e4 tehd\u00e4 asiasta julkista. Sheenin seksikumppanit ottivat n\u00e4yttelij\u00e4n HIV-l\u00e4\u00e4kkeist\u00e4 kuvia ja uhkasivat paljastaa h\u00e4net, ellei n\u00e4yttelij\u00e4 maksaisi heille. Aluksi niin tapahtuikin, kunnes Sheen lopulta tuli asian kanssa julki Today-ohjelmassa vuonna 2015.<\/p>\n<p class=\"paragraph\">Sheen on tehnyt urallaan useita elokuva- ja tv-rooleja. Sheenin n\u00e4yttelij\u00e4nura l\u00e4hti kuitenkin sy\u00f6ksykierteeseen vuonna 2011, kun h\u00e4n sai potkut Miehen puolikkaat -sarjasta. Sen j\u00e4lkeen Sheenill\u00e4 oli projekteja vain v\u00e4h\u00e4n, eik\u00e4 niist\u00e4 maksettu l\u00e4hesk\u00e4\u00e4n yht\u00e4 hyvin kuin hittisarjasta.<\/p>\n<p class=\"paragraph\">Samoihin aikoihin Sheen kamppaili p\u00e4ihteiden kanssa ja aloitti vieroitushoidon. Muutakin myllerryst\u00e4 mahtui yksityisel\u00e4m\u00e4\u00e4n. Sheenill\u00e4 on taustalla kaksi avioeroa ja h\u00e4n on taistellut huoltajuudesta oikeudessa.<\/p>\n<p class=\"paragraph\">Nykyisin Sheen on raitis ja on palannut takaisin n\u00e4yttelij\u00e4n t\u00f6iden pariin.<\/p>\n","protected":false},"excerpt":{"rendered":"Charlie Sheen puhuu avoimesti seksist\u00e4 uudessa el\u00e4m\u00e4kerrassaan. Charlie Sheen ei aio paeta menneisyytt\u00e4\u00e4n. imago sport N\u00e4yttelij\u00e4 Charlie Sheen&hellip;\n","protected":false},"author":2,"featured_media":28955,"comment_status":"","ping_status":"","sticky":false,"template":"","format":"standard","meta":{"footnotes":""},"categories":[130],"tags":[35,153,152,2234,155,137,33,31,30,154,32,140,156,109],"class_list":{"0":"post-28954","1":"post","2":"type-post","3":"status-publish","4":"format-standard","5":"has-post-thumbnail","7":"category-viihde","8":"tag-24h","9":"tag-audiovisuaalinen-media","10":"tag-elokuva-ja-tv-nayttelijat","11":"tag-elokuvagenre","12":"tag-elokuvat","13":"tag-entertainment","14":"tag-fi","15":"tag-finland","16":"tag-finnish","17":"tag-nayttelijat-teatteri","18":"tag-suomi","19":"tag-tv-ja-elokuvat","20":"tag-tv","21":"tag-viihde"},"share_on_mastodon":{"url":"","error":""},"_links":{"self":[{"href":"https:\/\/www.europesays.com\/fi\/wp-json\/wp\/v2\/posts\/28954","targetHints":{"allow":["GET"]}}],"collection":[{"href":"https:\/\/www.europesays.com\/fi\/wp-json\/wp\/v2\/posts"}],"about":[{"href":"https:\/\/www.europesays.com\/fi\/wp-json\/wp\/v2\/types\/post"}],"author":[{"embeddable":true,"href":"https:\/\/www.europesays.com\/fi\/wp-json\/wp\/v2\/users\/2"}],"replies":[{"embeddable":true,"href":"https:\/\/www.europesays.com\/fi\/wp-json\/wp\/v2\/comments?post=28954"}],"version-history":[{"count":0,"href":"https:\/\/www.europesays.com\/fi\/wp-json\/wp\/v2\/posts\/28954\/revisions"}],"wp:featuredmedia":[{"embeddable":true,"href":"https:\/\/www.europesays.com\/fi\/wp-json\/wp\/v2\/media\/28955"}],"wp:attachment":[{"href":"https:\/\/www.europesays.com\/fi\/wp-json\/wp\/v2\/media?parent=28954"}],"wp:term":[{"taxonomy":"category","embeddable":true,"href":"https:\/\/www.europesays.com\/fi\/wp-json\/wp\/v2\/categories?post=28954"},{"taxonomy":"post_tag","embeddable":true,"href":"https:\/\/www.europesays.com\/fi\/wp-json\/wp\/v2\/tags?post=28954"}],"curies":[{"name":"wp","href":"https:\/\/api.w.org\/{rel}","templated":true}]}}