{"id":289561,"date":"2026-06-30T10:55:13","date_gmt":"2026-06-30T10:55:13","guid":{"rendered":"https:\/\/www.europesays.com\/fi\/289561\/"},"modified":"2026-06-30T10:55:13","modified_gmt":"2026-06-30T10:55:13","slug":"yrittajan-omaa-nimea-kantava-majoneesi-villitsi-suomalaiset-joka-vuosi-tulee-halleja-lisaa","status":"publish","type":"post","link":"https:\/\/www.europesays.com\/fi\/289561\/","title":{"rendered":"Yritt\u00e4j\u00e4n omaa nime\u00e4 kantava majoneesi villitsi suomalaiset: \u201dJoka vuosi tulee halleja lis\u00e4\u00e4\u201d"},"content":{"rendered":"<p class=\"gb-ingress__content\">\n\t\t\t\tJesse Kolehmainen vet\u00e4\u00e4 kolmen veljeksen perheyhti\u00f6t\u00e4, joka tavoittelee seuraavaksi Saksan markkinoita.\t\t\t<\/p>\n<p>Tuusulalaisen <strong>Jesse Kolehmaisen<\/strong> nimen mukaan on nimetty paitsi yritys, my\u00f6s sen t\u00e4m\u00e4n hetken suosituin tuotemerkki.<\/p>\n<p>JK-Tuoretalo Oy:n Jesse-majoneesien kauppa k\u00e4y niin kovaa, ett\u00e4 yritys kolkuttelee t\u00e4n\u00e4 vuonna kymmenen miljoonan euron liikevaihtoa.<\/p>\n<p>Jesse Kolehmainen perusti yrityksen vuonna 2012, ja sen j\u00e4lkeen siit\u00e4 on tullut ty\u00f6paikka my\u00f6s h\u00e4nen kahdelle veljelleen Jerelle ja Jonille. Kolmikko omistaa yrityksen yhdess\u00e4 niin, ett\u00e4 Jessell\u00e4 on runsaan 40 prosentin omistusosuus.<\/p>\n<p>\u2013\u00a0Veljet tulivat mukaan siin\u00e4 vaiheessa, kun homma l\u00e4hti kasvamaan, perustajayritt\u00e4j\u00e4 kertoo.<\/p>\n<p>Kolehmainen on koulutukseltaan nuoriso- ja vapaa-ajan ohjaaja. Urasuunnitelmat muuttuivat, kun h\u00e4n l\u00e4hti is\u00e4ns\u00e4 kanssa valmistamaan t\u00e4ytteit\u00e4, joita myytiin muun muassa ruokakaupoille patonkien v\u00e4liin laitettavaksi.<\/p>\n<p>\u2013\u00a0Is\u00e4 valmisti silloin omalla yrityksell\u00e4\u00e4n snack-tuotteita, kolmioleipi\u00e4 ja salaatteja kauppoihin. H\u00e4n oli tehnyt joitakin tahnoja valmiiksi ja p\u00e4\u00e4timme l\u00e4hte\u00e4 kehitt\u00e4m\u00e4\u00e4n niiden valmistusta. Tekij\u00f6it\u00e4 t\u00e4ytepuolella ei ollut siihen aikaan kovinkaan paljon, Jesse Kolehmainen kertoo.<\/p>\n<blockquote class=\"wp-block-quote is-layout-flow wp-block-quote-is-layout-flow\">\n<p>\u201dMeill\u00e4 on positiivinen ongelma, koska yrityksen kaikki sektorit ovat kasvaneet.\u201d<\/p>\n<p>Jesse Kolehmainen, yritt\u00e4j\u00e4, JK-Tuoretalo Oy<\/p>\n<\/blockquote>\n<p>Seuraavaksi Saksaan<\/p>\n<p>Kasvu oli nopeaa: viitisen vuotta my\u00f6hemmin yritys k\u00e4ynnisti majoneesien valmistuksen. Viime marraskuussa valmistui oma tuotantotila t\u00e4ytevalmistukseen. Nykyisin my\u00f6s is\u00e4 Esa on yrityksen palkkalistoilla, mutta ei omistajana.<\/p>\n<p>\u2013\u00a0Meill\u00e4 on positiivinen ongelma, koska yrityksen kaikki sektorit ovat kasvaneet. Ammattikeitti\u00f6- ja ravintolapuoli on nykyisin isossa roolissa.<\/p>\n<p>JK-Tuoretalo valmistaa my\u00f6s private label -tuotteita eli elintarvikkeita asiakkaiden omilla merkeill\u00e4. Tuotantotilat Tuusulassa ovat kasvaneet jatkuvasti isommiksi.<\/p>\n<p>\u2013\u00a0Joka vuosi tulee halleja lis\u00e4\u00e4. Nyt tilaa on yhteens\u00e4 2 500\u20133 000 neli\u00f6t\u00e4, Kolehmainen kertoo.<\/p>\n<p>Vuonna 2025 yritys ylsi 8,6 miljoonan euron liikevaihtoon. Yritt\u00e4j\u00e4n mukaan tuloksesta mahdollisimman paljon on k\u00e4ytetty viime vuosina tila- ja laiteinvestointeihin. Samalla ty\u00f6ntekij\u00e4m\u00e4\u00e4r\u00e4 on kasvanut yli kahteenkymmeneen. Seuraava askel on kansainv\u00e4listyminen, joka on jo k\u00e4ynnistynyt. Toimintaa on Tanskassa, Virossa, Islannissa ja F\u00e4rsaarilla.<\/p>\n<p>\u2013 Yrit\u00e4mme l\u00e4hiaikoina p\u00e4\u00e4st\u00e4 sis\u00e4lle Saksan markkinaan, Kolehmainen sanoo.<\/p>\n<p>Jesse-br\u00e4ndi vet\u00e4\u00e4<\/p>\n<p>Isointa kasvu on ollut Jesse-br\u00e4ndin kuluttajatuotteissa eli l\u00e4hinn\u00e4 majoneeseissa. Kolehmainen pit\u00e4\u00e4 syyn\u00e4 onnistunutta hinnoittelua ja tuotteiden laatua.<\/p>\n<p>\u2013\u00a0Emme ole l\u00e4hteneet hinta edell\u00e4. Pyrimme panostamaan raaka-aineisiin. Suosituimmassa tuotteessa valkosipulimajoneesissa k\u00e4ytet\u00e4\u00e4n tuorevalkosipulia, tuotekehityst\u00e4 johtava Kolehmainen kertoo. H\u00e4n vastaa suurimmasta osasta tuotteiden reseptiikasta.<\/p>\n<p>Hinnoittelussa on onnistuttu sik\u00e4li, ett\u00e4 kuluttajamyynniss\u00e4 yrityksen majoneesipikaria myyd\u00e4\u00e4n kahdella eurolla.<\/p>\n<p>\u2013\u00a0Hinnan ja laadun suhde pit\u00e4\u00e4 olla mahdollisimman hyv\u00e4. Aina ei riit\u00e4, ett\u00e4 on laadukas tuote, jos hinnoittelee sen yli, yritt\u00e4j\u00e4 jatkaa.<\/p>\n<p>\t\t\t\t\t\tVinkkaa meille juttuaihe!<\/p>\n<p>                            Vinkkaa meille juttuaihe!<\/p>\n","protected":false},"excerpt":{"rendered":"Jesse Kolehmainen vet\u00e4\u00e4 kolmen veljeksen perheyhti\u00f6t\u00e4, joka tavoittelee seuraavaksi Saksan markkinoita. Tuusulalaisen Jesse Kolehmaisen nimen mukaan on nimetty&hellip;\n","protected":false},"author":2,"featured_media":289562,"comment_status":"","ping_status":"","sticky":false,"template":"","format":"standard","meta":{"footnotes":"","_share_on_mastodon":"0"},"categories":[76],"tags":[79,77,33,31,30,2544,32,78,2692],"class_list":["post-289561","post","type-post","status-publish","format-standard","has-post-thumbnail","category-talous","tag-business","tag-economy","tag-fi","tag-finland","tag-finnish","tag-kasvu","tag-suomi","tag-talous","tag-yrittu00e4minen"],"share_on_mastodon":{"url":"https:\/\/pubeurope.com\/@fi\/116838696757030242","error":""},"_links":{"self":[{"href":"https:\/\/www.europesays.com\/fi\/wp-json\/wp\/v2\/posts\/289561","targetHints":{"allow":["GET"]}}],"collection":[{"href":"https:\/\/www.europesays.com\/fi\/wp-json\/wp\/v2\/posts"}],"about":[{"href":"https:\/\/www.europesays.com\/fi\/wp-json\/wp\/v2\/types\/post"}],"author":[{"embeddable":true,"href":"https:\/\/www.europesays.com\/fi\/wp-json\/wp\/v2\/users\/2"}],"replies":[{"embeddable":true,"href":"https:\/\/www.europesays.com\/fi\/wp-json\/wp\/v2\/comments?post=289561"}],"version-history":[{"count":0,"href":"https:\/\/www.europesays.com\/fi\/wp-json\/wp\/v2\/posts\/289561\/revisions"}],"wp:featuredmedia":[{"embeddable":true,"href":"https:\/\/www.europesays.com\/fi\/wp-json\/wp\/v2\/media\/289562"}],"wp:attachment":[{"href":"https:\/\/www.europesays.com\/fi\/wp-json\/wp\/v2\/media?parent=289561"}],"wp:term":[{"taxonomy":"category","embeddable":true,"href":"https:\/\/www.europesays.com\/fi\/wp-json\/wp\/v2\/categories?post=289561"},{"taxonomy":"post_tag","embeddable":true,"href":"https:\/\/www.europesays.com\/fi\/wp-json\/wp\/v2\/tags?post=289561"}],"curies":[{"name":"wp","href":"https:\/\/api.w.org\/{rel}","templated":true}]}}