{"id":289597,"date":"2026-06-30T12:11:14","date_gmt":"2026-06-30T12:11:14","guid":{"rendered":"https:\/\/www.europesays.com\/fi\/289597\/"},"modified":"2026-06-30T12:11:14","modified_gmt":"2026-06-30T12:11:14","slug":"is-toni-nieminen-joutui-irtisanoutumaan","status":"publish","type":"post","link":"https:\/\/www.europesays.com\/fi\/289597\/","title":{"rendered":"IS: Toni Nieminen joutui irtisanoutumaan"},"content":{"rendered":"<p>Toni Nieminen kertoi IS:lle j\u00e4tt\u00e4neens\u00e4 teht\u00e4v\u00e4ns\u00e4.<\/p>\n<p><img decoding=\"async\" class=\"image image-show image-preview\" src=\"https:\/\/www.europesays.com\/fi\/wp-content\/uploads\/2026\/06\/3b1252c08ed7cc3c751e0d8ec754aed6a6cae1f7e112425c09c01210e9adec6f.jpg\" alt=\"\"\/><img decoding=\"async\" class=\"image image-show\" src=\"https:\/\/www.europesays.com\/fi\/wp-content\/uploads\/2026\/06\/1782821474_80_3b1252c08ed7cc3c751e0d8ec754aed6a6cae1f7e112425c09c01210e9adec6f.jpg\" alt=\"\"\/><\/p>\n<p>Toni Nieminen aikoo jatkaa raviurheilun parissa. Elle Laitila<\/p>\n<p class=\"paragraph\">M\u00e4kihypyn olympiavoittaja <strong>Toni Nieminen<\/strong> joutuu j\u00e4tt\u00e4m\u00e4\u00e4n ty\u00f6ns\u00e4 Vermon raviradan ratavalmentajana, kertoo <a href=\"https:\/\/www.is.fi\/urheilu\/art-2000012110744.html\" rel=\"noopener nofollow\" target=\"_blank\">Ilta-Sanomat<\/a>.<\/p>\n<p class=\"paragraph\">Nieminen kertoi lehdelle, ett\u00e4 h\u00e4n olisi halunnut jatkaa teht\u00e4v\u00e4ss\u00e4\u00e4n. T\u00e4m\u00e4 ei kuitenkaan ollut taloudellisista syist\u00e4 mahdollista.<\/p>\n<p class=\"paragraph\">\u2013 Jos t\u00e4st\u00e4 ty\u00f6st\u00e4 saisi leiv\u00e4n p\u00f6yt\u00e4\u00e4n, en min\u00e4 mit\u00e4\u00e4n muuta tekisik\u00e4\u00e4n. Ravit on hemmetin hieno laji ja valmentajan ty\u00f6 niin mielek\u00e4st\u00e4, ettei m\u00e4kihypyn lis\u00e4ksi mik\u00e4\u00e4n muu juttu ole kolahtanut samalla tavalla. Mutta oli pakko vihelt\u00e4\u00e4 peli poikki taloudellisista syist\u00e4, h\u00e4n kertoi IS:lle.<\/p>\n<p class=\"paragraph\">H\u00e4n ty\u00f6skenteli Vermossa ratavalmentajana lokakuusta 2024 l\u00e4htien.<\/p>\n<p class=\"paragraph\">Nieminen harmittelee IS:lle, ett\u00e4 tilanne ajautui t\u00e4h\u00e4n pisteeseen.<\/p>\n","protected":false},"excerpt":{"rendered":"Toni Nieminen kertoi IS:lle j\u00e4tt\u00e4neens\u00e4 teht\u00e4v\u00e4ns\u00e4. Toni Nieminen aikoo jatkaa raviurheilun parissa. Elle Laitila M\u00e4kihypyn olympiavoittaja Toni Nieminen&hellip;\n","protected":false},"author":2,"featured_media":289598,"comment_status":"","ping_status":"","sticky":false,"template":"","format":"standard","meta":{"footnotes":"","_share_on_mastodon":"0"},"categories":[158],"tags":[35,33,31,30,5520,7259,7261,41,7265,159,32,160],"class_list":["post-289597","post","type-post","status-publish","format-standard","has-post-thumbnail","category-urheilu","tag-24h","tag-fi","tag-finland","tag-finnish","tag-hevonen","tag-hevoselaimet","tag-kavioelaimet","tag-liikunta-ja-urheilu","tag-ravit","tag-sports","tag-suomi","tag-urheilu"],"share_on_mastodon":{"url":"https:\/\/pubeurope.com\/@fi\/116838996022664977","error":""},"_links":{"self":[{"href":"https:\/\/www.europesays.com\/fi\/wp-json\/wp\/v2\/posts\/289597","targetHints":{"allow":["GET"]}}],"collection":[{"href":"https:\/\/www.europesays.com\/fi\/wp-json\/wp\/v2\/posts"}],"about":[{"href":"https:\/\/www.europesays.com\/fi\/wp-json\/wp\/v2\/types\/post"}],"author":[{"embeddable":true,"href":"https:\/\/www.europesays.com\/fi\/wp-json\/wp\/v2\/users\/2"}],"replies":[{"embeddable":true,"href":"https:\/\/www.europesays.com\/fi\/wp-json\/wp\/v2\/comments?post=289597"}],"version-history":[{"count":0,"href":"https:\/\/www.europesays.com\/fi\/wp-json\/wp\/v2\/posts\/289597\/revisions"}],"wp:featuredmedia":[{"embeddable":true,"href":"https:\/\/www.europesays.com\/fi\/wp-json\/wp\/v2\/media\/289598"}],"wp:attachment":[{"href":"https:\/\/www.europesays.com\/fi\/wp-json\/wp\/v2\/media?parent=289597"}],"wp:term":[{"taxonomy":"category","embeddable":true,"href":"https:\/\/www.europesays.com\/fi\/wp-json\/wp\/v2\/categories?post=289597"},{"taxonomy":"post_tag","embeddable":true,"href":"https:\/\/www.europesays.com\/fi\/wp-json\/wp\/v2\/tags?post=289597"}],"curies":[{"name":"wp","href":"https:\/\/api.w.org\/{rel}","templated":true}]}}