{"id":289684,"date":"2026-06-30T14:32:15","date_gmt":"2026-06-30T14:32:15","guid":{"rendered":"https:\/\/www.europesays.com\/fi\/289684\/"},"modified":"2026-06-30T14:32:15","modified_gmt":"2026-06-30T14:32:15","slug":"mikroruoka-vedetaan-myynnista-mahdollisten-sailyvyysongelmien-takia-uutisia-lyhyesti","status":"publish","type":"post","link":"https:\/\/www.europesays.com\/fi\/289684\/","title":{"rendered":"Mikroruoka vedet\u00e4\u00e4n myynnist\u00e4 mahdollisten s\u00e4ilyvyysongelmien takia | Uutisia lyhyesti"},"content":{"rendered":"<p class=\"aw__sc-1qwuw0s-0 aw__sc-1vg2sqm-0 epAWpq ecELkD yle__article__paragraph\">Takaisinveto koskee eri\u00e4, joiden viimeinen k\u00e4ytt\u00f6p\u00e4iv\u00e4 on 30.6.2026, 2.7.2026, 7.7.2026 ja 10.7.2026.<\/p>\n<p><img decoding=\"async\" alt=\"Tumman sinisell\u00e4 pohjalla kuva Rebl Eats Massaman curry keitosta.\" src=\"https:\/\/www.europesays.com\/fi\/wp-content\/uploads\/2026\/06\/1782824970.jpeg\" class=\"aw__sc-dklauk-0 LPzKX\"\/><\/p>\n<p>Avaa kuvien katselu<\/p>\n<p>Rebl Eats Massaman Curry -keitto vedet\u00e4\u00e4n myynnist\u00e4. Kuva: Rebl Eats Oy, Revinn\u00e4inen: Susanna Pesonen \/ Yle<\/p>\n<p class=\"aw__sc-1qwuw0s-0 aw__sc-ngllmo-0 epAWpq fzYpjk yle__article__paragraph\">Helsinkil\u00e4inen Rebl Eats Oy poistaa myynnist\u00e4 joitakin eri\u00e4 Rebl Eats Massaman Curry -keittoa, Ruokavirasto tiedottaa.<\/p>\n<p class=\"aw__sc-1qwuw0s-0 aw__sc-ngllmo-0 epAWpq fzYpjk yle__article__paragraph\">Tuotetta myyd\u00e4\u00e4n 320 gramman pakkauksissa.<\/p>\n<p class=\"aw__sc-1qwuw0s-0 aw__sc-ngllmo-0 epAWpq fzYpjk yle__article__paragraph\">Ruokaviraston mukaan keiton vihanneksia ei todenn\u00e4k\u00f6isesti olla kypsennetty tarpeeksi T\u00e4m\u00e4n takia keitto ei v\u00e4ltt\u00e4m\u00e4tt\u00e4 s\u00e4ily siihen parasta ennen -merkint\u00e4\u00e4n saakka, mik\u00e4 pakkaukseen on merkitty.<\/p>\n<p class=\"aw__sc-1qwuw0s-0 aw__sc-ngllmo-0 epAWpq fzYpjk yle__article__paragraph\">Takaisinveto koskee niit\u00e4 markkinoilla olevia eri\u00e4, joiden viimeinen k\u00e4ytt\u00f6p\u00e4iv\u00e4 on 30.6.2026, 2.7.2026, 7.7.2026 ja 10.7.2026, tiedotteessa kerrotaan.<\/p>\n<p class=\"aw__sc-1qwuw0s-0 aw__sc-ngllmo-0 epAWpq fzYpjk yle__article__paragraph\">P\u00e4\u00e4asiassa tuote on ollut myynniss\u00e4 K- ja S-ketjujen myym\u00e4l\u00f6iss\u00e4.<\/p>\n","protected":false},"excerpt":{"rendered":"Takaisinveto koskee eri\u00e4, joiden viimeinen k\u00e4ytt\u00f6p\u00e4iv\u00e4 on 30.6.2026, 2.7.2026, 7.7.2026 ja 10.7.2026. Avaa kuvien katselu Rebl Eats Massaman&hellip;\n","protected":false},"author":2,"featured_media":289685,"comment_status":"","ping_status":"","sticky":false,"template":"","format":"standard","meta":{"footnotes":"","_share_on_mastodon":"0"},"categories":[5],"tags":[22,23,1371,26,27,33,31,30,17,71,24,25,28,29,15,18,21,900,32,19,20,27297,16],"class_list":["post-289684","post","type-post","status-publish","format-standard","has-post-thumbnail","category-otsikot","tag-breaking-news","tag-breakingnews","tag-elintarvikkeet","tag-featured-news","tag-featurednews","tag-fi","tag-finland","tag-finnish","tag-headlines","tag-kotimaa","tag-latest-news","tag-latestnews","tag-main-news","tag-mainnews","tag-news","tag-otsikot","tag-paauutiset","tag-ruoka","tag-suomi","tag-top-stories","tag-topstories","tag-tuotteen-takaisinveto","tag-uutiset"],"share_on_mastodon":{"url":"https:\/\/pubeurope.com\/@fi\/116839550210173440","error":""},"_links":{"self":[{"href":"https:\/\/www.europesays.com\/fi\/wp-json\/wp\/v2\/posts\/289684","targetHints":{"allow":["GET"]}}],"collection":[{"href":"https:\/\/www.europesays.com\/fi\/wp-json\/wp\/v2\/posts"}],"about":[{"href":"https:\/\/www.europesays.com\/fi\/wp-json\/wp\/v2\/types\/post"}],"author":[{"embeddable":true,"href":"https:\/\/www.europesays.com\/fi\/wp-json\/wp\/v2\/users\/2"}],"replies":[{"embeddable":true,"href":"https:\/\/www.europesays.com\/fi\/wp-json\/wp\/v2\/comments?post=289684"}],"version-history":[{"count":0,"href":"https:\/\/www.europesays.com\/fi\/wp-json\/wp\/v2\/posts\/289684\/revisions"}],"wp:featuredmedia":[{"embeddable":true,"href":"https:\/\/www.europesays.com\/fi\/wp-json\/wp\/v2\/media\/289685"}],"wp:attachment":[{"href":"https:\/\/www.europesays.com\/fi\/wp-json\/wp\/v2\/media?parent=289684"}],"wp:term":[{"taxonomy":"category","embeddable":true,"href":"https:\/\/www.europesays.com\/fi\/wp-json\/wp\/v2\/categories?post=289684"},{"taxonomy":"post_tag","embeddable":true,"href":"https:\/\/www.europesays.com\/fi\/wp-json\/wp\/v2\/tags?post=289684"}],"curies":[{"name":"wp","href":"https:\/\/api.w.org\/{rel}","templated":true}]}}