{"id":28974,"date":"2025-09-08T14:19:06","date_gmt":"2025-09-08T14:19:06","guid":{"rendered":"https:\/\/www.europesays.com\/fi\/28974\/"},"modified":"2025-09-08T14:19:06","modified_gmt":"2025-09-08T14:19:06","slug":"banksyn-uusi-muraali-lontoossa-esittaa-tuomarin-lyovan-mielenosoittajaa-uutisia-lyhyesti","status":"publish","type":"post","link":"https:\/\/www.europesays.com\/fi\/28974\/","title":{"rendered":"Banksyn uusi muraali Lontoossa esitt\u00e4\u00e4 tuomarin ly\u00f6v\u00e4n mielenosoittajaa | Uutisia lyhyesti"},"content":{"rendered":"<p class=\"sc-jYczwO sc-ciCoXh frIBdZ cPdSqu yle__article__paragraph\">Brittil\u00e4inen katutaiteilija Banksy on ilmoittanut tehneens\u00e4 sein\u00e4maalauksen Lontoon korkeimman oikeuden rakennukseen.<\/p>\n<p class=\"sc-jYczwO sc-ciCoXh frIBdZ cPdSqu yle__article__paragraph\">Muraalissa peruukkip\u00e4inen tuomari heiluttaa nuijaa ly\u00f6d\u00e4kseen mielenosoittajaa, joka makaa maassa ly\u00f6tyn\u00e4.<\/p>\n<p class=\"sc-jYczwO sc-ciCoXh frIBdZ cPdSqu yle__article__paragraph\">Teos saattaa olla Banksyn reaktio Lontoon viimeaikaisiin levottomuuksiin. Maalaus ilmestyi sen j\u00e4lkeen, kun l\u00e4hes 900 ihmist\u00e4 pid\u00e4tettiin lauantaina Palestine Action -ryhm\u00e4n kielt\u00e4mist\u00e4 vastustavassa mielenosoituksessa.<\/p>\n<p class=\"sc-jYczwO sc-ciCoXh frIBdZ cPdSqu yle__article__paragraph\">Teos on nyt peitetty ja sen valokuvaaminen on estetty.<\/p>\n<p class=\"sc-jYczwO sc-ciCoXh frIBdZ cPdSqu yle__article__paragraph\">L\u00e4hde: Reuters<\/p>\n","protected":false},"excerpt":{"rendered":"Brittil\u00e4inen katutaiteilija Banksy on ilmoittanut tehneens\u00e4 sein\u00e4maalauksen Lontoon korkeimman oikeuden rakennukseen. Muraalissa peruukkip\u00e4inen tuomari heiluttaa nuijaa ly\u00f6d\u00e4kseen mielenosoittajaa,&hellip;\n","protected":false},"author":2,"featured_media":28975,"comment_status":"","ping_status":"","sticky":false,"template":"","format":"standard","meta":{"footnotes":"","_share_on_mastodon":"0"},"categories":[14],"tags":[8809,22,23,26,27,33,31,30,17,8810,1013,24,25,28,29,15,18,21,32,19,20,56,16,59,60,61],"class_list":["post-28974","post","type-post","status-publish","format-standard","has-post-thumbnail","category-ulkomaat","tag-banksy","tag-breaking-news","tag-breakingnews","tag-featured-news","tag-featurednews","tag-fi","tag-finland","tag-finnish","tag-headlines","tag-katutaide","tag-kuvataide","tag-latest-news","tag-latestnews","tag-main-news","tag-mainnews","tag-news","tag-otsikot","tag-paauutiset","tag-suomi","tag-top-stories","tag-topstories","tag-ulkomaat","tag-uutiset","tag-world","tag-world-news","tag-worldnews"],"share_on_mastodon":{"url":"","error":""},"_links":{"self":[{"href":"https:\/\/www.europesays.com\/fi\/wp-json\/wp\/v2\/posts\/28974","targetHints":{"allow":["GET"]}}],"collection":[{"href":"https:\/\/www.europesays.com\/fi\/wp-json\/wp\/v2\/posts"}],"about":[{"href":"https:\/\/www.europesays.com\/fi\/wp-json\/wp\/v2\/types\/post"}],"author":[{"embeddable":true,"href":"https:\/\/www.europesays.com\/fi\/wp-json\/wp\/v2\/users\/2"}],"replies":[{"embeddable":true,"href":"https:\/\/www.europesays.com\/fi\/wp-json\/wp\/v2\/comments?post=28974"}],"version-history":[{"count":0,"href":"https:\/\/www.europesays.com\/fi\/wp-json\/wp\/v2\/posts\/28974\/revisions"}],"wp:featuredmedia":[{"embeddable":true,"href":"https:\/\/www.europesays.com\/fi\/wp-json\/wp\/v2\/media\/28975"}],"wp:attachment":[{"href":"https:\/\/www.europesays.com\/fi\/wp-json\/wp\/v2\/media?parent=28974"}],"wp:term":[{"taxonomy":"category","embeddable":true,"href":"https:\/\/www.europesays.com\/fi\/wp-json\/wp\/v2\/categories?post=28974"},{"taxonomy":"post_tag","embeddable":true,"href":"https:\/\/www.europesays.com\/fi\/wp-json\/wp\/v2\/tags?post=28974"}],"curies":[{"name":"wp","href":"https:\/\/api.w.org\/{rel}","templated":true}]}}