{"id":289742,"date":"2026-06-30T16:17:12","date_gmt":"2026-06-30T16:17:12","guid":{"rendered":"https:\/\/www.europesays.com\/fi\/289742\/"},"modified":"2026-06-30T16:17:12","modified_gmt":"2026-06-30T16:17:12","slug":"unkarissa-mitattiin-kaikkien-aikojen-lampoennatys-uutisia-lyhyesti","status":"publish","type":"post","link":"https:\/\/www.europesays.com\/fi\/289742\/","title":{"rendered":"Unkarissa mitattiin kaikkien aikojen l\u00e4mp\u00f6enn\u00e4tys | Uutisia lyhyesti"},"content":{"rendered":"<p class=\"aw__sc-1qwuw0s-0 aw__sc-ngllmo-0 epAWpq fzYpjk yle__article__paragraph\">Unkarissa on mitattu maan kaikkien aikojen l\u00e4mp\u00f6enn\u00e4tys, kertoo maan ilmatieteen laitos.<\/p>\n<p class=\"aw__sc-1qwuw0s-0 aw__sc-ngllmo-0 epAWpq fzYpjk yle__article__paragraph\">Enn\u00e4tys meni rikki Pohjois-Unkarissa l\u00e4hell\u00e4 Slovakian rajaa, kun l\u00e4mp\u00f6tila nousi 42 asteeseen. Aiempi enn\u00e4tys oli vuodelta 2007, jolloin elohopea kipusi 41,9 asteeseen.<\/p>\n<p class=\"aw__sc-1qwuw0s-0 aw__sc-ngllmo-0 epAWpq fzYpjk yle__article__paragraph\">Eurooppaa k\u00e4rist\u00e4v\u00e4t 40 asteen hirmuhelteet ovat liikkuneet alkuviikosta it\u00e4\u00e4n. Meneill\u00e4\u00e4n oleva l\u00e4mp\u00f6aalto on kuumin, mik\u00e4 Euroopassa on koskaan mitattu, ja l\u00e4mp\u00f6enn\u00e4tyksi\u00e4 on rikkoutunut per\u00e4kk\u00e4isin\u00e4 p\u00e4ivin\u00e4 useissa maissa.<\/p>\n<p><img decoding=\"async\" alt=\"Joki on kuivunut ja hiekkapohja n\u00e4kyy monesta kohtaa.\" src=\"https:\/\/www.europesays.com\/fi\/wp-content\/uploads\/2026\/06\/1782832435.jpeg\" loading=\"lazy\" class=\"aw__sc-dklauk-0 LPzKX\"\/><\/p>\n<p>Avaa kuvien katselu<\/p>\n<p>Tonavan suurin sivujoki ja Unkarin toiseksi pisin joki Tisza, on paikoin kuivunut kovilla helteill\u00e4 29. kes\u00e4kuuta. Kuva: Zsolt Czegledi \/ EPA<\/p>\n","protected":false},"excerpt":{"rendered":"Unkarissa on mitattu maan kaikkien aikojen l\u00e4mp\u00f6enn\u00e4tys, kertoo maan ilmatieteen laitos. Enn\u00e4tys meni rikki Pohjois-Unkarissa l\u00e4hell\u00e4 Slovakian rajaa,&hellip;\n","protected":false},"author":2,"featured_media":289743,"comment_status":"","ping_status":"","sticky":false,"template":"","format":"standard","meta":{"footnotes":"","_share_on_mastodon":"0"},"categories":[5],"tags":[22,23,26,27,33,31,30,17,1709,24,25,28,29,15,18,21,710,32,19,20,56,4227,16],"class_list":["post-289742","post","type-post","status-publish","format-standard","has-post-thumbnail","category-otsikot","tag-breaking-news","tag-breakingnews","tag-featured-news","tag-featurednews","tag-fi","tag-finland","tag-finnish","tag-headlines","tag-helle","tag-latest-news","tag-latestnews","tag-main-news","tag-mainnews","tag-news","tag-otsikot","tag-paauutiset","tag-saa","tag-suomi","tag-top-stories","tag-topstories","tag-ulkomaat","tag-unkari","tag-uutiset"],"share_on_mastodon":{"url":"https:\/\/pubeurope.com\/@fi\/116839962840420355","error":""},"_links":{"self":[{"href":"https:\/\/www.europesays.com\/fi\/wp-json\/wp\/v2\/posts\/289742","targetHints":{"allow":["GET"]}}],"collection":[{"href":"https:\/\/www.europesays.com\/fi\/wp-json\/wp\/v2\/posts"}],"about":[{"href":"https:\/\/www.europesays.com\/fi\/wp-json\/wp\/v2\/types\/post"}],"author":[{"embeddable":true,"href":"https:\/\/www.europesays.com\/fi\/wp-json\/wp\/v2\/users\/2"}],"replies":[{"embeddable":true,"href":"https:\/\/www.europesays.com\/fi\/wp-json\/wp\/v2\/comments?post=289742"}],"version-history":[{"count":0,"href":"https:\/\/www.europesays.com\/fi\/wp-json\/wp\/v2\/posts\/289742\/revisions"}],"wp:featuredmedia":[{"embeddable":true,"href":"https:\/\/www.europesays.com\/fi\/wp-json\/wp\/v2\/media\/289743"}],"wp:attachment":[{"href":"https:\/\/www.europesays.com\/fi\/wp-json\/wp\/v2\/media?parent=289742"}],"wp:term":[{"taxonomy":"category","embeddable":true,"href":"https:\/\/www.europesays.com\/fi\/wp-json\/wp\/v2\/categories?post=289742"},{"taxonomy":"post_tag","embeddable":true,"href":"https:\/\/www.europesays.com\/fi\/wp-json\/wp\/v2\/tags?post=289742"}],"curies":[{"name":"wp","href":"https:\/\/api.w.org\/{rel}","templated":true}]}}