{"id":289941,"date":"2026-06-30T22:44:20","date_gmt":"2026-06-30T22:44:20","guid":{"rendered":"https:\/\/www.europesays.com\/fi\/289941\/"},"modified":"2026-06-30T22:44:20","modified_gmt":"2026-06-30T22:44:20","slug":"angelina-jolie-paljastaa-deittailuelamansa-salaisuudet-yllattava-kaanne-avioeron-jalkeen","status":"publish","type":"post","link":"https:\/\/www.europesays.com\/fi\/289941\/","title":{"rendered":"Angelina Jolie paljastaa deittailuel\u00e4m\u00e4ns\u00e4 salaisuudet &#8211; Yll\u00e4tt\u00e4v\u00e4 k\u00e4\u00e4nne avioeron j\u00e4lkeen"},"content":{"rendered":"<p>            s.e.t. Photo \/ All Over Press\n        <\/p>\n<p class=\"subtitle \">Kymmenen vuotta sitten Brad Pittist\u00e4 eronnut Angelina Jolie teki t\u00e4ysin odottamattoman paljastuksen deittailuel\u00e4m\u00e4st\u00e4\u00e4n avioeron j\u00e4lkeen.<\/p>\n<p class=\"article-content article-content-width !bg-background\">Deittailukuvionsa omana tietonaan pit\u00e4nyt , 51, on raottanut sanaista arkkuaan. Se, mit\u00e4 Angelina itsest\u00e4\u00e4n nyt paljastaa, voi tulla monille suurena yll\u00e4tyksen\u00e4.<\/p>\n<p class=\"font-weight-bold m-font-weight-bold article-content article-content-width !bg-background\">Video: Kuka flexaa nyt? Brad Pitt &amp; Ines de Ramos<\/p>\n<p class=\"article-content article-content-width !bg-background\">Tulevaa elokuvaansa Couture mainostava t\u00e4hti kertoi <a href=\"https:\/\/www.yahoo.com\/entertainment\/celebrity\/article\/angelina-jolie-feels-like-life-has-broken-me-a-little-bit-shes-ready-to-reconnect-with-her-old-self-110000534.html?utm_campaign=trueanthem&amp;utm_medium=social&amp;utm_source=instagram\" target=\"_blank\" rel=\"nofollow noopener\">Yahoo Entertainmentille<\/a>, ettei ole tapaillut ket\u00e4\u00e4n avioeronsa j\u00e4lkeen.<\/p>\n<p>        <a itemprop=\"url\" href=\"https:\/\/www.seiska.fi\/ulkomaat\/taas-yksi-brad-pittin-lapsista-hylkaa-isan-sukunimen\/2178256\" rel=\"nofollow noopener\" target=\"_blank\"><\/p>\n<p>\nBrad Pittin alho\n<\/p>\n<p class=\"section-date\">\n        <strong class=\"article-section\" data-section=\"ulkomaat\"><br \/>\n            ulkomaat<br \/>\n        <\/strong><br \/>\n        10.6. 19:06\n    <\/p>\n<p>Taas yksi Brad Pittin lapsista hylk\u00e4\u00e4 is\u00e4n sukunimen\n    <\/p>\n<p itemprop=\"description\" class=\"subtitle \">\n    Onko kyse lasten omasta tahdosta vai vanhempien julmasta valtapelist\u00e4?\n<\/p>\n<p>        <\/a><\/p>\n<p>Vuosikymmen sinkkuna<\/p>\n<p class=\"article-content article-content-width !bg-background\">, 62, vuonna 2016 avioeron ottanut Angelina kuvaili haastattelussa sit\u00e4, kuinka h\u00e4n omistautui \u00e4itiydelle v\u00e4lirikon j\u00e4lkeen.<\/p>\n<p class=\"article-content article-content-width !bg-background\">\u2013 Rehellisesti sanottuna en ole tapaillut ket\u00e4\u00e4n kymmeneen vuoteen, Jolie paljasti haastattelussa.\u00a0<\/p>\n<p class=\"article-content article-content-width !bg-background\">Nyt 51-vuotias n\u00e4yttelij\u00e4t\u00e4r tunnustaa olevansa vihdoin valmis harkitsemaan vaihtoehtojaan.<\/p>\n<p class=\"article-content article-content-width !bg-background\">\u2013 Olen ehk\u00e4 hieman palannut ihmiseksi, joka ennen olin, Angelina kertoi\u00a0Yahoolle.<\/p>\n<p>                <img loading=\"lazy\" decoding=\"async\" src=\"https:\/\/www.europesays.com\/fi\/wp-content\/uploads\/2026\/06\/2194923.webp\" width=\"576\" height=\"274\" alt=\"Brad Pitt ja Angelina Jolie vuonna 2006.\" \/>            <\/p>\n<p>\n            Brad Pitt ja Angelina Jolie vuonna 2006.<br \/>\n            RDB \/ All Over Press\n        <\/p>\n<p>        <a itemprop=\"url\" href=\"https:\/\/www.seiska.fi\/ulkomaat\/huh-mika-tyyli-talta-nayttavat-angelina-jolien-ja-brad-pittin-lapset-nyt\/2166012\" rel=\"nofollow noopener\" target=\"_blank\"><\/p>\n<p>\nT\u00e4lt\u00e4 n\u00e4ytt\u00e4v\u00e4t Angelina Jolien lapset\n<\/p>\n<p class=\"section-date\">\n        <strong class=\"article-section\" data-section=\"ulkomaat\"><br \/>\n            ulkomaat<br \/>\n        <\/strong><br \/>\n        30.5. 21:00\n    <\/p>\n<p>Huh, mik\u00e4 tyyli! T\u00e4lt\u00e4 n\u00e4ytt\u00e4v\u00e4t Angelina Jolien ja Brad Pittin lapset nyt\n    <\/p>\n<p itemprop=\"description\" class=\"subtitle \">\n    Angelina Jolien poika Knox esitteli uskomattoman hiusmuodonmuutoksen \u2013 Katso kuvat!\n<\/p>\n<p>        <\/a><\/p>\n<p>Vuosia kest\u00e4nyt oikeusriita<\/p>\n<p class=\"article-content article-content-width !bg-background\">Avioeron j\u00e4lkeen Angelina ja Brad k\u00e4viv\u00e4t kahdeksan vuotta kest\u00e4neen, kivuliaan erokiistan l\u00e4pi. Ex-pariskunnalla on per\u00e4ti kuusi lasta yhdess\u00e4, joista kolme on adoptoituja.<\/p>\n<p class=\"article-content article-content-width !bg-background\">Katsellessaan aikuisia lapsiaan Angelina on oivaltanut, mit\u00e4 h\u00e4n toivoo omille tytt\u00e4rilleen. Samalla h\u00e4n on p\u00e4\u00e4tynyt reflektoimaan sit\u00e4, mit\u00e4 itse on kenties matkan varrella kadottanut.<\/p>\n<p class=\"article-content article-content-width !bg-background\">\u2013 He auttavat minua l\u00f6yt\u00e4m\u00e4\u00e4n vanhan itseni, Angelina sanoo tytt\u00e4rist\u00e4\u00e4n.<\/p>\n<p class=\"article-content article-content-width !bg-background\">\u2013 Luulen, ett\u00e4 he haluavat minun olevan jotain muutakin kuin vain &#8221;\u00e4iti&#8221;.<\/p>\n<p>                <img loading=\"lazy\" decoding=\"async\" src=\"https:\/\/www.europesays.com\/fi\/wp-content\/uploads\/2026\/06\/2194902.webp\" width=\"576\" height=\"360\" alt=\"Angelina Jolie lastensa kanssa Eternal-elokuvan ensi-illassa vuonna 2021.\" \/>            <\/p>\n<p>\n            Angelina Jolie lastensa kanssa Eternal-elokuvan ensi-illassa vuonna 2021.<br \/>\n            Alamy \/ All Over Press\n        <\/p>\n<p>        <a itemprop=\"url\" href=\"https:\/\/www.seiska.fi\/ulkomaat\/mita-ihmetta-tapahtui-angelina-jolien-kasvoille-huoli-herasi\/2119366\" rel=\"nofollow noopener\" target=\"_blank\"><\/p>\n<p>\nHuoli her\u00e4si Angelina Joliesta\n<\/p>\n<p class=\"section-date\">\n        <strong class=\"article-section\" data-section=\"ulkomaat\"><br \/>\n            ulkomaat<br \/>\n        <\/strong><br \/>\n        2.4. 20:00\n    <\/p>\n<p>Mit\u00e4 ihmett\u00e4 tapahtui Angelina Jolien kasvoille? Huoli her\u00e4si\n    <\/p>\n<p itemprop=\"description\" class=\"subtitle \">\n    Angelina jolien muuttunut ulkon\u00e4k\u00f6 on her\u00e4tt\u00e4nyt huolta h\u00e4nen terveydest\u00e4\u00e4n ja saanut salaliittoteoriat kuumiksi.\n<\/p>\n<p>        <\/a><\/p>\n<p>Kipe\u00e4 tosiasia<\/p>\n<p class=\"article-content article-content-width !bg-background\">Angelina ei haastattelussa mennyt syv\u00e4lle yksityiskohtiin sen suhteen, miten Brad ja eroa seuranneet huoltajuuskiistat ovat h\u00e4nt\u00e4 satuttaneet. N\u00e4yttelij\u00e4t\u00e4r kuitenkin my\u00f6nsi, ettei ole selvinnyt kaikesta ehjin nahoin.<\/p>\n<p class=\"article-content article-content-width !bg-background\">\u2013 Luulen, ett\u00e4 minun on taas aika alkaa el\u00e4\u00e4. Olla vapaa. El\u00e4m\u00e4 on\u00a0kenties hieman rikkonut minua, Angelina tunnusti haastattelussa.<\/p>\n<p class=\"article-content article-content-width !bg-background\">N\u00e4yttelemisen lis\u00e4ksi on Angelina Jolie jo vuosikymmenien ajan osallistunut aktiivisesti erilaisiin hyv\u00e4ntekev\u00e4isyysprojekteihin ja omistautunut humanit\u00e4\u00e4riselle ty\u00f6lle.\u00a0<\/p>\n<p>        <a itemprop=\"url\" href=\"https:\/\/www.seiska.fi\/ulkomaat\/talta-hollywood-julkkikset-nayttivat-ennen-kuuluisuutta-tunnistaisitko-1\/2151684\" rel=\"nofollow noopener\" target=\"_blank\"><\/p>\n<p>\nTunnistaisitko?\n<\/p>\n<p class=\"section-date\">\n        <strong class=\"article-section\" data-section=\"ulkomaat\"><br \/>\n            ulkomaat<br \/>\n        <\/strong><br \/>\n        17.5. 10:00\n    <\/p>\n<p>T\u00e4lt\u00e4 Hollywood-julkkikset n\u00e4yttiv\u00e4t ennen kuuluisuutta &#8211; tunnistaisitko?\n    <\/p>\n<p itemprop=\"description\" class=\"subtitle \">\n    Superstarojen kasvot ovat tutut, mutta tunnistaistiko heit\u00e4 nuoruuskuvista?\n<\/p>\n<p>        <\/a><\/p>\n<p class=\"article-content article-content-width !bg-background\">\u00a0<\/p>\n","protected":false},"excerpt":{"rendered":"s.e.t. Photo \/ All Over Press Kymmenen vuotta sitten Brad Pittist\u00e4 eronnut Angelina Jolie teki t\u00e4ysin odottamattoman paljastuksen&hellip;\n","protected":false},"author":2,"featured_media":289942,"comment_status":"","ping_status":"","sticky":false,"template":"","format":"standard","meta":{"footnotes":"","_share_on_mastodon":"0"},"categories":[130],"tags":[2454,11455,2759,1294,13842,137,33,31,30,32,109],"class_list":["post-289941","post","type-post","status-publish","format-standard","has-post-thumbnail","category-viihde","tag-aitiys","tag-angelina-jolie","tag-avioero","tag-brad-pitt","tag-deittailu","tag-entertainment","tag-fi","tag-finland","tag-finnish","tag-suomi","tag-viihde"],"share_on_mastodon":{"url":"https:\/\/pubeurope.com\/@fi\/116841484919307868","error":""},"_links":{"self":[{"href":"https:\/\/www.europesays.com\/fi\/wp-json\/wp\/v2\/posts\/289941","targetHints":{"allow":["GET"]}}],"collection":[{"href":"https:\/\/www.europesays.com\/fi\/wp-json\/wp\/v2\/posts"}],"about":[{"href":"https:\/\/www.europesays.com\/fi\/wp-json\/wp\/v2\/types\/post"}],"author":[{"embeddable":true,"href":"https:\/\/www.europesays.com\/fi\/wp-json\/wp\/v2\/users\/2"}],"replies":[{"embeddable":true,"href":"https:\/\/www.europesays.com\/fi\/wp-json\/wp\/v2\/comments?post=289941"}],"version-history":[{"count":0,"href":"https:\/\/www.europesays.com\/fi\/wp-json\/wp\/v2\/posts\/289941\/revisions"}],"wp:featuredmedia":[{"embeddable":true,"href":"https:\/\/www.europesays.com\/fi\/wp-json\/wp\/v2\/media\/289942"}],"wp:attachment":[{"href":"https:\/\/www.europesays.com\/fi\/wp-json\/wp\/v2\/media?parent=289941"}],"wp:term":[{"taxonomy":"category","embeddable":true,"href":"https:\/\/www.europesays.com\/fi\/wp-json\/wp\/v2\/categories?post=289941"},{"taxonomy":"post_tag","embeddable":true,"href":"https:\/\/www.europesays.com\/fi\/wp-json\/wp\/v2\/tags?post=289941"}],"curies":[{"name":"wp","href":"https:\/\/api.w.org\/{rel}","templated":true}]}}