{"id":28999,"date":"2025-09-08T15:02:07","date_gmt":"2025-09-08T15:02:07","guid":{"rendered":"https:\/\/www.europesays.com\/fi\/28999\/"},"modified":"2025-09-08T15:02:07","modified_gmt":"2025-09-08T15:02:07","slug":"yksi-asia-ttk-lahetyksessa-yllatti-myos-tanssiraadin","status":"publish","type":"post","link":"https:\/\/www.europesays.com\/fi\/28999\/","title":{"rendered":"Yksi asia TTK-l\u00e4hetyksess\u00e4 yll\u00e4tti my\u00f6s Tanssiraadin"},"content":{"rendered":"<p><strong class=\"typography-bold\">Ensimm\u00e4inen suora Tanssii T\u00e4htien Kanssa -l\u00e4hetys oli Tanssiraadin silm\u00e4\u00e4n monipuolinen.<\/strong><\/p>\n<p><a class=\"underline\" data-testid=\"internal-link\" role=\"link\" data-sentry-element=\"Link\" data-sentry-component=\"InternalLink\" data-sentry-source-file=\"InternalLink.tsx\" href=\"https:\/\/www.mtvuutiset.fi\/aihe\/tanssii-tahtien-kanssa\/2839810\" rel=\"nofollow noopener\" target=\"_blank\">Tanssii T\u00e4htien Kanssa<\/a> -ohjelman suorat l\u00e4hetykset alkoivat sunnuntaina 7. syyskuuta, jolloin t\u00e4htiparit esitteliv\u00e4t ensi kerran taitonsa tanssiparketilla.\u00a0<\/p>\n<p><a class=\"underline\" data-testid=\"internal-link\" role=\"link\" data-sentry-element=\"Link\" data-sentry-component=\"InternalLink\" data-sentry-source-file=\"InternalLink.tsx\" href=\"https:\/\/www.mtvuutiset.fi\/aihe\/huomenta-suomi\/8612762\" rel=\"nofollow noopener\" target=\"_blank\">Huomenta Suomen<\/a> <a class=\"underline\" data-testid=\"internal-link\" role=\"link\" data-sentry-element=\"Link\" data-sentry-component=\"InternalLink\" data-sentry-source-file=\"InternalLink.tsx\" href=\"https:\/\/www.mtvuutiset.fi\/aihe\/tanssiraati\/8771198\" rel=\"nofollow noopener\" target=\"_blank\">Tanssiraadissa<\/a> ruodittiin seuraavana aamuna sit\u00e4, milt\u00e4 tanssit vaikuttivat. MTV Uutisten viihdetoimittajien <strong class=\"typography-bold\">Katja Lintusen <\/strong>ja <strong class=\"typography-bold\">Aino Hailin <\/strong>mukaan ensimm\u00e4isest\u00e4 l\u00e4hetyksest\u00e4 erityisesti mieleen j\u00e4i parien v\u00e4liset tasoerot.\u00a0<\/p>\n<p>\u2013 Se ehk\u00e4 yll\u00e4tti t\u00e4n\u00e4 vuonna, mutta se tarkoittaa sit\u00e4, ett\u00e4 t\u00e4n\u00e4 vuonna n\u00e4hd\u00e4\u00e4n paljon kehityskaaria, Lintunen mietti.\u00a0<\/p>\n<p>Yll\u00e4tyksi\u00e4 iltaan mahtui my\u00f6s. Lintunen nosti esille 203 senttimetrisen ex-kiekkoilijan <a class=\"underline\" data-testid=\"internal-link\" role=\"link\" data-sentry-element=\"Link\" data-sentry-component=\"InternalLink\" data-sentry-source-file=\"InternalLink.tsx\" href=\"https:\/\/www.mtvuutiset.fi\/aihe\/marko-anttila\/7425584\" rel=\"nofollow noopener\" target=\"_blank\"><strong class=\"typography-bold\">Marko &#8221;M\u00f6rk\u00f6&#8221; Anttilan<\/strong><\/a><strong class=\"typography-bold\"> <\/strong>ja kertoi h\u00e4mm\u00e4styneens\u00e4 eniten h\u00e4nen taidoistaan. Haili kertoi olevansa kuitenkin eri mielt\u00e4. T\u00e4htiparien julkistustilaisuudessa Anttila oli pohtinut Hailille, ett\u00e4 mik\u00e4li h\u00e4nen pitk\u00e4t raajansa saadaan tottelemaan, voi h\u00e4nen tanssinsa n\u00e4ytt\u00e4\u00e4 hyvinkin n\u00e4ytt\u00e4v\u00e4lt\u00e4.\u00a0<\/p>\n<p>\u2013 H\u00e4nell\u00e4 oli sellaista tietynlaista itsevarmuutta siihen asiaan liittyen, ja mietin, ett\u00e4 h\u00e4n on urheilija ja osaa kuitenkin k\u00e4ytt\u00e4\u00e4 sit\u00e4 kroppaansa, h\u00e4n tiet\u00e4\u00e4, miten se toimii, ett\u00e4 h\u00e4n ei nyt varmaan puhu ihan palturia, kun h\u00e4n uskaltaa heitt\u00e4\u00e4 ilmoille t\u00e4llaisen ajatuksen. Mielest\u00e4ni Marko lunasti sen, mit\u00e4 h\u00e4n silloin sanoi.\u00a0<\/p>\n<p>TTK-tuomarien sek\u00e4 Tanssiraadin h\u00e4mm\u00e4styksen aihe oli kuitenkin se, kuinka Anttilan ja h\u00e4nen t\u00e4htiopettajansa <a class=\"underline\" data-testid=\"internal-link\" role=\"link\" data-sentry-element=\"Link\" data-sentry-component=\"InternalLink\" data-sentry-source-file=\"InternalLink.tsx\" href=\"https:\/\/www.mtvuutiset.fi\/aihe\/kia-lehmuskoski\/7156130\" rel=\"nofollow noopener\" target=\"_blank\"><strong class=\"typography-bold\">Kia Lehmuskosken<\/strong><\/a><strong class=\"typography-bold\"> <\/strong>v\u00e4linen yli 40 senttimetrin pituusero ei haitannut tanssia \u2013 p\u00e4invastoin.\u00a0<\/p>\n<p>Lue my\u00f6s: <a class=\"underline\" data-testid=\"internal-link\" role=\"link\" data-sentry-element=\"Link\" data-sentry-component=\"InternalLink\" data-sentry-source-file=\"InternalLink.tsx\" href=\"https:\/\/www.mtvuutiset.fi\/artikkeli\/morko-loi-sisaan-marko-anttila-allistytti-ttk-parketilla-olen-melkein-sanaton\/9217816\" rel=\"nofollow noopener\" target=\"_blank\">M\u00f6rk\u00f6 l\u00f6i sis\u00e4\u00e4n! Marko Anttila \u00e4llistytti TTK-parketilla: &#8221;Olen melkein sanaton&#8221;<\/a><\/p>\n<p>T\u00e4ll\u00e4 Tanssii T\u00e4htien Kanssa -tuotantokaudella on monia pitki\u00e4 t\u00e4htioppilaita. Tanssiparin v\u00e4linen pituusero voi osoittautua my\u00f6s haasteeksi.<\/p>\n<p>\u2013 <a class=\"underline\" data-testid=\"internal-link\" role=\"link\" data-sentry-element=\"Link\" data-sentry-component=\"InternalLink\" data-sentry-source-file=\"InternalLink.tsx\" href=\"https:\/\/www.mtvuutiset.fi\/aihe\/paulus-arajuuri\/7647134\" rel=\"nofollow noopener\" target=\"_blank\"><strong class=\"typography-bold\">Paulus Arajuurella<\/strong><\/a><strong class=\"typography-bold\"> <\/strong>ja <a class=\"underline\" data-testid=\"internal-link\" role=\"link\" data-sentry-element=\"Link\" data-sentry-component=\"InternalLink\" data-sentry-source-file=\"InternalLink.tsx\" href=\"https:\/\/www.mtvuutiset.fi\/aihe\/liisa-setala\/8986384\" rel=\"nofollow noopener\" target=\"_blank\"><strong class=\"typography-bold\">Liisa Set\u00e4l\u00e4ll\u00e4<\/strong><\/a><strong class=\"typography-bold\"> <\/strong>n\u00e4htiin taas sit\u00e4, ett\u00e4 kyll\u00e4h\u00e4n Pauluksella oli v\u00e4h\u00e4n vaikeaa pit\u00e4\u00e4 sit\u00e4 tanssiasentoa, kun n\u00e4ytti v\u00e4lill\u00e4 v\u00e4h\u00e4n silt\u00e4, ett\u00e4 meinaa pikkuisen kumartua sinne parinsa puoleen. Tottakai siin\u00e4 on omat vaikeutensa, Haili analysoi.\u00a0<\/p>\n<p>Illan yksi suurista onnistujista oli my\u00f6s muusikko <a class=\"underline\" data-testid=\"internal-link\" role=\"link\" data-sentry-element=\"Link\" data-sentry-component=\"InternalLink\" data-sentry-source-file=\"InternalLink.tsx\" href=\"https:\/\/www.mtvuutiset.fi\/aihe\/mira-luoti\/3154470\" rel=\"nofollow noopener\" target=\"_blank\"><strong class=\"typography-bold\">Mira Luoti<\/strong><\/a><strong class=\"typography-bold\"> <\/strong>t\u00e4htiopettajansa <a class=\"underline\" data-testid=\"internal-link\" role=\"link\" data-sentry-element=\"Link\" data-sentry-component=\"InternalLink\" data-sentry-source-file=\"InternalLink.tsx\" href=\"https:\/\/www.mtvuutiset.fi\/aihe\/anssi-heikkila\/8482156\" rel=\"nofollow noopener\" target=\"_blank\"><strong class=\"typography-bold\">Anssi Heikkil\u00e4n<\/strong><\/a><strong class=\"typography-bold\"> <\/strong>kanssa.\u00a0<\/p>\n<p>\u2013 Heh\u00e4n yht\u00e4kki\u00e4 tulivat ja yll\u00e4ttiv\u00e4t. Oletin, ett\u00e4 Mira osaa tanssia, mutta he tekiv\u00e4t kunnon show&#8217;n. Se oli ihan kuin he olisivat monta vuotta tanssineet yhdess\u00e4, Lintunen kertasi.\u00a0<\/p>\n<p><strong class=\"typography-bold\">Katso analyysi yll\u00e4 olevalta videolta.\u00a0<\/strong><\/p>\n<p><strong class=\"typography-bold\">Tanssii T\u00e4htien Kanssa sunnuntaisin klo 19.30 <\/strong><a class=\"underline\" data-testid=\"external-link\" href=\"https:\/\/www.mtv.fi\/sarja\/tanssii-tahtien-kanssa-3608?utm_medium=internal&amp;utm_source=mtvuutiset\" rel=\"noopener noreferrer nofollow\" data-sentry-component=\"ExternalLink\" data-sentry-source-file=\"ExternalLink.tsx\" target=\"_blank\"><strong class=\"typography-bold\">MTV Katsomossa<\/strong><\/a><strong class=\"typography-bold\"> ja MTV3-kanavalla.<\/strong><strong class=\"typography-bold\">Tanssiraati <\/strong><a class=\"underline\" data-testid=\"external-link\" href=\"https:\/\/www.mtv.fi\/ohjelma\/7f26814afbc512b3338f\/huomenta-suomi\" rel=\"noopener noreferrer nofollow\" target=\"_blank\" data-sentry-component=\"ExternalLink\" data-sentry-source-file=\"ExternalLink.tsx\"><strong class=\"typography-bold\">Huomenta Suomessa<\/strong><\/a><strong class=\"typography-bold\"> maanantaiaamuisin kello 9.50.<\/strong><\/p>\n","protected":false},"excerpt":{"rendered":"Ensimm\u00e4inen suora Tanssii T\u00e4htien Kanssa -l\u00e4hetys oli Tanssiraadin silm\u00e4\u00e4n monipuolinen. Tanssii T\u00e4htien Kanssa -ohjelman suorat l\u00e4hetykset alkoivat sunnuntaina&hellip;\n","protected":false},"author":2,"featured_media":29000,"comment_status":"","ping_status":"","sticky":false,"template":"","format":"standard","meta":{"footnotes":""},"categories":[133],"tags":[137,33,31,30,32,206,156,109],"class_list":{"0":"post-28999","1":"post","2":"type-post","3":"status-publish","4":"format-standard","5":"has-post-thumbnail","7":"category-televisiot","8":"tag-entertainment","9":"tag-fi","10":"tag-finland","11":"tag-finnish","12":"tag-suomi","13":"tag-televisiot","14":"tag-tv","15":"tag-viihde"},"share_on_mastodon":{"url":"","error":""},"_links":{"self":[{"href":"https:\/\/www.europesays.com\/fi\/wp-json\/wp\/v2\/posts\/28999","targetHints":{"allow":["GET"]}}],"collection":[{"href":"https:\/\/www.europesays.com\/fi\/wp-json\/wp\/v2\/posts"}],"about":[{"href":"https:\/\/www.europesays.com\/fi\/wp-json\/wp\/v2\/types\/post"}],"author":[{"embeddable":true,"href":"https:\/\/www.europesays.com\/fi\/wp-json\/wp\/v2\/users\/2"}],"replies":[{"embeddable":true,"href":"https:\/\/www.europesays.com\/fi\/wp-json\/wp\/v2\/comments?post=28999"}],"version-history":[{"count":0,"href":"https:\/\/www.europesays.com\/fi\/wp-json\/wp\/v2\/posts\/28999\/revisions"}],"wp:featuredmedia":[{"embeddable":true,"href":"https:\/\/www.europesays.com\/fi\/wp-json\/wp\/v2\/media\/29000"}],"wp:attachment":[{"href":"https:\/\/www.europesays.com\/fi\/wp-json\/wp\/v2\/media?parent=28999"}],"wp:term":[{"taxonomy":"category","embeddable":true,"href":"https:\/\/www.europesays.com\/fi\/wp-json\/wp\/v2\/categories?post=28999"},{"taxonomy":"post_tag","embeddable":true,"href":"https:\/\/www.europesays.com\/fi\/wp-json\/wp\/v2\/tags?post=28999"}],"curies":[{"name":"wp","href":"https:\/\/api.w.org\/{rel}","templated":true}]}}